{"id":104807,"date":"2025-05-16T16:11:10","date_gmt":"2025-05-16T16:11:10","guid":{"rendered":"https:\/\/www.europesays.com\/fr\/104807\/"},"modified":"2025-05-16T16:11:10","modified_gmt":"2025-05-16T16:11:10","slug":"gieres-la-collective-gieroise-en-reunion-publique-sur-le-theme-des-solidarites-et-du-lien-social","status":"publish","type":"post","link":"https:\/\/www.europesays.com\/fr\/104807\/","title":{"rendered":"Gi\u00e8res. La collective Gi\u00e9roise en r\u00e9union publique sur le th\u00e8me des solidarit\u00e9s et du lien social"},"content":{"rendered":"<p>La collective Gi\u00e9roise, ce laboratoire d\u2019id\u00e9es pour Gi\u00e8res en vue de pr\u00e9parer les \u00e9lections municipales de 2026, qui compte dans ses rangs des \u00e9lus dont Lola Malvoisin, organise une r\u00e9union publique le mardi 20\u00a0mai \u00e0 partir de 18\u00a0h\u00a030 \u00e0 la Grange Michal.<\/p>\n<p>Le th\u00e8me de la soir\u00e9e\u00a0: solidarit\u00e9s et lien social \u00e0 Gi\u00e8res. La r\u00e9union, programm\u00e9e depuis des semaines avec distribution de flyers et r\u00e9servation de salle, se tient en m\u00eame temps que le conseil municipal dont la date de convocation a \u00e9t\u00e9 modifi\u00e9e il y a peu.<\/p>\n<p>Ce contenu est bloqu\u00e9 car vous n&rsquo;avez pas accept\u00e9 les cookies et autres traceurs.<\/p>\n<p>En cliquant sur \u00ab J\u2019accepte \u00bb, les cookies et autres traceurs seront d\u00e9pos\u00e9s et vous pourrez visualiser les contenus  (<a href=\"\" class=\"consentModule_policy\" target=\"_blank\" title=\"Consulter la politique de protection des donn\u00e9es du fournisseur\">plus d&rsquo;informations<\/a>).<\/p>\n<p>En cliquant sur \u00ab J\u2019accepte tous les cookies \u00bb, vous autorisez des d\u00e9p\u00f4ts de cookies et autres traceurs pour le stockage de vos donn\u00e9es sur nos sites et applications \u00e0 des fins de personnalisation et de ciblage publicitaire.<\/p>\n<p class=\"consentModule_secondaryText\">Vous gardez la possibilit\u00e9 de retirer votre consentement \u00e0 tout moment en consultant notre <a href=\"https:\/\/www.ledauphine.com\/protection-des-donnees\" target=\"_blank\" title=\"Consulter notre politique de protection des donn\u00e9es\" rel=\"noopener\">politique de protection des donn\u00e9es<\/a>. <br \/>&#13;<br \/>\n            <a href=\"https:\/\/www.ledauphine.com\/politique\/2025\/05\/16\/javascript:Didomi.notice.show()\" class=\"consentModule_cmp\" target=\"_blank\" rel=\"noopener\">G\u00e9rer mes choix<\/a>&#13;\n        <\/p>\n<p>&#13;<br \/>\n                        J&rsquo;accepte&#13;<br \/>\n            J&rsquo;accepte tous les cookies&#13;\n        <\/p>\n","protected":false},"excerpt":{"rendered":"La collective Gi\u00e9roise, ce laboratoire d\u2019id\u00e9es pour Gi\u00e8res en vue de pr\u00e9parer les \u00e9lections municipales de 2026, qui&hellip;\n","protected":false},"author":2,"featured_media":104808,"comment_status":"","ping_status":"","sticky":false,"template":"","format":"standard","meta":{"footnotes":""},"categories":[9566],"tags":[1111,11,2430,112,1777,674,1011,27,12505,2731,7000,12,316,25,104],"class_list":{"0":"post-104807","1":"post","2":"type-post","3":"status-publish","4":"format-standard","5":"has-post-thumbnail","7":"category-grenoble","8":"tag-actu","9":"tag-actualites","10":"tag-auvergne-rhone-alpes","11":"tag-edition-grenoble-agglomeration","12":"tag-eu","13":"tag-europe","14":"tag-fr","15":"tag-france","16":"tag-gieres","17":"tag-grenoble","18":"tag-lagglomeration","19":"tag-news","20":"tag-politique","21":"tag-republique-francaise","22":"tag-societe"},"share_on_mastodon":{"url":"https:\/\/pubeurope.com\/@fr\/114518391824494551","error":""},"_links":{"self":[{"href":"https:\/\/www.europesays.com\/fr\/wp-json\/wp\/v2\/posts\/104807","targetHints":{"allow":["GET"]}}],"collection":[{"href":"https:\/\/www.europesays.com\/fr\/wp-json\/wp\/v2\/posts"}],"about":[{"href":"https:\/\/www.europesays.com\/fr\/wp-json\/wp\/v2\/types\/post"}],"author":[{"embeddable":true,"href":"https:\/\/www.europesays.com\/fr\/wp-json\/wp\/v2\/users\/2"}],"replies":[{"embeddable":true,"href":"https:\/\/www.europesays.com\/fr\/wp-json\/wp\/v2\/comments?post=104807"}],"version-history":[{"count":0,"href":"https:\/\/www.europesays.com\/fr\/wp-json\/wp\/v2\/posts\/104807\/revisions"}],"wp:featuredmedia":[{"embeddable":true,"href":"https:\/\/www.europesays.com\/fr\/wp-json\/wp\/v2\/media\/104808"}],"wp:attachment":[{"href":"https:\/\/www.europesays.com\/fr\/wp-json\/wp\/v2\/media?parent=104807"}],"wp:term":[{"taxonomy":"category","embeddable":true,"href":"https:\/\/www.europesays.com\/fr\/wp-json\/wp\/v2\/categories?post=104807"},{"taxonomy":"post_tag","embeddable":true,"href":"https:\/\/www.europesays.com\/fr\/wp-json\/wp\/v2\/tags?post=104807"}],"curies":[{"name":"wp","href":"https:\/\/api.w.org\/{rel}","templated":true}]}}