{"id":104811,"date":"2025-05-16T16:13:08","date_gmt":"2025-05-16T16:13:08","guid":{"rendered":"https:\/\/www.europesays.com\/fr\/104811\/"},"modified":"2025-05-16T16:13:08","modified_gmt":"2025-05-16T16:13:08","slug":"accident-entre-deux-vehicules-sur-la-n12-plusieurs-kilometres-de-bouchons","status":"publish","type":"post","link":"https:\/\/www.europesays.com\/fr\/104811\/","title":{"rendered":"accident entre deux v\u00e9hicules sur la N12, plusieurs kilom\u00e8tres de bouchons"},"content":{"rendered":"<p>            Par<br \/>\n        <strong><br \/>\n            <a href=\"https:\/\/actu.fr\/auteur\/laurene-fertin\" title=\"Consulter tous les articles de Laur\u00e8ne Fertin\" target=\"_blank\" rel=\"noopener\">Laur\u00e8ne Fertin<\/a><br \/>\n        <\/strong><\/p>\n<p>        Publi\u00e9 le<\/p>\n<p>            16 mai 2025 \u00e0 17h52        <\/p>\n<p><strong>Ce vendredi 16 mai 2025<\/strong>, \u00e0 la veille du week-end,<strong> un accident<\/strong> a \u00e9t\u00e9 signal\u00e9 sur les routes pr\u00e8s de Rennes aux alentours de 17h10.<\/p>\n<p class=\" wall-content\">\u00c0 hauteur de <strong>Pac\u00e9<\/strong> (Ille-et-Vilaine), Bison Fut\u00e9 indique que <strong>deux v\u00e9hicules<\/strong> ont \u00e9t\u00e9 impliqu\u00e9s. La voie de gauche est concern\u00e9e sur la <strong>N12<\/strong> dans le sens est-ouest.<\/p>\n<p>4,2 km de bouchons<\/p>\n<p class=\" wall-content\"><strong>Une r\u00e9duction du nombre de voies<\/strong> a \u00e9t\u00e9 appliqu\u00e9 \u00e0 tous les v\u00e9hicules. <strong>4,2 km de bouchons<\/strong> ont \u00e9t\u00e9 recens\u00e9s.<\/p>\n<p class=\" wall-content\">Suivez toute l\u2019actualit\u00e9 de vos villes et m\u00e9dias favoris en vous inscrivant \u00e0 <a href=\"https:\/\/moncompte.actu.fr\" title=\"D\u00e9couvez Mon Actu\" rel=\"nofollow noopener\" data-trk=\"{&quot;cta&quot;:{&quot;action&quot;:&quot;https:\\\/\\\/moncompte.actu.fr&quot;,&quot;category&quot;:&quot;mon compte&quot;,&quot;from&quot;:&quot;article footer&quot;,&quot;name&quot;:&quot;Mon actu&quot;,&quot;type&quot;:&quot;cta&quot;}}\" target=\"_blank\">Mon Actu<\/a>.<\/p>\n","protected":false},"excerpt":{"rendered":"Par Laur\u00e8ne Fertin Publi\u00e9 le 16 mai 2025 \u00e0 17h52 Ce vendredi 16 mai 2025, \u00e0 la veille&hellip;\n","protected":false},"author":2,"featured_media":104812,"comment_status":"","ping_status":"","sticky":false,"template":"","format":"standard","meta":{"footnotes":""},"categories":[2821],"tags":[1111,11,829,3542,1777,674,118,1011,27,803,12,584,25,4797],"class_list":{"0":"post-104811","1":"post","2":"type-post","3":"status-publish","4":"format-standard","5":"has-post-thumbnail","7":"category-rennes","8":"tag-actu","9":"tag-actualites","10":"tag-bretagne","11":"tag-circulation","12":"tag-eu","13":"tag-europe","14":"tag-faits-divers","15":"tag-fr","16":"tag-france","17":"tag-info-trafic","18":"tag-news","19":"tag-rennes","20":"tag-republique-francaise","21":"tag-rocade"},"share_on_mastodon":{"url":"https:\/\/pubeurope.com\/@fr\/114518399628538670","error":""},"_links":{"self":[{"href":"https:\/\/www.europesays.com\/fr\/wp-json\/wp\/v2\/posts\/104811","targetHints":{"allow":["GET"]}}],"collection":[{"href":"https:\/\/www.europesays.com\/fr\/wp-json\/wp\/v2\/posts"}],"about":[{"href":"https:\/\/www.europesays.com\/fr\/wp-json\/wp\/v2\/types\/post"}],"author":[{"embeddable":true,"href":"https:\/\/www.europesays.com\/fr\/wp-json\/wp\/v2\/users\/2"}],"replies":[{"embeddable":true,"href":"https:\/\/www.europesays.com\/fr\/wp-json\/wp\/v2\/comments?post=104811"}],"version-history":[{"count":0,"href":"https:\/\/www.europesays.com\/fr\/wp-json\/wp\/v2\/posts\/104811\/revisions"}],"wp:featuredmedia":[{"embeddable":true,"href":"https:\/\/www.europesays.com\/fr\/wp-json\/wp\/v2\/media\/104812"}],"wp:attachment":[{"href":"https:\/\/www.europesays.com\/fr\/wp-json\/wp\/v2\/media?parent=104811"}],"wp:term":[{"taxonomy":"category","embeddable":true,"href":"https:\/\/www.europesays.com\/fr\/wp-json\/wp\/v2\/categories?post=104811"},{"taxonomy":"post_tag","embeddable":true,"href":"https:\/\/www.europesays.com\/fr\/wp-json\/wp\/v2\/tags?post=104811"}],"curies":[{"name":"wp","href":"https:\/\/api.w.org\/{rel}","templated":true}]}}