{"id":104815,"date":"2025-05-16T16:15:10","date_gmt":"2025-05-16T16:15:10","guid":{"rendered":"https:\/\/www.europesays.com\/fr\/104815\/"},"modified":"2025-05-16T16:15:10","modified_gmt":"2025-05-16T16:15:10","slug":"festival-une-famille-dinfluenceurs-strasbourgeois-sur-le-tapis-rouge-de-cannes","status":"publish","type":"post","link":"https:\/\/www.europesays.com\/fr\/104815\/","title":{"rendered":"Festival. Une famille d\u2019influenceurs strasbourgeois sur le tapis rouge de Cannes"},"content":{"rendered":"<p>La Strasbourgeoise Sophie Dorn est l\u2019une des influenceuses mode les plus suivies en Alsace depuis plus de dix ans. <a href=\"https:\/\/www.dna.fr\/edition-de-strasbourg\/2017\/12\/08\/mademoiselle-soph-maman-mannequin\" target=\"_blank\" rel=\"nofollow noopener\">Connue sous le pseudo mademoisellesoph<\/a> , la mannequin compte 214 000 followers sur Instagram et 1,2 million sur TikTok. L\u2019Alsacienne a transmis sa passion pour la mode et les r\u00e9seaux sociaux \u00e0 ses enfants puisque son fils, \u2060Hugo, et sa fille, Lola, ont pris le m\u00eame chemin.<\/p>\n<p>Hugo, qui cultive une image \u00ab mannequin et mode \u00bb, compte d\u00e9j\u00e0 16 900 suiveurs sur Insta et 156 000 sur TikTok. Tandis que Lola, qui se passionne pour le \u00ab lifestyle et la mode \u00bb sur les r\u00e9seaux, est suivie par une communaut\u00e9 de 115 000 followers sur Insta et plus de 532 000 sur TikTok.<\/p>\n<p>\u00c9v\u00e9nement exceptionnel, ce mercredi 14 mai, Sophie Dorn a \u00e9t\u00e9 invit\u00e9e sur le tapis rouge par des partenaires du Festival de Cannes avec ses deux enfants. Une mani\u00e8re de leur mettre le pied \u00e0 l\u2019\u00e9trier puisqu\u2019ils ont pu monter les marches du palais avec leur m\u00e8re.<\/p>\n","protected":false},"excerpt":{"rendered":"La Strasbourgeoise Sophie Dorn est l\u2019une des influenceuses mode les plus suivies en Alsace depuis plus de dix&hellip;\n","protected":false},"author":2,"featured_media":104816,"comment_status":"","ping_status":"","sticky":false,"template":"","format":"standard","meta":{"footnotes":""},"categories":[2820],"tags":[1111,11,2389,1687,2880,1777,674,107,1011,27,775,12,25,3140,640,2879],"class_list":{"0":"post-104815","1":"post","2":"type-post","3":"status-publish","4":"format-standard","5":"has-post-thumbnail","7":"category-strasbourg","8":"tag-actu","9":"tag-actualites","10":"tag-alsace","11":"tag-culture-loisirs","12":"tag-edition-strasbourg","13":"tag-eu","14":"tag-europe","15":"tag-fil-info","16":"tag-fr","17":"tag-france","18":"tag-grand-est","19":"tag-news","20":"tag-republique-francaise","21":"tag-spectacle","22":"tag-strasbourg","23":"tag-strasbourg-ville"},"share_on_mastodon":{"url":"https:\/\/pubeurope.com\/@fr\/114518407590092181","error":""},"_links":{"self":[{"href":"https:\/\/www.europesays.com\/fr\/wp-json\/wp\/v2\/posts\/104815","targetHints":{"allow":["GET"]}}],"collection":[{"href":"https:\/\/www.europesays.com\/fr\/wp-json\/wp\/v2\/posts"}],"about":[{"href":"https:\/\/www.europesays.com\/fr\/wp-json\/wp\/v2\/types\/post"}],"author":[{"embeddable":true,"href":"https:\/\/www.europesays.com\/fr\/wp-json\/wp\/v2\/users\/2"}],"replies":[{"embeddable":true,"href":"https:\/\/www.europesays.com\/fr\/wp-json\/wp\/v2\/comments?post=104815"}],"version-history":[{"count":0,"href":"https:\/\/www.europesays.com\/fr\/wp-json\/wp\/v2\/posts\/104815\/revisions"}],"wp:featuredmedia":[{"embeddable":true,"href":"https:\/\/www.europesays.com\/fr\/wp-json\/wp\/v2\/media\/104816"}],"wp:attachment":[{"href":"https:\/\/www.europesays.com\/fr\/wp-json\/wp\/v2\/media?parent=104815"}],"wp:term":[{"taxonomy":"category","embeddable":true,"href":"https:\/\/www.europesays.com\/fr\/wp-json\/wp\/v2\/categories?post=104815"},{"taxonomy":"post_tag","embeddable":true,"href":"https:\/\/www.europesays.com\/fr\/wp-json\/wp\/v2\/tags?post=104815"}],"curies":[{"name":"wp","href":"https:\/\/api.w.org\/{rel}","templated":true}]}}