{"id":104819,"date":"2025-05-16T16:17:08","date_gmt":"2025-05-16T16:17:08","guid":{"rendered":"https:\/\/www.europesays.com\/fr\/104819\/"},"modified":"2025-05-16T16:17:08","modified_gmt":"2025-05-16T16:17:08","slug":"nice-dans-ce-restaurant-cest-le-client-qui-decide-du-prix-a-payer-un-peu-deroutant","status":"publish","type":"post","link":"https:\/\/www.europesays.com\/fr\/104819\/","title":{"rendered":"Nice. Dans ce restaurant, c&rsquo;est le client qui d\u00e9cide du prix \u00e0 payer : \u00ab\u00a0Un peu d\u00e9routant\u00a0\u00bb"},"content":{"rendered":"<p>            Par<br \/>\n        <strong><br \/>\n            <a href=\"https:\/\/actu.fr\/auteur\/ugo-maillard\" title=\"Consulter tous les articles de Ugo Maillard\" rel=\"nofollow noopener\" target=\"_blank\">Ugo Maillard<\/a><br \/>\n        <\/strong><\/p>\n<p>        Publi\u00e9 le<\/p>\n<p>            16 mai 2025 \u00e0 17h09        <\/p>\n<p>Ici, le lever de bras pour obtenir la note ne sera qu\u2019une perte de temps. Le restaurant <strong>Cocorico, <\/strong>situ\u00e9 \u00e0 quelques encablures de l\u2019avenue Jean-M\u00e9decin de <a href=\"https:\/\/actu.fr\/nice\/\" rel=\"nofollow noopener\" target=\"_blank\">Nice,<\/a> adopte une nouvelle m\u00e9thode pour encaisser ses clients.<\/p>\n<p>    <a href=\"https:\/\/www.google.com\/maps\/embed?pb=!1m18!1m12!1m3!1d5768.2589709437225!2d7.263069811476294!3d43.70785807097908!2m3!1f0!2f0!3f0!3m2!1i1024!2i768!4f13.1!3m3!1m2!1s0x12cddb25289504b3%3A0x8f9c948073d98ad8!2scocorico!5e0!3m2!1sfr!2sfr!4v1747401870793!5m2!1sfr!2sfr\" title=\"Ouvrie le lien\" rel=\"nofollow noopener\" target=\"_blank\">Cliquez ici pour visualiser le contenu<\/a><\/p>\n<p class=\" wall-content\">\u00ab\u2009C\u2019est \u00e0 eux de choisir le prix de leur repas\u2009\u00bb, explique Georges le propri\u00e9taire du restaurant. Une initiative originale pour mettre en valeur l\u2019adresse ouverte depuis juin\u00a02024 par deux cousins originaires de la r\u00e9gion parisienne.<\/p>\n<p>\u00ab\u2009Un peu d\u00e9routant\u2009\u00bb<\/p>\n<p class=\" wall-content\">Ils sont deux \u00e0 g\u00e9rer la cuisine et le service. George et son cousin, \u00e2g\u00e9s d\u2019une quarantaine d\u2019ann\u00e9es, se sont lanc\u00e9 un pari, ouvrir un restaurant qui m\u00eale gastronomie et sandwicherie.<\/p>\n<p class=\" wall-content\">\u00ab\u2009Tous nos plats sont faits maison. Que ce soit nos pains, nos sauces ou encore nos frites\u2009\u00bb, expliquent le restaurateur.<\/p>\n<p>Vid\u00e9os : en ce moment sur Actu<\/p>\n<p class=\" wall-content\"><a href=\"https:\/\/www.instagram.com\/p\/DCd9JzDobwg\/embed\" title=\"Ouvrir le lien sur Instagram\" rel=\"nofollow noopener\" target=\"_blank\">Visualiser le contenu sur Instagram<\/a><\/p>\n<p class=\" wall-content\">Les clients de Cocorico peuvent d\u00e9guster, des burgers, des brochettes, des salades ou encore une burrata et ses tomates.<\/p>\n<p class=\" wall-content\">Ouvert du lundi au samedi et de 11\u2009h\u200930 \u00e0 23h en continu, l\u2019\u00e9tablissement dispose d\u2019une vingtaine de tables et d\u2019une jolie terrasse.<\/p>\n<p>\u00ab\u2009Un peu d\u00e9routant\u2009\u00bb<\/p>\n<p class=\" wall-content\">\u00ab\u2009On avait envie de se diff\u00e9rencier\u2009\u00bb, se confie Georges. Depuis deux mois, Cocorico propose \u00e0 ses clients de payer le montant qu\u2019ils souhaitent. Rien que \u00e7a.<\/p>\n<p class=\" wall-content\">Suite \u00e0 des commentaires de client, les deux restaurateurs comprennent que les prix affich\u00e9s sont en de\u00e7\u00e0 de la qualit\u00e9 propos\u00e9e. Ils d\u00e9cident alors d\u2019instaurer le prix libre.<\/p>\n<p class=\" wall-content\">\u00ab\u2009C\u2019est un peu d\u00e9routant, pour nous et les clients, sourit Georges qui ne regrette pas son choix. Les clients sont bienveillants et payent entre 10 et 50\u00a0euros. \u00c7a nous convient.\u2009\u00bb<\/p>\n<p class=\" wall-content\">Avec la note <strong>9,8\/10 sur The Fork<\/strong>, la recette des deux cousins a su conqu\u00e9rir les Ni\u00e7ois. De quoi donner des id\u00e9es d\u2019ouvrir d\u2019autres restaurants en France.<\/p>\n<p class=\" wall-content\">Suivez toute l\u2019actualit\u00e9 de vos villes et m\u00e9dias favoris en vous inscrivant \u00e0 <a href=\"https:\/\/moncompte.actu.fr\" title=\"D\u00e9couvez Mon Actu\" rel=\"nofollow noopener\" data-trk=\"{&quot;cta&quot;:{&quot;action&quot;:&quot;https:\\\/\\\/moncompte.actu.fr&quot;,&quot;category&quot;:&quot;mon compte&quot;,&quot;from&quot;:&quot;article footer&quot;,&quot;name&quot;:&quot;Mon actu&quot;,&quot;type&quot;:&quot;cta&quot;}}\" target=\"_blank\">Mon Actu<\/a>.<\/p>\n<p>                    <script async src=\"\/\/www.instagram.com\/embed.js\"><\/script><\/p>\n","protected":false},"excerpt":{"rendered":"Par Ugo Maillard Publi\u00e9 le 16 mai 2025 \u00e0 17h09 Ici, le lever de bras pour obtenir la&hellip;\n","protected":false},"author":2,"featured_media":104820,"comment_status":"","ping_status":"","sticky":false,"template":"","format":"standard","meta":{"footnotes":""},"categories":[2819],"tags":[1111,11,1777,674,1011,27,1305,12,2401,882,25,1340],"class_list":{"0":"post-104819","1":"post","2":"type-post","3":"status-publish","4":"format-standard","5":"has-post-thumbnail","7":"category-nice","8":"tag-actu","9":"tag-actualites","10":"tag-eu","11":"tag-europe","12":"tag-fr","13":"tag-france","14":"tag-lifestyle","15":"tag-news","16":"tag-nice","17":"tag-provence-alpes-cote-dazur","18":"tag-republique-francaise","19":"tag-restaurant"},"share_on_mastodon":{"url":"https:\/\/pubeurope.com\/@fr\/114518415549253820","error":""},"_links":{"self":[{"href":"https:\/\/www.europesays.com\/fr\/wp-json\/wp\/v2\/posts\/104819","targetHints":{"allow":["GET"]}}],"collection":[{"href":"https:\/\/www.europesays.com\/fr\/wp-json\/wp\/v2\/posts"}],"about":[{"href":"https:\/\/www.europesays.com\/fr\/wp-json\/wp\/v2\/types\/post"}],"author":[{"embeddable":true,"href":"https:\/\/www.europesays.com\/fr\/wp-json\/wp\/v2\/users\/2"}],"replies":[{"embeddable":true,"href":"https:\/\/www.europesays.com\/fr\/wp-json\/wp\/v2\/comments?post=104819"}],"version-history":[{"count":0,"href":"https:\/\/www.europesays.com\/fr\/wp-json\/wp\/v2\/posts\/104819\/revisions"}],"wp:featuredmedia":[{"embeddable":true,"href":"https:\/\/www.europesays.com\/fr\/wp-json\/wp\/v2\/media\/104820"}],"wp:attachment":[{"href":"https:\/\/www.europesays.com\/fr\/wp-json\/wp\/v2\/media?parent=104819"}],"wp:term":[{"taxonomy":"category","embeddable":true,"href":"https:\/\/www.europesays.com\/fr\/wp-json\/wp\/v2\/categories?post=104819"},{"taxonomy":"post_tag","embeddable":true,"href":"https:\/\/www.europesays.com\/fr\/wp-json\/wp\/v2\/tags?post=104819"}],"curies":[{"name":"wp","href":"https:\/\/api.w.org\/{rel}","templated":true}]}}