{"id":104821,"date":"2025-05-16T16:18:12","date_gmt":"2025-05-16T16:18:12","guid":{"rendered":"https:\/\/www.europesays.com\/fr\/104821\/"},"modified":"2025-05-16T16:18:12","modified_gmt":"2025-05-16T16:18:12","slug":"ca-fait-peur-aux-cyclistes","status":"publish","type":"post","link":"https:\/\/www.europesays.com\/fr\/104821\/","title":{"rendered":"Ca fait peur aux cyclistes"},"content":{"rendered":"<p>            Par<br \/>\n        <strong><br \/>\n            <a href=\"https:\/\/actu.fr\/auteur\/ugo-maillard\" title=\"Consulter tous les articles de Ugo Maillard\" target=\"_blank\" rel=\"noopener\">Ugo Maillard<\/a><br \/>\n        <\/strong><\/p>\n<p>        Publi\u00e9 le<\/p>\n<p>            16 mai 2025 \u00e0 18h05        <\/p>\n<p>Le 3\u00a0mars 2025, la M\u00e9tropole de Nice a entam\u00e9 des travaux sur le boulevard de Riquier de Nice pour, notamment, am\u00e9liorer la qualit\u00e9 des trottoirs et la s\u00e9curit\u00e9 des pi\u00e9tons.<\/p>\n<p>    <a href=\"https:\/\/www.google.com\/maps\/embed?pb=!1m18!1m12!1m3!1d4850.841100090803!2d7.285935783697155!3d43.70374522781385!2m3!1f0!2f0!3f0!3m2!1i1024!2i768!4f13.1!3m3!1m2!1s0x12cddac866b735b1%3A0x4d09f46c27fd280f!2sBd%20de%20Riquier%2C%2006300%20Nice!5e0!3m2!1sfr!2sfr!4v1747383579498!5m2!1sfr!2sfr\" title=\"Ouvrie le lien\" target=\"_blank\" rel=\"noopener\">Cliquez ici pour visualiser le contenu<\/a><\/p>\n<p class=\" wall-content\">M\u00e9contents du projet, les b\u00e9n\u00e9voles de <strong>Nice \u00e0 v\u00e9lo<\/strong> ont d\u00e9pos\u00e9 un recours gracieux. L\u2019association souhaite que les travaux permettent la cr\u00e9ation d\u2019une piste cyclable sur l\u2019axe routier.<\/p>\n<p class=\" wall-content\">Tony, b\u00e9n\u00e9vole, justifie cette demande aupr\u00e8s d\u2019<a href=\"https:\/\/actu.fr\/nice\/\" target=\"_blank\" rel=\"noopener\">actu Nice<\/a>.<\/p>\n<p>Les v\u00e9los autoris\u00e9s mais \u00ab\u2009en danger\u2009\u00bb<\/p>\n<p class=\" wall-content\">Actuellement et au terme des am\u00e9nagements, les cyclistes ni\u00e7ois <strong>peuvent circuler sur la voie de bus<\/strong> qui traverse le boulevard de Riquier.<\/p>\n<p>Vid\u00e9os : en ce moment sur Actu<\/p>\n<p class=\" wall-content\">Une solution qui n\u2019est pas satisfaisante pour Tony. \u00ab\u2009Peu de cycliste passe par cet axe parce que \u00e7a fait peur\u2009\u00bb, explique le b\u00e9n\u00e9vole de Nice \u00e0 V\u00e9lo.<\/p>\n<blockquote class=\"ac-article-quote wall-content\">\n<p>Cette soi-disant \u00ab requalification \u00bb n\u2019est en l\u2019\u00e9tat pas acceptable. Elle maintient les deux voies de circulation automobile et se contente de conc\u00e9der aux cyclistes le droit de disputer aux bus le couloir qui leur est r\u00e9serv\u00e9.<\/p>\n<p>    <strong>Collectif Nice \u00e0 V\u00e9lo<\/strong>\n            <\/p><\/blockquote>\n<p class=\" wall-content\">L\u2019association demande que le <strong>boulevard soit partag\u00e9<\/strong> entre modes de d\u00e9placement, une voie de bus, une voie de voiture et une piste cyclable.<\/p>\n<p>    <img   decoding=\"async\" loading=\"lazy\" src=\"https:\/\/www.europesays.com\/fr\/wp-content\/uploads\/2025\/05\/visuel-riquier-nice-960x640.png\" alt=\"Voici \u00e0 quoi pourrait ressembler le boulevard de Riquier selon les souhaits de Nice \u00e0 V\u00e9lo.\" width=\"960\" height=\"640\"\/><br \/>\n    Voici \u00e0 quoi pourrait ressembler le boulevard de Riquier selon les souhaits de Nice \u00e0 V\u00e9lo. (\u00a9Nice \u00e0 v\u00e9lo)Un nombre de pistes cyclable insuffisant\u2009?<\/p>\n<p class=\" wall-content\">La cr\u00e9ation d\u2019une piste cyclable sur le boulevard de Riquier n\u2019est pas anodine. L\u2019association d\u00e9nonce des quartiers d\u00e9laiss\u00e9s en termes d\u2019am\u00e9nagements pour les v\u00e9los.<\/p>\n<p class=\" wall-content\">\u00ab\u2009Sur Riquier, il n\u2019y a aucune piste cyclable comme sur le port ou \u00e0 Saint-Roch. Le maillage n\u2019est pas complet.\u2009\u00bb<\/p>\n<p class=\" wall-content\">Malgr\u00e9 tout, Tony conc\u00e8de que \u00ab\u2009la ville a fait des efforts en centre-ville\u2009\u00bb avec la cr\u00e9ation de nombreuses pistes cyclables.<\/p>\n<p>Le projet municipal en quatre points<\/p>\n<p class=\" wall-content\">Les travaux sur le boulevard Riquier ont d\u00e9but\u00e9 en mars\u00a02025 et doivent durer deux mois et demi. L\u2019objectif de la mairie est contenu en quatre points.<\/p>\n<ul class=\" wall-content\">\n<li>Apaiser la circulation\u00a0avec la mise en place de plateaux traversant aux intersections et d\u2019une limitation de vitesse \u00e0 30\u00a0km\/h,<\/li>\n<li>Renforcer la s\u00e9curit\u00e9 des pi\u00e9tons en r\u00e9am\u00e9nageant les passages pi\u00e9tons, avec plus de visibilit\u00e9 et des avanc\u00e9es de trottoirs,<\/li>\n<li>V\u00e9g\u00e9taliser les trottoirs et r\u00e9cup\u00e9rer les eaux de ruissellement\u00a0afin de cr\u00e9er une ville plus agr\u00e9able et plus perm\u00e9able,<\/li>\n<li>R\u00e9nover et embellir le boulevard\u00a0avec la r\u00e9fection de tous les trottoirs avec des mat\u00e9riaux qualitatifs et le remplacement du mobilier urbain.<\/li>\n<\/ul>\n<p class=\" wall-content\">Une premi\u00e8re phase de travaux qui concerne le secteur entre la place Max Barel et la rue Scaliero.<\/p>\n<p class=\" wall-content\">Face aux recours gracieux de Nice \u00e0 V\u00e9lo, la M\u00e9tropole a jusqu\u2019au 20\u00a0juin pour apporter une r\u00e9ponse. Si ce n\u2019est pas le cas, l\u2019association se tournera vers le tribunal administratif.<\/p>\n<p class=\" wall-content\">Suivez toute l\u2019actualit\u00e9 de vos villes et m\u00e9dias favoris en vous inscrivant \u00e0 <a href=\"https:\/\/moncompte.actu.fr\" title=\"D\u00e9couvez Mon Actu\" rel=\"nofollow noopener\" data-trk=\"{&quot;cta&quot;:{&quot;action&quot;:&quot;https:\\\/\\\/moncompte.actu.fr&quot;,&quot;category&quot;:&quot;mon compte&quot;,&quot;from&quot;:&quot;article footer&quot;,&quot;name&quot;:&quot;Mon actu&quot;,&quot;type&quot;:&quot;cta&quot;}}\" target=\"_blank\">Mon Actu<\/a>.<\/p>\n","protected":false},"excerpt":{"rendered":"Par Ugo Maillard Publi\u00e9 le 16 mai 2025 \u00e0 18h05 Le 3\u00a0mars 2025, la M\u00e9tropole de Nice a&hellip;\n","protected":false},"author":2,"featured_media":104822,"comment_status":"","ping_status":"","sticky":false,"template":"","format":"standard","meta":{"footnotes":""},"categories":[2819],"tags":[1111,11,3542,1777,674,1011,27,12,2401,4798,882,25,104,208],"class_list":{"0":"post-104821","1":"post","2":"type-post","3":"status-publish","4":"format-standard","5":"has-post-thumbnail","7":"category-nice","8":"tag-actu","9":"tag-actualites","10":"tag-circulation","11":"tag-eu","12":"tag-europe","13":"tag-fr","14":"tag-france","15":"tag-news","16":"tag-nice","17":"tag-pistes-cyclables","18":"tag-provence-alpes-cote-dazur","19":"tag-republique-francaise","20":"tag-societe","21":"tag-velo"},"share_on_mastodon":{"url":"https:\/\/pubeurope.com\/@fr\/114518419450763614","error":""},"_links":{"self":[{"href":"https:\/\/www.europesays.com\/fr\/wp-json\/wp\/v2\/posts\/104821","targetHints":{"allow":["GET"]}}],"collection":[{"href":"https:\/\/www.europesays.com\/fr\/wp-json\/wp\/v2\/posts"}],"about":[{"href":"https:\/\/www.europesays.com\/fr\/wp-json\/wp\/v2\/types\/post"}],"author":[{"embeddable":true,"href":"https:\/\/www.europesays.com\/fr\/wp-json\/wp\/v2\/users\/2"}],"replies":[{"embeddable":true,"href":"https:\/\/www.europesays.com\/fr\/wp-json\/wp\/v2\/comments?post=104821"}],"version-history":[{"count":0,"href":"https:\/\/www.europesays.com\/fr\/wp-json\/wp\/v2\/posts\/104821\/revisions"}],"wp:featuredmedia":[{"embeddable":true,"href":"https:\/\/www.europesays.com\/fr\/wp-json\/wp\/v2\/media\/104822"}],"wp:attachment":[{"href":"https:\/\/www.europesays.com\/fr\/wp-json\/wp\/v2\/media?parent=104821"}],"wp:term":[{"taxonomy":"category","embeddable":true,"href":"https:\/\/www.europesays.com\/fr\/wp-json\/wp\/v2\/categories?post=104821"},{"taxonomy":"post_tag","embeddable":true,"href":"https:\/\/www.europesays.com\/fr\/wp-json\/wp\/v2\/tags?post=104821"}],"curies":[{"name":"wp","href":"https:\/\/api.w.org\/{rel}","templated":true}]}}