{"id":104823,"date":"2025-05-16T16:19:34","date_gmt":"2025-05-16T16:19:34","guid":{"rendered":"https:\/\/www.europesays.com\/fr\/104823\/"},"modified":"2025-05-16T16:19:34","modified_gmt":"2025-05-16T16:19:34","slug":"des-milliers-de-fraises-au-menu-de-cette-fete-emblematique-pres-de-nantes","status":"publish","type":"post","link":"https:\/\/www.europesays.com\/fr\/104823\/","title":{"rendered":"Des milliers de fraises au menu de cette f\u00eate embl\u00e9matique pr\u00e8s de Nantes"},"content":{"rendered":"<p>            Par<br \/>\n        <strong><br \/>\n            <a href=\"https:\/\/actu.fr\/auteur\/vincent-malboeuf\" title=\"Consulter tous les articles de Vincent Malb\u0153uf\" target=\"_blank\" rel=\"noopener\">Vincent Malb\u0153uf<\/a><br \/>\n        <\/strong><\/p>\n<p>        Publi\u00e9 le<\/p>\n<p>            16 mai 2025 \u00e0 12h22        <\/p>\n<p>Des fraises par centaines, par milliers m\u00eame et sous toutes leurs formes. Le <b>fruit rouge pr\u00e9f\u00e9r\u00e9 <\/b>des petits et des grands sera la star une nouvelle fois du week-end \u00e0 <a href=\"https:\/\/actu.fr\/pays-de-la-loire\/saint-julien-de-concelles_44169\" target=\"_blank\" rel=\"noopener\">Saint-Julien-de-Concelles <\/a>(pr\u00e8s de Nantes).<\/p>\n<p class=\" wall-content\">Les parents d\u2019\u00e9l\u00e8ves de <a href=\"https:\/\/www.ecolegabrieldeshayes.fr\/\" target=\"_blank\" rel=\"noopener\">l\u2019\u00e9cole Gabriel-Deshayes<\/a> organisent la 51e \u00e9dition de la f\u00eate des fraises. La machine est rod\u00e9e et la formule ne change pas hormis les animations.<\/p>\n<p>Vente de tartelettes et barquettes tout le week-end<\/p>\n<p class=\" wall-content\">Cela commencera samedi 17 mai par la vente de tartelettes et de barquettes sur le march\u00e9 de la commune, suivie d\u2019une seconde le lendemain matin sur le parking du Carrefour Market, un des partenaires de l\u2019\u00e9v\u00e9nement.<\/p>\n<p class=\" wall-content\">\u00ab La plus grosse f\u00eate de l\u2019\u00e9cole de l\u2019ann\u00e9e \u00bb se tiendra au <b>plan d\u2019eau du Ch\u00eane <\/b>dimanche 18\u00a0mai, avec le traditionnel repas champ\u00eatre sous chapiteau d\u00e8s midi.<\/p>\n<p class=\" wall-content\">A partir de 14 h, de nombreuses animations seront propos\u00e9es pour amuser petits et grands : Rolimax, le funambule, donnera un spectacle gratuit autour de l\u2019\u00e9quilibre. Structures gonflables, p\u00eache \u00e0 la ligne, stand maquillage, balades \u00e0 poney\u2026 il n\u2019y aura pas de quoi s\u2019ennuyer au bord du lac.<\/p>\n<p>Vid\u00e9os : en ce moment sur Actu<br \/>\n    <img   decoding=\"async\" loading=\"lazy\" class=\"size-large\" src=\"https:\/\/www.europesays.com\/fr\/wp-content\/uploads\/2025\/05\/4c055f17cd18670155f17cd1874155v-960x640.jpg\" alt=\"f\u00eate des fraises - Saint-Julien-de-Concelles\" width=\"960\" height=\"640\"\/><br \/>\n    La f\u00eate des fraises fait d\u00e9placer les foules au plan d\u2019eau du Ch\u00eane \u00e0 Saint-Julien-de-Concelles (pr\u00e8s de Nantes). \u00a9F\u00eate des fraises\u00a0Une centaine de parents mobilis\u00e9s\u00a0<\/p>\n<p class=\" wall-content\">L\u2019\u00e9v\u00e9nement <b>mobilise une centaine de parents<\/b>.<\/p>\n<p class=\" wall-content\">Pour certains, cela fait 8 mois qu\u2019ils pr\u00e9parent cette f\u00eate entre la recherche de prestataires, la commande des centaines de kg de fraises <b>aupr\u00e8s des trois producteurs locaux<\/b> (Guillaume Placier de la ferme de la Chebuette, la Fraiseraie et Micka\u00ebl Chancerelle), la commande des repas (350 en 2024), la pr\u00e9paration des litres de p\u00e2tes \u00e0 cr\u00eapes (22 en 2024), la confection des lots de la tombola, l\u2019emballage des lots de p\u00eache \u00e0 la ligne, la pose d\u2019affiches sur les ronds-points\u2026<\/p>\n<p class=\" wall-content\">La liste est longue. Mais \u00e7a vaut le coup.<\/p>\n<p>1 200<\/p>\n<p>L&rsquo;an pass\u00e9, 1 200 kg de fraises avaient \u00e9t\u00e9 utilis\u00e9s \u00e0 l&rsquo;occasion de la f\u00eate. Autre chiffre marquant, les 1 300 tartelettes de fraises vendues en 2024. Record \u00e0 battre. La f\u00eate fait venir chaque ann\u00e9e entre 3 000 et 4 000 visiteurs.<\/p>\n<p>Des b\u00e9n\u00e9fices fructueux<\/p>\n<p class=\" wall-content\">Car les b\u00e9n\u00e9fices sont revers\u00e9s pour des actions, des travaux ou achats de mat\u00e9riel am\u00e9liorant le quotidien des 300 enfants et enseignants de l\u2019\u00e9cole priv\u00e9e de Saint-Julien.En 2024, par exemple, l\u2019argent r\u00e9colt\u00e9 de la f\u00eate des fraises a permis de<b> changer les luminaires de classe en LED<\/b>, de remplacer un tableau, de mettre en place un nouveau vid\u00e9o-projecteur et de renouveler le parc informatique.<\/p>\n<p>F\u00eate des fraises au plan d\u2019eau du Ch\u00eane dimanche 18\u00a0mai. Renseignements et r\u00e9servations via la page Facebook de l\u2019\u00e9v\u00e9nement, ou par mail : <a href=\"https:\/\/actu.fr\/cdn-cgi\/l\/email-protection\" class=\"__cf_email__\" data-cfemail=\"e4828190818081978296858d978197a48b96858a8381ca8296\" target=\"_blank\" rel=\"noopener\">[email\u00a0protected]<\/a> ou par t\u00e9l\u00e9phone au 06 26 33 22 11.<\/p>\n<p class=\" wall-content\">Suivez toute l\u2019actualit\u00e9 de vos villes et m\u00e9dias favoris en vous inscrivant \u00e0 <a href=\"https:\/\/moncompte.actu.fr\" title=\"D\u00e9couvez Mon Actu\" rel=\"nofollow noopener\" data-trk=\"{&quot;cta&quot;:{&quot;action&quot;:&quot;https:\\\/\\\/moncompte.actu.fr&quot;,&quot;category&quot;:&quot;mon compte&quot;,&quot;from&quot;:&quot;article footer&quot;,&quot;name&quot;:&quot;Mon actu&quot;,&quot;type&quot;:&quot;cta&quot;}}\" target=\"_blank\">Mon Actu<\/a>.<\/p>\n","protected":false},"excerpt":{"rendered":"Par Vincent Malb\u0153uf Publi\u00e9 le 16 mai 2025 \u00e0 12h22 Des fraises par centaines, par milliers m\u00eame et&hellip;\n","protected":false},"author":2,"featured_media":104824,"comment_status":"","ping_status":"","sticky":false,"template":"","format":"standard","meta":{"footnotes":""},"categories":[2818],"tags":[1111,11,1777,674,1011,27,766,12,2636,25,104,2900],"class_list":{"0":"post-104823","1":"post","2":"type-post","3":"status-publish","4":"format-standard","5":"has-post-thumbnail","7":"category-nantes","8":"tag-actu","9":"tag-actualites","10":"tag-eu","11":"tag-europe","12":"tag-fr","13":"tag-france","14":"tag-nantes","15":"tag-news","16":"tag-pays-de-la-loire","17":"tag-republique-francaise","18":"tag-societe","19":"tag-vignoble-nantais"},"share_on_mastodon":{"url":"https:\/\/pubeurope.com\/@fr\/114518423250471409","error":""},"_links":{"self":[{"href":"https:\/\/www.europesays.com\/fr\/wp-json\/wp\/v2\/posts\/104823","targetHints":{"allow":["GET"]}}],"collection":[{"href":"https:\/\/www.europesays.com\/fr\/wp-json\/wp\/v2\/posts"}],"about":[{"href":"https:\/\/www.europesays.com\/fr\/wp-json\/wp\/v2\/types\/post"}],"author":[{"embeddable":true,"href":"https:\/\/www.europesays.com\/fr\/wp-json\/wp\/v2\/users\/2"}],"replies":[{"embeddable":true,"href":"https:\/\/www.europesays.com\/fr\/wp-json\/wp\/v2\/comments?post=104823"}],"version-history":[{"count":0,"href":"https:\/\/www.europesays.com\/fr\/wp-json\/wp\/v2\/posts\/104823\/revisions"}],"wp:featuredmedia":[{"embeddable":true,"href":"https:\/\/www.europesays.com\/fr\/wp-json\/wp\/v2\/media\/104824"}],"wp:attachment":[{"href":"https:\/\/www.europesays.com\/fr\/wp-json\/wp\/v2\/media?parent=104823"}],"wp:term":[{"taxonomy":"category","embeddable":true,"href":"https:\/\/www.europesays.com\/fr\/wp-json\/wp\/v2\/categories?post=104823"},{"taxonomy":"post_tag","embeddable":true,"href":"https:\/\/www.europesays.com\/fr\/wp-json\/wp\/v2\/tags?post=104823"}],"curies":[{"name":"wp","href":"https:\/\/api.w.org\/{rel}","templated":true}]}}