{"id":104825,"date":"2025-05-16T16:20:13","date_gmt":"2025-05-16T16:20:13","guid":{"rendered":"https:\/\/www.europesays.com\/fr\/104825\/"},"modified":"2025-05-16T16:20:13","modified_gmt":"2025-05-16T16:20:13","slug":"nantes-un-policier-mis-en-examen-et-ecroue-pour-viol-et-agression-sexuelle-sur-un-garcon-de-8-ans","status":"publish","type":"post","link":"https:\/\/www.europesays.com\/fr\/104825\/","title":{"rendered":"Nantes : un policier mis en examen et \u00e9crou\u00e9 pour \u00ab\u00a0viol\u00a0\u00bb et \u00ab\u00a0agression sexuelle\u00a0\u00bb sur un gar\u00e7on de 8 ans"},"content":{"rendered":"<p>Un policier \u00e2g\u00e9 de 45 ans a \u00e9t\u00e9 mis en examen d\u00e9but mai pour \u00ab\u00a0viol\u00a0\u00bb sur un enfant de 8 ans.Le fonctionnaire a agi dans le cadre priv\u00e9 et a reconnu les faits en garde \u00e0 vue.Il a \u00e9t\u00e9 plac\u00e9 en d\u00e9tention provisoire dans l&rsquo;attente de son proc\u00e8s.<\/p>\n<p data-module=\"article-paragraph\" class=\"jsx-362436225 Paragraph\">L&rsquo;affaire a \u00e9t\u00e9 r\u00e9v\u00e9l\u00e9e il y a quelques jours par la presse quotidienne r\u00e9gionale, mais le procureur de la R\u00e9publique de Rennes, Fr\u00e9d\u00e9ric Teillet, ne l&rsquo;a confirm\u00e9e que jeudi soir. Samedi 3 mai, un policier \u00e2g\u00e9 de 45 ans qui travaillait \u00e0 Nantes (Loire-Atlantique) a \u00e9t\u00e9 mis en examen pour \u00a0\u00ab\u00a0viol sur mineur de moins de 15 ans\u00a0\u00bb et \u00ab\u00a0agression sexuelle sur mineur de moins de 15 ans\u00a0\u00bb, a ainsi fait savoir le magistrat dans un communiqu\u00e9, confirmant l&rsquo;information parue 48 heures plus t\u00f4t dans le quotidien<a href=\"https:\/\/www.ouest-france.fr\/societe\/faits-divers\/un-policier-de-nantes-mis-en-examen-pour-viol-et-agression-sexuelle-sur-un-garcon-de-8-ans-1846713e-3002-11f0-a780-38f15a8a5638\" target=\"_blank\" rel=\"nofollow noopener\"> Ouest-France. (nouvelle fen\u00eatre)<\/a><\/p>\n<p data-module=\"article-paragraph\" class=\"jsx-362436225 Paragraph Paragraph__End\">\u00ab\u00a0Les faits, commis dans un cadre priv\u00e9, concernent effectivement un mineur \u00e2g\u00e9 de 8 ans lors des faits\u00a0\u00bb, pr\u00e9cise-t-il sans en dire davantage sur les liens entre le suspect et la tr\u00e8s jeune victime. Selon le journal, le policier aurait commis des actes de nature sexuelle \u00ab\u00a0sur un copain de son fils\u00a0\u00bb, dont il a seul la garde.\u00a0<\/p>\n<p>\u00c9crou\u00e9 \u00e0 l&rsquo;issue de sa garde \u00e0 vue<\/p>\n<p data-module=\"article-paragraph\" class=\"jsx-362436225 Paragraph\">La proc\u00e9dure avait \u00e9t\u00e9 initi\u00e9e sous l\u2019autorit\u00e9 du parquet de Nantes. Elle a \u00e9t\u00e9 d\u00e9pays\u00e9e au parquet de Rennes, du fait de la qualit\u00e9 de fonctionnaire de police du mis en cause qui exer\u00e7ait sur la circonscription de Nantes.\u00a0<\/p>\n<p data-module=\"article-paragraph\" class=\"jsx-362436225 Paragraph\">Selon nos confr\u00e8res, le fonctionnaire qui \u00e9tait affect\u00e9 dans le Val-de-Marne par le pass\u00e9 \u00e9tait arriv\u00e9 \u00e0 Nantes il y a trois ans. \u00ab\u00a0Il avait \u00e9t\u00e9 affect\u00e9 au groupe des &lsquo;violences aux personnes&rsquo; il y a six mois\u00a0\u00bb, selon les informations du journal qui cite une source proche de l&rsquo;enqu\u00eate, d\u00e9clarant que le mis en cause \u00ab\u00a0avait \u00e9t\u00e9 sanctionn\u00e9 et sorti de la brigade de protection de la famille qu\u2019il avait int\u00e9gr\u00e9e \u00e0 son arriv\u00e9e \u00e0 Nantes, apr\u00e8s avoir eu les mains baladeuses avec une de ses coll\u00e8gues, lors d\u2019une soir\u00e9e\u00a0\u00bb.\u00a0<\/p>\n<p data-module=\"article-paragraph\" class=\"jsx-362436225 Paragraph Paragraph__End\">Plac\u00e9 le jeudi 1er mai en garde \u00e0 vue dans les locaux de la brigade de recherches de Rez\u00e9, il a \u00e9t\u00e9, \u00e0 l&rsquo;issue de la mesure le samedi 3 mai et conform\u00e9ment aux r\u00e9quisitions du parquet, plac\u00e9 en d\u00e9tention provisoire dans l&rsquo;attente de son proc\u00e8s.\u00a0<\/p>\n<p>Aur\u00e9lie SARROT<\/p>\n","protected":false},"excerpt":{"rendered":"Un policier \u00e2g\u00e9 de 45 ans a \u00e9t\u00e9 mis en examen d\u00e9but mai pour \u00ab\u00a0viol\u00a0\u00bb sur un enfant&hellip;\n","protected":false},"author":2,"featured_media":104826,"comment_status":"","ping_status":"","sticky":false,"template":"","format":"standard","meta":{"footnotes":""},"categories":[2818],"tags":[1111,11,1921,1777,674,6017,1011,27,1922,303,2954,766,12,2636,1072,25,133,2953],"class_list":{"0":"post-104825","1":"post","2":"type-post","3":"status-publish","4":"format-standard","5":"has-post-thumbnail","7":"category-nantes","8":"tag-actu","9":"tag-actualites","10":"tag-article-video","11":"tag-eu","12":"tag-europe","13":"tag-fait-divers","14":"tag-fr","15":"tag-france","16":"tag-info","17":"tag-justice","18":"tag-justice-et-faits-divers","19":"tag-nantes","20":"tag-news","21":"tag-pays-de-la-loire","22":"tag-police","23":"tag-republique-francaise","24":"tag-video","25":"tag-video-police"},"share_on_mastodon":{"url":"https:\/\/pubeurope.com\/@fr\/114518427168332991","error":""},"_links":{"self":[{"href":"https:\/\/www.europesays.com\/fr\/wp-json\/wp\/v2\/posts\/104825","targetHints":{"allow":["GET"]}}],"collection":[{"href":"https:\/\/www.europesays.com\/fr\/wp-json\/wp\/v2\/posts"}],"about":[{"href":"https:\/\/www.europesays.com\/fr\/wp-json\/wp\/v2\/types\/post"}],"author":[{"embeddable":true,"href":"https:\/\/www.europesays.com\/fr\/wp-json\/wp\/v2\/users\/2"}],"replies":[{"embeddable":true,"href":"https:\/\/www.europesays.com\/fr\/wp-json\/wp\/v2\/comments?post=104825"}],"version-history":[{"count":0,"href":"https:\/\/www.europesays.com\/fr\/wp-json\/wp\/v2\/posts\/104825\/revisions"}],"wp:featuredmedia":[{"embeddable":true,"href":"https:\/\/www.europesays.com\/fr\/wp-json\/wp\/v2\/media\/104826"}],"wp:attachment":[{"href":"https:\/\/www.europesays.com\/fr\/wp-json\/wp\/v2\/media?parent=104825"}],"wp:term":[{"taxonomy":"category","embeddable":true,"href":"https:\/\/www.europesays.com\/fr\/wp-json\/wp\/v2\/categories?post=104825"},{"taxonomy":"post_tag","embeddable":true,"href":"https:\/\/www.europesays.com\/fr\/wp-json\/wp\/v2\/tags?post=104825"}],"curies":[{"name":"wp","href":"https:\/\/api.w.org\/{rel}","templated":true}]}}