{"id":104833,"date":"2025-05-16T16:24:14","date_gmt":"2025-05-16T16:24:14","guid":{"rendered":"https:\/\/www.europesays.com\/fr\/104833\/"},"modified":"2025-05-16T16:24:14","modified_gmt":"2025-05-16T16:24:14","slug":"toulouse-sous-bracelet-electronique-il-tente-de-fuir-les-policiers-sa-maman-vient-le-defendre","status":"publish","type":"post","link":"https:\/\/www.europesays.com\/fr\/104833\/","title":{"rendered":"Toulouse. Sous bracelet \u00e9lectronique, il tente de fuir les policiers, sa maman vient le d\u00e9fendre"},"content":{"rendered":"<p>            Par<br \/>\n        <strong><br \/>\n            <a href=\"https:\/\/actu.fr\/auteur\/lucie-2\" title=\"Consulter tous les articles de Lucie Fraisse\" rel=\"nofollow noopener\" target=\"_blank\">Lucie Fraisse<\/a><br \/>\n        <\/strong><\/p>\n<p>        Publi\u00e9 le<\/p>\n<p>            16 mai 2025 \u00e0 17h45        <\/p>\n<p>Quelle id\u00e9e a eu ce jeune homme de 21\u00a0ans de griller un feu rouge, alors qu\u2019il circulait sur sa trottinette \u00e9lectrique dans le <strong>quartier du Mirail<\/strong>, \u00e0 <a href=\"https:\/\/actu.fr\/toulouse\/\" rel=\"nofollow noopener\" target=\"_blank\">Toulouse<\/a>, ce jeudi 15\u00a0mai 2025\u2009!<\/p>\n<p>    <a href=\"https:\/\/www.google.com\/maps\/embed?pb=!1m18!1m12!1m3!1d11561.470098510119!2d1.391411692413857!3d43.578060532507536!2m3!1f0!2f0!3f0!3m2!1i1024!2i768!4f13.1!3m3!1m2!1s0x12aeba4c50a6c489%3A0x5286c292c765e3c0!2sMirail%20-%20Universit%C3%A9%2C%2031100%20Toulouse!5e0!3m2!1sfr!2sfr!4v1747409646758!5m2!1sfr!2sfr\" title=\"Ouvrie le lien\" rel=\"nofollow noopener\" target=\"_blank\">Cliquez ici pour visualiser le contenu<\/a><\/p>\n<p>Sous les yeux des policiers<\/p>\n<p class=\" wall-content\">Mauvaise id\u00e9e, car sa prouesse a \u00e9t\u00e9 suivie en direct par des hommes de la Bac qui circulaient dans le secteur. Les policiers ont alors tent\u00e9 de stopper la course du jeune homme \u00e0 trottinette qui avait, en plus, un passager sur son v\u00e9hicule, ce qui est formellement interdit.<\/p>\n<p class=\" wall-content\">Mais en les voyant, le jeune homme a pris la fuite et est all\u00e9 s\u2019encastrer dans une voiture quelques m\u00e8tres plus loin. Ce qui ne l\u2019a pas emp\u00each\u00e9 de continuer sa course folle.<\/p>\n<p>Sa m\u00e8re d\u00e9barque<\/p>\n<p class=\" wall-content\">Les policiers sont finalement parvenus \u00e0 le stopper. Juste avant, le jeune homme avait pris soin de se d\u00e9barrasser <strong>de la petite quantit\u00e9 de drogue<\/strong> qu\u2019il avait sur lui dans une poubelle proche.<\/p>\n<p class=\" wall-content\">Quand les policiers ont tent\u00e9 de lui passer les menottes, le jeune homme s\u2019est d\u00e9battu et leur a port\u00e9 des coups. \u00ab\u2009Sa m\u00e8re est ensuite arriv\u00e9e et elle s\u2019est jet\u00e9e sur les coll\u00e8gues\u2009\u00bb, raconte une source polici\u00e8re. \u00ab\u2009Elle a aussi d\u00e9truit volontairement le t\u00e9l\u00e9phone de son fils.\u2009\u00bb<\/p>\n<p>Vid\u00e9os : en ce moment sur ActuSous bracelet \u00e9lectronique<\/p>\n<p class=\" wall-content\">M\u00e8re et fils sont d\u00e9j\u00e0 connus des services de police. Le fils portait en plus un bracelet \u00e9lectronique dont il avait \u00e9cop\u00e9 apr\u00e8s une condamnation li\u00e9e au trafic de stup\u00e9fiants. Ils ont tous les deux \u00e9t\u00e9 interpell\u00e9s et plac\u00e9s en garde \u00e0 vue.<\/p>\n<p class=\" wall-content\">Une perquisition a \u00e9t\u00e9 men\u00e9e \u00e0 leur domicile\u2009: les policiers y ont trouv\u00e9 200g de cannabis et 20\u2009000\u00a0euros en liquide, diss\u00e9min\u00e9s dans l\u2019appartement.<\/p>\n<p class=\" wall-content\">Suivez toute l\u2019actualit\u00e9 de vos villes et m\u00e9dias favoris en vous inscrivant \u00e0 <a href=\"https:\/\/moncompte.actu.fr\" title=\"D\u00e9couvez Mon Actu\" rel=\"nofollow noopener\" data-trk=\"{&quot;cta&quot;:{&quot;action&quot;:&quot;https:\\\/\\\/moncompte.actu.fr&quot;,&quot;category&quot;:&quot;mon compte&quot;,&quot;from&quot;:&quot;article footer&quot;,&quot;name&quot;:&quot;Mon actu&quot;,&quot;type&quot;:&quot;cta&quot;}}\" target=\"_blank\">Mon Actu<\/a>.<\/p>\n","protected":false},"excerpt":{"rendered":"Par Lucie Fraisse Publi\u00e9 le 16 mai 2025 \u00e0 17h45 Quelle id\u00e9e a eu ce jeune homme de&hellip;\n","protected":false},"author":2,"featured_media":104834,"comment_status":"","ping_status":"","sticky":false,"template":"","format":"standard","meta":{"footnotes":""},"categories":[2816],"tags":[1111,11,1052,1777,674,118,1011,27,12,2680,1072,25,2312],"class_list":{"0":"post-104833","1":"post","2":"type-post","3":"status-publish","4":"format-standard","5":"has-post-thumbnail","7":"category-toulouse","8":"tag-actu","9":"tag-actualites","10":"tag-drogue","11":"tag-eu","12":"tag-europe","13":"tag-faits-divers","14":"tag-fr","15":"tag-france","16":"tag-news","17":"tag-occitanie","18":"tag-police","19":"tag-republique-francaise","20":"tag-toulouse"},"share_on_mastodon":{"url":"https:\/\/pubeurope.com\/@fr\/114518442872016826","error":""},"_links":{"self":[{"href":"https:\/\/www.europesays.com\/fr\/wp-json\/wp\/v2\/posts\/104833","targetHints":{"allow":["GET"]}}],"collection":[{"href":"https:\/\/www.europesays.com\/fr\/wp-json\/wp\/v2\/posts"}],"about":[{"href":"https:\/\/www.europesays.com\/fr\/wp-json\/wp\/v2\/types\/post"}],"author":[{"embeddable":true,"href":"https:\/\/www.europesays.com\/fr\/wp-json\/wp\/v2\/users\/2"}],"replies":[{"embeddable":true,"href":"https:\/\/www.europesays.com\/fr\/wp-json\/wp\/v2\/comments?post=104833"}],"version-history":[{"count":0,"href":"https:\/\/www.europesays.com\/fr\/wp-json\/wp\/v2\/posts\/104833\/revisions"}],"wp:featuredmedia":[{"embeddable":true,"href":"https:\/\/www.europesays.com\/fr\/wp-json\/wp\/v2\/media\/104834"}],"wp:attachment":[{"href":"https:\/\/www.europesays.com\/fr\/wp-json\/wp\/v2\/media?parent=104833"}],"wp:term":[{"taxonomy":"category","embeddable":true,"href":"https:\/\/www.europesays.com\/fr\/wp-json\/wp\/v2\/categories?post=104833"},{"taxonomy":"post_tag","embeddable":true,"href":"https:\/\/www.europesays.com\/fr\/wp-json\/wp\/v2\/tags?post=104833"}],"curies":[{"name":"wp","href":"https:\/\/api.w.org\/{rel}","templated":true}]}}