{"id":104837,"date":"2025-05-16T16:26:08","date_gmt":"2025-05-16T16:26:08","guid":{"rendered":"https:\/\/www.europesays.com\/fr\/104837\/"},"modified":"2025-05-16T16:26:08","modified_gmt":"2025-05-16T16:26:08","slug":"le-point-sur-la-situation","status":"publish","type":"post","link":"https:\/\/www.europesays.com\/fr\/104837\/","title":{"rendered":"le point sur la situation"},"content":{"rendered":"<p>            Par<br \/>\n        <strong><br \/>\n            <a href=\"https:\/\/actu.fr\/auteur\/amandine-vachez\" title=\"Consulter tous les articles de Amandine Vachez\" target=\"_blank\" rel=\"noopener\">Amandine Vachez<\/a><br \/>\n        <\/strong><\/p>\n<p>        Publi\u00e9 le<\/p>\n<p>            16 mai 2025 \u00e0 17h59        <\/p>\n<p>\u00c7a gronde chez les usagers. Et pour cause\u2009: cet<b> arr\u00eat de service de la ligne 1 du m\u00e9tro de Lille<\/b> (Nord) est tr\u00e8s long. <a href=\"https:\/\/actu.fr\/hauts-de-france\/lille_59350\/metro-de-lille-ilevia-coupures-a-repetition-sur-la-ligne-1-ce-jeudi_62639828.html\" target=\"_blank\" rel=\"noopener\">Survenue jeudi 15\u00a0mai 2025<\/a> suite \u00e0 un incident technique, elle n\u2019a <a href=\"https:\/\/actu.fr\/hauts-de-france\/lille_59350\/metropole-de-lille-ilevia-la-ligne-1-du-metro-toujours-interrompue-ce-vendredi_62643870.html\" target=\"_blank\" rel=\"noopener\">pas \u00e9t\u00e9 r\u00e9gl\u00e9e ce vendredi<\/a>. Dans un <b>point de situation fait ce 16\u00a0mai \u00e0 16\u2009h\u200930<\/b>, <a href=\"https:\/\/actu.fr\/tag\/ilevia\" target=\"_blank\" rel=\"noopener\">il\u00e9via<\/a> annonce une interruption de trafic pour<b> \u00ab\u2009une dur\u00e9e ind\u00e9termin\u00e9e\u2009\u00bb.<\/b> De son c\u00f4t\u00e9, Damien Castelain, pr\u00e9sident de la MEL, assure qu\u2019 \u00ab\u2009aucun lien direct avec la modernisation en cours du syst\u00e8me d\u2019exploitation, ou avec le logiciel du nouveau pilote automatique n\u2019a \u00e9t\u00e9 \u00e9tabli \u00e0 ce jour.\u2009\u00bb<\/p>\n<p>Des investigations en cours<\/p>\n<p class=\" wall-content\">\u00ab\u2009La panne que conna\u00eet actuellement la ligne 1 du m\u00e9tro est exceptionnelle par sa dur\u00e9e, et nous comprenons pleinement<b> la col\u00e8re et la lassitude des usagers<\/b>\u2009\u00bb, commence Damien Castelain, dans une communication ce vendredi en fin de journ\u00e9e. Il pr\u00e9cise qu\u2019aucun lien direct avec la modernisation ou le logiciel du nouveau pilote automatique n\u2019a \u00e9t\u00e9 \u00e9tabli. Et de pr\u00e9ciser que \u00ab\u2009les investigations s\u2019orientent vers un d\u00e9faut sur l\u2019infrastructure informatique physique.\u2009\u00bb<\/p>\n<p class=\" wall-content\">La MEL assure suivre \u00ab\u2009avec la plus grande attention et vigilance les \u00e9quipes d\u2019il\u00e9via et d\u2019Alstom qui sont<b> \u00e0 pied d\u2019\u0153uvre pour comprendre les causes du ph\u00e9nom\u00e8ne<\/b>, et<b> trouver une solution de contournement.<\/b>\u2009\u00bb De son c\u00f4t\u00e9, il\u00e9via confirme que les investigations se poursuivent en interne. \u00ab\u2009Les<b> agents ont travaill\u00e9 sans rel\u00e2che tout au long de la nuit <\/b>et maintiennent leurs efforts pour analyser la situation et r\u00e9soudre cette interruption le plus rapidement possible\u2009\u00bb, est-il \u00e9crit, dans un point de situation ce vendredi en fin de journ\u00e9e.<\/p>\n<p class=\" wall-content\">Il est rappel\u00e9 que d\u00e8s lors qu\u2019une anomalie ou dysfonctionnement de quelque nature est identifi\u00e9e, le nouveau pilote automatique se met syst\u00e9matiquement en s\u00e9curit\u00e9 et la circulation des rames est stopp\u00e9e.<\/p>\n<p>Des rames tournent\u2026 mais le trafic n\u2019a pas repris<\/p>\n<p class=\" wall-content\">Si vous voyez une rame circuler sur le r\u00e9seau, cela ne signifie pas qu\u2019elle est en service. \u00ab\u2009Des <b>tests sont effectu\u00e9s sur les rames<\/b>, qui peuvent \u00eatre amen\u00e9es \u00e0 circuler sur le r\u00e9seau. Ces rames ne peuvent pour l\u2019instant pas accueillir de voyageurs, pour des raisons de s\u00e9curit\u00e9\u2009\u00bb, pr\u00e9cise le gestionnaire du r\u00e9seau de transport. <b>24 bus ont \u00e9t\u00e9 mis en circulation<\/b> pour assurer le relais sur la ligne touch\u00e9e, reliant le CHU de Lille aux 4 Cantons. Mais dans la mesure du possible, il\u00e9via invite les voyageurs \u00e0 <b>privil\u00e9gier un itin\u00e9raire alternatif.<\/b><\/p>\n<p>Vid\u00e9os : en ce moment sur Actu<\/p>\n<p class=\" wall-content\">Franck Gar\u00e7on, directeur g\u00e9n\u00e9ral de Keolis Lille il\u00e9via, tient \u00e0 adresser aux voyageurs, \u00ab\u2009au nom de Keolis Lille il\u00e9via, mes excuses les plus sinc\u00e8res pour les d\u00e9sagr\u00e9ments occasionn\u00e9s. Notre priorit\u00e9, en tant qu\u2019exploitant, est d\u2019assurer une continuit\u00e9 de service pour permettre \u00e0 chacun de se d\u00e9placer. Notre objectif est aussi d\u2019informer au mieux les usagers sur la situation de trafic.\u2009\u00bb<\/p>\n<p>\u00ab\u2009C\u2019est inacceptable\u2009\u00bb<\/p>\n<p class=\" wall-content\">Alors que le souvenir des <a href=\"https:\/\/actu.fr\/hauts-de-france\/lille_59350\/pannes-a-repetition-du-metro-ilevia-a-lille-voici-les-compensations-financieres-accordees-aux-usagers_62317229.html\" target=\"_blank\" rel=\"noopener\">pannes \u00e0 r\u00e9p\u00e9tition de 2024<\/a> reste encore frais dans la m\u00e9moire des usagers, qui ont pass\u00e9 des mois difficiles, cette nouvelle panne, longue, a du mal \u00e0 passer. \u00ab\u2009Nous sommes pleinement conscients de l\u2019impact majeur de cette panne sur la vie quotidienne de milliers de m\u00e9tropolitains\u2009\u00bb, soutient Damien Castelain. \u00ab\u2009C\u2019est inacceptable, et c\u2019est pourquoi la MEL demande des r\u00e9ponses rapides et claires, mais aussi des engagements fermes de la part d\u2019il\u00e9via et d\u2019Alstom sur la fiabilit\u00e9 du syst\u00e8me.\u2009\u00bb<\/p>\n<p class=\" wall-content\">Le pr\u00e9sident de la MEL pr\u00e9cise \u00e0 cette occasion que <b>cette panne ne remet pas en cause le calendrier de mise en service des doubles rames<\/b>, pr\u00e9vu pour f\u00e9vrier\u00a02026. \u00ab\u2009Les r\u00e9cents essais ont \u00e9t\u00e9 concluants, et nous poursuivons les travaux avec une mobilisation sans faille et renforc\u00e9e.\u2009\u00bb<\/p>\n<p class=\" wall-content\">Suivez toute l\u2019actualit\u00e9 de vos villes et m\u00e9dias favoris en vous inscrivant \u00e0 <a href=\"https:\/\/moncompte.actu.fr\" title=\"D\u00e9couvez Mon Actu\" rel=\"nofollow noopener\" data-trk=\"{&quot;cta&quot;:{&quot;action&quot;:&quot;https:\\\/\\\/moncompte.actu.fr&quot;,&quot;category&quot;:&quot;mon compte&quot;,&quot;from&quot;:&quot;article footer&quot;,&quot;name&quot;:&quot;Mon actu&quot;,&quot;type&quot;:&quot;cta&quot;}}\" target=\"_blank\">Mon Actu<\/a>.<\/p>\n","protected":false},"excerpt":{"rendered":"Par Amandine Vachez Publi\u00e9 le 16 mai 2025 \u00e0 17h59 \u00c7a gronde chez les usagers. Et pour cause\u2009:&hellip;\n","protected":false},"author":2,"featured_media":104838,"comment_status":"","ping_status":"","sticky":false,"template":"","format":"standard","meta":{"footnotes":""},"categories":[2815],"tags":[1111,11,1777,674,1011,27,811,4288,1307,4047,12,25,104,2803],"class_list":{"0":"post-104837","1":"post","2":"type-post","3":"status-publish","4":"format-standard","5":"has-post-thumbnail","7":"category-lille","8":"tag-actu","9":"tag-actualites","10":"tag-eu","11":"tag-europe","12":"tag-fr","13":"tag-france","14":"tag-hauts-de-france","15":"tag-ilevia","16":"tag-lille","17":"tag-metro","18":"tag-news","19":"tag-republique-francaise","20":"tag-societe","21":"tag-transport"},"share_on_mastodon":{"url":"https:\/\/pubeurope.com\/@fr\/114518450822185786","error":""},"_links":{"self":[{"href":"https:\/\/www.europesays.com\/fr\/wp-json\/wp\/v2\/posts\/104837","targetHints":{"allow":["GET"]}}],"collection":[{"href":"https:\/\/www.europesays.com\/fr\/wp-json\/wp\/v2\/posts"}],"about":[{"href":"https:\/\/www.europesays.com\/fr\/wp-json\/wp\/v2\/types\/post"}],"author":[{"embeddable":true,"href":"https:\/\/www.europesays.com\/fr\/wp-json\/wp\/v2\/users\/2"}],"replies":[{"embeddable":true,"href":"https:\/\/www.europesays.com\/fr\/wp-json\/wp\/v2\/comments?post=104837"}],"version-history":[{"count":0,"href":"https:\/\/www.europesays.com\/fr\/wp-json\/wp\/v2\/posts\/104837\/revisions"}],"wp:featuredmedia":[{"embeddable":true,"href":"https:\/\/www.europesays.com\/fr\/wp-json\/wp\/v2\/media\/104838"}],"wp:attachment":[{"href":"https:\/\/www.europesays.com\/fr\/wp-json\/wp\/v2\/media?parent=104837"}],"wp:term":[{"taxonomy":"category","embeddable":true,"href":"https:\/\/www.europesays.com\/fr\/wp-json\/wp\/v2\/categories?post=104837"},{"taxonomy":"post_tag","embeddable":true,"href":"https:\/\/www.europesays.com\/fr\/wp-json\/wp\/v2\/tags?post=104837"}],"curies":[{"name":"wp","href":"https:\/\/api.w.org\/{rel}","templated":true}]}}