{"id":104844,"date":"2025-05-16T16:30:09","date_gmt":"2025-05-16T16:30:09","guid":{"rendered":"https:\/\/www.europesays.com\/fr\/104844\/"},"modified":"2025-05-16T16:30:09","modified_gmt":"2025-05-16T16:30:09","slug":"visite-surprise-de-dua-lipa-dans-un-cafe-de-lyon-on-ne-la-pas-reconnu-tout-de-suite","status":"publish","type":"post","link":"https:\/\/www.europesays.com\/fr\/104844\/","title":{"rendered":"Visite surprise de Dua Lipa dans un caf\u00e9 de Lyon : \u00ab\u00a0On ne l&rsquo;a pas reconnu tout de suite\u00a0\u00bb"},"content":{"rendered":"<p>Dua Lipa a d\u00e9barqu\u00e9 dans un caf\u00e9 de Lyon, ce vendredi 16 mai, \u00e0 quelques heures de son second concert \u00e0 l&rsquo;Arena de D\u00e9cines.<\/p>\n<p><b>Dua Lipa<\/b> donnera son second concert \u00e0 l&rsquo;Arena de D\u00e9cines ce vendredi soir, \u00e0 19h30, apr\u00e8s avoir enflamm\u00e9 la salle la veille. <\/p>\n<p>Avant le show, la star britannique continue sa petite visite de Lyon.\u00a0Apr\u00e8s avoir pique-niqu\u00e9 dans un parc jeudi, la chanteuse a \u00e9t\u00e9 aper\u00e7ue ce vendredi apr\u00e8s-midi, <b>dans un petit caf\u00e9 des pentes de la Croix-Rousse<\/b>.\u00a0<\/p>\n<p>Elle est arriv\u00e9e vers 13 heures, en compagnie de trois amis et de trois gardes du corps. Une \u00e9norme surprise pour les employ\u00e9s du <b>Kaf\u00e9 Stockholm<\/b>.\u00a0<\/p>\n<p>\u00ab\u00a0On ne l&rsquo;a pas reconnu toute suite, on s&rsquo;est dit que c&rsquo;\u00e9tait quelqu&rsquo;un qui ressemblait beaucoup \u00e0 Dua Lipa\u00a0\u00bb, nous a confi\u00e9 <b>Lo\u00efs, l&rsquo;un des serveurs<\/b>.\u00a0<br \/>\u00ab\u00a0On a fait le lien avec le fait qu&rsquo;elle \u00e9tait en concert \u00e0 Lyon. Et quand on a vu qu&rsquo;il y avait trois gardes du corps, on a vite compris qu&rsquo;il s&rsquo;agissait bien d&rsquo;elle\u00a0\u00bb, a-t-il ajout\u00e9.\u00a0<\/p>\n<p>\u00ab\u00a0Les clients \u00e9taient abasourdis\u00a0\u00bb<\/p>\n<p>Forc\u00e9ment, la pr\u00e9sence d&rsquo;une star internationale ne laisse personne indiff\u00e9rent. Certains n&rsquo;ont pas manqu\u00e9 d&rsquo;immortaliser le moment.\u00a0<\/p>\n<p>\u00ab\u00a0Les clients \u00e9taient abasourdis. Plusieurs personnes se sont arr\u00eat\u00e9es pour prendre des photos avec elle. Certains sont m\u00eame venus apr\u00e8s la diffusion de notre photo sur les r\u00e9seaux sociaux, en pensant qu&rsquo;elle \u00e9tait toujours l\u00e0.\u00a0\u00bb<\/p>\n<p><b>Pour autant, Dua Lipa s&rsquo;est montr\u00e9e tr\u00e8s accessible<\/b>. \u00ab\u00a0C&rsquo;est assez fou de voir une telle star avec seulement trois amis et trois gardes du corps en plein centre-ville de Lyon, sous le soleil. Tout le monde \u00e9tait abasourdi, mais elle est tr\u00e8s humaine\u00a0\u00bb, conclut Lo\u00efs.<\/p>\n<p><img loading=\"lazy\" decoding=\"async\" src=\"https:\/\/www.europesays.com\/fr\/wp-content\/uploads\/2025\/05\/1747413009_848_img\" width=\"350\" height=\"200\" border=\"0\" title=\"Dua Lipa \u00c3\u00a9tait de passage dans un caf\u00c3\u00a9 des pentes de la Croix-Rousse \u00c3\u00a0 Lyon\"\/><\/p>\n<p>\u25baCulture<\/p>\n<p style=\"font-size: 22px;\"><b>Apr\u00e8s son pique-nique, Dua Lipa aper\u00e7ue dans un caf\u00e9 \u00e0 Lyon !<\/b><\/p>\n<p>Apr\u00e8s son pique-nique dans un parc lyonnais, Dua&#8230;<\/p>\n<p><\/p>\n","protected":false},"excerpt":{"rendered":"Dua Lipa a d\u00e9barqu\u00e9 dans un caf\u00e9 de Lyon, ce vendredi 16 mai, \u00e0 quelques heures de son&hellip;\n","protected":false},"author":2,"featured_media":104845,"comment_status":"","ping_status":"","sticky":false,"template":"","format":"standard","meta":{"footnotes":""},"categories":[1889],"tags":[1111,11,2430,21687,1777,674,1011,27,22169,2428,12,25,10855],"class_list":{"0":"post-104844","1":"post","2":"type-post","3":"status-publish","4":"format-standard","5":"has-post-thumbnail","7":"category-lyon","8":"tag-actu","9":"tag-actualites","10":"tag-auvergne-rhone-alpes","11":"tag-dua-lipa","12":"tag-eu","13":"tag-europe","14":"tag-fr","15":"tag-france","16":"tag-kaf","17":"tag-lyon","18":"tag-news","19":"tag-republique-francaise","20":"tag-stockholm"},"share_on_mastodon":{"url":"https:\/\/pubeurope.com\/@fr\/114518466610402778","error":""},"_links":{"self":[{"href":"https:\/\/www.europesays.com\/fr\/wp-json\/wp\/v2\/posts\/104844","targetHints":{"allow":["GET"]}}],"collection":[{"href":"https:\/\/www.europesays.com\/fr\/wp-json\/wp\/v2\/posts"}],"about":[{"href":"https:\/\/www.europesays.com\/fr\/wp-json\/wp\/v2\/types\/post"}],"author":[{"embeddable":true,"href":"https:\/\/www.europesays.com\/fr\/wp-json\/wp\/v2\/users\/2"}],"replies":[{"embeddable":true,"href":"https:\/\/www.europesays.com\/fr\/wp-json\/wp\/v2\/comments?post=104844"}],"version-history":[{"count":0,"href":"https:\/\/www.europesays.com\/fr\/wp-json\/wp\/v2\/posts\/104844\/revisions"}],"wp:featuredmedia":[{"embeddable":true,"href":"https:\/\/www.europesays.com\/fr\/wp-json\/wp\/v2\/media\/104845"}],"wp:attachment":[{"href":"https:\/\/www.europesays.com\/fr\/wp-json\/wp\/v2\/media?parent=104844"}],"wp:term":[{"taxonomy":"category","embeddable":true,"href":"https:\/\/www.europesays.com\/fr\/wp-json\/wp\/v2\/categories?post=104844"},{"taxonomy":"post_tag","embeddable":true,"href":"https:\/\/www.europesays.com\/fr\/wp-json\/wp\/v2\/tags?post=104844"}],"curies":[{"name":"wp","href":"https:\/\/api.w.org\/{rel}","templated":true}]}}