{"id":104850,"date":"2025-05-16T16:33:12","date_gmt":"2025-05-16T16:33:12","guid":{"rendered":"https:\/\/www.europesays.com\/fr\/104850\/"},"modified":"2025-05-16T16:33:12","modified_gmt":"2025-05-16T16:33:12","slug":"a-paris-le-centre-pour-toxicomanes-de-la-rue-de-clery-ferme-definitivement-faute-de-tranquillite-publique","status":"publish","type":"post","link":"https:\/\/www.europesays.com\/fr\/104850\/","title":{"rendered":"\u00c0 Paris, le centre pour toxicomanes de la rue de Cl\u00e9ry ferme d\u00e9finitivement\u00a0faute de \u00ab tranquillit\u00e9 publique \u00bb"},"content":{"rendered":"<p class=\"paragraph text_align_left\">La fermeture devait \u00eatre temporaire, elle sera finalement d\u00e9finitive. Install\u00e9 rue de Cl\u00e9ry \u00e0 Paris (IIe arrondissement, l\u2019\u00e9tablissement m\u00e9dico-social destin\u00e9 aux usagers de drogue <a href=\"https:\/\/www.leparisien.fr\/paris-75\/dejections-humaines-agressions-vols-un-centre-pour-toxicomanes-empoisonne-la-vie-dun-quartier-en-plein-paris-17-03-2025-TIRMUWCAOVGKNASAEF5XMA5CK4.php\" target=\"_blank\" rel=\"noreferrer nofollow noopener\">ouvert au mois d\u2019octobre<\/a> ne rouvrira pas ses portes sous cette forme.<\/p>\n<p class=\"paragraph text_align_left\">R\u00e9guli\u00e8rement interpell\u00e9e par des habitants arriv\u00e9s \u00ab \u00e0 saturation \u00bb, d\u00e9non\u00e7ant les troubles croissants et les nuisances aux abords de la structure, la mairie de Paris Centre s\u2019est r\u00e9solue \u00e0 y mettre un terme.<\/p>\n<p class=\"paragraph text_align_left\">\u00ab Le maire et son \u00e9quipe municipale ont entendu les habitants, en particulier les familles, les commer\u00e7ants et les professionnels associatifs et regrettent que la situation soit devenue intenable \u00bb, souligne la Ville dans un communiqu\u00e9 transmis ce vendredi au Parisien.<\/p>\n<p class=\"paragraph text_align_left\">Le centre avait d\u00e9j\u00e0 fait l\u2019objet d\u2019une premi\u00e8re fermeture temporaire \u00e0 la fin du mois d\u2019avril, \u00e0 la suite de plusieurs plaintes. \u00ab Constatant que les conditions pour assurer la tranquillit\u00e9 publique et la s\u00e9curit\u00e9 n\u2019\u00e9taient plus r\u00e9unies, le pr\u00e9fet de police a demand\u00e9 \u00e0 l\u2019Agence r\u00e9gionale de sant\u00e9, en coh\u00e9rence avec la volont\u00e9 du maire de Paris Centre, de suspendre l\u2019activit\u00e9 du centre d\u2019accueil et d\u2019accompagnement pour la r\u00e9duction des risques aupr\u00e8s des usagers de drogues, rue de Cl\u00e9ry, depuis le 28 avril dernier \u00bb, rappelle la Ville.<\/p>\n<p>Bient\u00f4t un nouveau projet rue de Cl\u00e9ry<\/p>\n<p class=\"paragraph text_align_left\">La fermeture du Centre d\u2019accueil et d\u2019accompagnement pour la r\u00e9duction des risques aupr\u00e8s des usagers de drogues (Caarud), d\u00e9sormais act\u00e9e, la mairie de Paris Centre assure r\u00e9fl\u00e9chir \u00ab \u00e0 une nouvelle solution d\u2019implantation \u00bb.<\/p>\n<p class=\"paragraph text_align_left\">\u00ab Les \u00e9quipes de l\u2019association Aides, en concertation avec la mairie et l\u2019ARS travaillent pour \u00e9laborer un nouveau projet de sant\u00e9 et d\u2019implantation pour les activit\u00e9s d\u2019accueil de jour du Caarud et pour red\u00e9finir les missions du site de la rue de Cl\u00e9ry \u00bb, insiste la municipalit\u00e9. Une rencontre doit \u00eatre organis\u00e9e \u00ab prochainement \u00bb au sein des locaux pour pr\u00e9senter le projet aux riverains.<\/p>\n<p class=\"paragraph text_align_left\">\u00ab Ma priorit\u00e9 est que l\u2019on puisse garantir la tranquillit\u00e9 et la s\u00e9curit\u00e9 des familles, des commer\u00e7ants et des personnels associatifs, fait savoir Ariel Weil, le maire (PS) de Paris Centre. C\u2019est aussi pour cela qu\u2019il a fallu trouver une nouvelle solution pour accueillir ces usagers de drogues, en concertation avec les familles et les riverains, afin qu\u2019ils ne soient pas livr\u00e9s \u00e0 eux-m\u00eames dans l\u2019espace public et avant que cela ne cr\u00e9e de nouvelles situations de tension. \u00bb<\/p>\n","protected":false},"excerpt":{"rendered":"La fermeture devait \u00eatre temporaire, elle sera finalement d\u00e9finitive. Install\u00e9 rue de Cl\u00e9ry \u00e0 Paris (IIe arrondissement, l\u2019\u00e9tablissement&hellip;\n","protected":false},"author":2,"featured_media":104851,"comment_status":"","ping_status":"","sticky":false,"template":"","format":"standard","meta":{"footnotes":""},"categories":[1888],"tags":[1111,1928,11,1927,1777,674,1011,27,1944,12,1926,626,1925,25],"class_list":{"0":"post-104850","1":"post","2":"type-post","3":"status-publish","4":"format-standard","5":"has-post-thumbnail","7":"category-paris","8":"tag-actu","9":"tag-actu-paris","10":"tag-actualites","11":"tag-actualites-paris","12":"tag-eu","13":"tag-europe","14":"tag-fr","15":"tag-france","16":"tag-ma-ville","17":"tag-news","18":"tag-news-paris","19":"tag-paris","20":"tag-paris-news","21":"tag-republique-francaise"},"share_on_mastodon":{"url":"https:\/\/pubeurope.com\/@fr\/114518478455586933","error":""},"_links":{"self":[{"href":"https:\/\/www.europesays.com\/fr\/wp-json\/wp\/v2\/posts\/104850","targetHints":{"allow":["GET"]}}],"collection":[{"href":"https:\/\/www.europesays.com\/fr\/wp-json\/wp\/v2\/posts"}],"about":[{"href":"https:\/\/www.europesays.com\/fr\/wp-json\/wp\/v2\/types\/post"}],"author":[{"embeddable":true,"href":"https:\/\/www.europesays.com\/fr\/wp-json\/wp\/v2\/users\/2"}],"replies":[{"embeddable":true,"href":"https:\/\/www.europesays.com\/fr\/wp-json\/wp\/v2\/comments?post=104850"}],"version-history":[{"count":0,"href":"https:\/\/www.europesays.com\/fr\/wp-json\/wp\/v2\/posts\/104850\/revisions"}],"wp:featuredmedia":[{"embeddable":true,"href":"https:\/\/www.europesays.com\/fr\/wp-json\/wp\/v2\/media\/104851"}],"wp:attachment":[{"href":"https:\/\/www.europesays.com\/fr\/wp-json\/wp\/v2\/media?parent=104850"}],"wp:term":[{"taxonomy":"category","embeddable":true,"href":"https:\/\/www.europesays.com\/fr\/wp-json\/wp\/v2\/categories?post=104850"},{"taxonomy":"post_tag","embeddable":true,"href":"https:\/\/www.europesays.com\/fr\/wp-json\/wp\/v2\/tags?post=104850"}],"curies":[{"name":"wp","href":"https:\/\/api.w.org\/{rel}","templated":true}]}}