{"id":104852,"date":"2025-05-16T16:34:13","date_gmt":"2025-05-16T16:34:13","guid":{"rendered":"https:\/\/www.europesays.com\/fr\/104852\/"},"modified":"2025-05-16T16:34:13","modified_gmt":"2025-05-16T16:34:13","slug":"le-suicide-dune-jeune-femme-au-pantheon-sans-lien-avec-son-orientation-sexuelle-selon-le-parquet","status":"publish","type":"post","link":"https:\/\/www.europesays.com\/fr\/104852\/","title":{"rendered":"Le suicide d\u2019une jeune femme au Panth\u00e9on sans lien avec son orientation sexuelle, selon le parquet"},"content":{"rendered":"<p><strong>Drame &#8211; La jeune fille de 17 ans s\u2019est donn\u00e9 la mort en sautant du toit du monument le 11\u00a0mai. Une source polici\u00e8re avan\u00e7ait \u00ab\u00a0une pression familiale eu \u00e9gard \u00e0 son orientation sexuelle\u00a0\u00bb. Une information infirm\u00e9e par le parquet de Paris ce vendredi<\/strong><\/p>\n<p>Dimanche 11\u00a0mai, <a href=\"https:\/\/www.20minutes.fr\/faits_divers\/4152952-20250512-paris-jeune-femme-tue-chutant-toit-pantheon?at_medium=RSS%20feed&amp;at_campaign=ynews&amp;utm_source=yahoo&amp;utm_medium=rss&amp;utm_campaign=news_feed&amp;utm_content=in_article_link\" rel=\"nofollow noopener\" target=\"_blank\" data-ylk=\"slk:une jeune fille de 17 ans a mis fin \u00e0 ses jours en sautant du toit du Panth\u00e9on \u00e0 Paris;elm:context_link;itc:0;sec:content-canvas\" class=\"link \">une jeune fille de 17 ans a mis fin \u00e0 ses jours en sautant du toit du Panth\u00e9on \u00e0 Paris<\/a> (5e\u00a0arrondissement). Le lendemain, une <a href=\"https:\/\/www.20minutes.fr\/dossier\/police?at_medium=RSS%20feed&amp;at_campaign=ynews&amp;utm_source=yahoo&amp;utm_medium=rss&amp;utm_campaign=news_feed&amp;utm_content=in_article_link\" rel=\"nofollow noopener\" target=\"_blank\" data-ylk=\"slk:source polici\u00e8re;elm:context_link;itc:0;sec:content-canvas\" class=\"link \">source polici\u00e8re<\/a> indiquait que les premiers \u00e9l\u00e9ments de l\u2019enqu\u00eate laissaient penser que l\u2019adolescente \u00ab\u00a0aurait subi une pression familiale eu \u00e9gard \u00e0 son <a href=\"https:\/\/www.20minutes.fr\/high-tech\/2733259-20200306-orientation-sexuelle-origine-ethnique-religion-nouvelle-application-gendarmes-porte-atteinte-vie-privee?at_medium=RSS%20feed&amp;at_campaign=ynews&amp;utm_source=yahoo&amp;utm_medium=rss&amp;utm_campaign=news_feed&amp;utm_content=in_article_link\" rel=\"nofollow noopener\" target=\"_blank\" data-ylk=\"slk:orientation sexuelle;elm:context_link;itc:0;sec:content-canvas\" class=\"link \">orientation sexuelle<\/a>\u00a0\u00bb.<\/p>\n<p>\u00ab\u00a0Aucun \u00e9l\u00e9ment de l\u2019enqu\u00eate n\u2019atteste l\u2019hypoth\u00e8se de pression familiale ni de question d\u2019orientation sexuelle\u00a0\u00bb, indique le <a href=\"https:\/\/www.20minutes.fr\/dossier\/parquet_de_paris?at_medium=RSS%20feed&amp;at_campaign=ynews&amp;utm_source=yahoo&amp;utm_medium=rss&amp;utm_campaign=news_feed&amp;utm_content=in_article_link\" rel=\"nofollow noopener\" target=\"_blank\" data-ylk=\"slk:parquet de Paris;elm:context_link;itc:0;sec:content-canvas\" class=\"link \">parquet de Paris<\/a> \u00e0 20 Minutes qui trouve \u00ab\u00a0regrettable que cette id\u00e9e fausse ait \u00e9t\u00e9 propag\u00e9e\u00a0\u00bb.<\/p>\n<p>L\u2019adolescente a laiss\u00e9 une lettre \u00e0 ses parents<\/p>\n<p>La jeune femme est d\u00e9c\u00e9d\u00e9e, malgr\u00e9 les soins prodigu\u00e9s par les secours, un peu avant 19 heures dimanche apr\u00e8s avoir saut\u00e9 du toit du Panth\u00e9on, situ\u00e9 dans le centre-est de la capitale, au c\u0153ur du Quartier latin.<\/p>\n<p>Plus t\u00f4t dans l\u2019apr\u00e8s-midi, sa m\u00e8re s\u2019\u00e9tait rendue au commissariat du 19e\u00a0arrondissement, pour signaler la disparition inqui\u00e9tante de sa fille apr\u00e8s avoir d\u00e9couvert \u00e0 son domicile une lettre comportant des propos suicidaires.<\/p>\n<p>Dans un rapport de f\u00e9vrier, l\u2019<a href=\"https:\/\/drees.solidarites-sante.gouv.fr\/article\/observatoire-national-du-suicide?at_medium=RSS%20feed&amp;at_campaign=ynews&amp;utm_source=yahoo&amp;utm_medium=rss&amp;utm_campaign=news_feed&amp;utm_content=in_article_link\" rel=\"nofollow noopener\" target=\"_blank\" data-ylk=\"slk:Observatoire national du suicide;elm:context_link;itc:0;sec:content-canvas\" class=\"link \">Observatoire national du suicide<\/a> \u00e9voquait une hausse des suicides chez les adolescentes et jeunes femmes\u00a0: 183 d\u2019entre elles se sont suicid\u00e9es en\u00a02022, contre 160 en\u00a02021, 120 en\u00a02020 et 132 en\u00a02019.<\/p>\n<p>Le suicide est la deuxi\u00e8me cause de d\u00e9c\u00e8s parmi les jeunes de 15 \u00e0 24 ans, derri\u00e8re les accidents de la route.<\/p>\n<p><a href=\"https:\/\/www.20minutes.fr\/faits_divers\/4153918-20250516-paris-suicide-adolescente-pantheon-lien-orientation-sexuelle-selon-parquet?at_medium=RSS%20feed&amp;at_campaign=ynews&amp;utm_source=yahoo&amp;utm_medium=rss&amp;utm_campaign=news_feed&amp;utm_content=read_more_link&quot;\" rel=\"nofollow noopener\" target=\"_blank\" data-ylk=\"slk:Lire la suite sur 20minutes;elm:context_link;itc:0;sec:content-canvas\" class=\"link \">Lire la suite sur 20minutes<\/a><\/p>\n<p>\u00c0 lire aussi :<br \/><a href=\"https:\/\/www.20minutes.fr\/faits_divers\/4152952-20250512-paris-jeune-femme-tue-chutant-toit-pantheon?at_medium=RSS%20feed&amp;at_campaign=ynews&amp;utm_source=yahoo&amp;utm_medium=rss&amp;utm_campaign=news_feed&amp;utm_content=related_content_link\" rel=\"nofollow noopener\" target=\"_blank\" data-ylk=\"slk:Paris\u00a0: Une jeune femme se tue en chutant du toit du Panth\u00e9on;elm:context_link;itc:0;sec:content-canvas\" class=\"link \">Paris\u00a0: Une jeune femme se tue en chutant du toit du Panth\u00e9on<\/a><br \/><a href=\"https:\/\/www.20minutes.fr\/justice\/4148681-20250415-suicide-evaelle-repart-combat-parents-soulages-appel-parquet?at_medium=RSS%20feed&amp;at_campaign=ynews&amp;utm_source=yahoo&amp;utm_medium=rss&amp;utm_campaign=news_feed&amp;utm_content=related_content_link\" rel=\"nofollow noopener\" target=\"_blank\" data-ylk=\"slk:Suicide d\u2019Eva\u00eblle\u00a0: \u00ab\u00a0On repart au combat\u00a0\u00bb\u2026 Ses parents soulag\u00e9s par l\u2019appel du parquet;elm:context_link;itc:0;sec:content-canvas\" class=\"link \">Suicide d\u2019Eva\u00eblle\u00a0: \u00ab\u00a0On repart au combat\u00a0\u00bb\u2026 Ses parents soulag\u00e9s par l\u2019appel du parquet<\/a><\/p>\n","protected":false},"excerpt":{"rendered":"Drame &#8211; La jeune fille de 17 ans s\u2019est donn\u00e9 la mort en sautant du toit du monument&hellip;\n","protected":false},"author":2,"featured_media":104853,"comment_status":"","ping_status":"","sticky":false,"template":"","format":"standard","meta":{"footnotes":""},"categories":[1888],"tags":[9080,1111,1928,11,1927,1777,674,1011,27,22172,12,1926,22170,9711,626,1925,22171,25],"class_list":{"0":"post-104852","1":"post","2":"type-post","3":"status-publish","4":"format-standard","5":"has-post-thumbnail","7":"category-paris","8":"tag-17-ans","9":"tag-actu","10":"tag-actu-paris","11":"tag-actualites","12":"tag-actualites-paris","13":"tag-eu","14":"tag-europe","15":"tag-fr","16":"tag-france","17":"tag-le-lendemain","18":"tag-news","19":"tag-news-paris","20":"tag-orientation-sexuelle","21":"tag-pantheon","22":"tag-paris","23":"tag-paris-news","24":"tag-pression-familiale","25":"tag-republique-francaise"},"share_on_mastodon":{"url":"https:\/\/pubeurope.com\/@fr\/114518482310936867","error":""},"_links":{"self":[{"href":"https:\/\/www.europesays.com\/fr\/wp-json\/wp\/v2\/posts\/104852","targetHints":{"allow":["GET"]}}],"collection":[{"href":"https:\/\/www.europesays.com\/fr\/wp-json\/wp\/v2\/posts"}],"about":[{"href":"https:\/\/www.europesays.com\/fr\/wp-json\/wp\/v2\/types\/post"}],"author":[{"embeddable":true,"href":"https:\/\/www.europesays.com\/fr\/wp-json\/wp\/v2\/users\/2"}],"replies":[{"embeddable":true,"href":"https:\/\/www.europesays.com\/fr\/wp-json\/wp\/v2\/comments?post=104852"}],"version-history":[{"count":0,"href":"https:\/\/www.europesays.com\/fr\/wp-json\/wp\/v2\/posts\/104852\/revisions"}],"wp:featuredmedia":[{"embeddable":true,"href":"https:\/\/www.europesays.com\/fr\/wp-json\/wp\/v2\/media\/104853"}],"wp:attachment":[{"href":"https:\/\/www.europesays.com\/fr\/wp-json\/wp\/v2\/media?parent=104852"}],"wp:term":[{"taxonomy":"category","embeddable":true,"href":"https:\/\/www.europesays.com\/fr\/wp-json\/wp\/v2\/categories?post=104852"},{"taxonomy":"post_tag","embeddable":true,"href":"https:\/\/www.europesays.com\/fr\/wp-json\/wp\/v2\/tags?post=104852"}],"curies":[{"name":"wp","href":"https:\/\/api.w.org\/{rel}","templated":true}]}}