{"id":104866,"date":"2025-05-16T16:41:08","date_gmt":"2025-05-16T16:41:08","guid":{"rendered":"https:\/\/www.europesays.com\/fr\/104866\/"},"modified":"2025-05-16T16:41:08","modified_gmt":"2025-05-16T16:41:08","slug":"preparer-sa-retraite-des-lenfance-en-allemagne-la-question-se-pose","status":"publish","type":"post","link":"https:\/\/www.europesays.com\/fr\/104866\/","title":{"rendered":"Pr\u00e9parer sa retraite d\u00e8s l\u2019enfance ? En Allemagne, la question se pose"},"content":{"rendered":"\n<p>\u201cLes retraites sont la priorit\u00e9 du gouvernement Merz\u201d, <a href=\"https:\/\/www.merkur.de\/wirtschaft\/die-rente-ist-das-erste-anliegen-der-merz-regierung-was-sofort-umgesetzt-wird-zr-93720935.html#google_vignette\" target=\"_blank\" rel=\"noopener\">annonce le <strong>M\u00fcnchner Merkur<\/strong><\/a><strong>. <\/strong>\u00c0 peine arriv\u00e9 au pouvoir, le chr\u00e9tien-d\u00e9mocrate Friedrich Merz, <a href=\"https:\/\/www.courrierinternational.com\/sujet\/friedrich-merz\" target=\"_blank\" rel=\"noopener\">le nouveau chancelier allemand<\/a>, a appel\u00e9 sa ministre du Travail et des Affaires sociales, la sociale-d\u00e9mocrate B\u00e4rbel Bas, \u00e0 prendre en charge ce dossier, jug\u00e9 particuli\u00e8rement urgent.<\/p>\n<p>\u201cAvec le d\u00e9part \u00e0 la retraite de la g\u00e9n\u00e9ration du baby-boom, l\u2019Allemagne perd un grand nombre de cotisants tandis qu\u2019en m\u00eame temps, le nombre de pensions \u00e0 verser augmente.\u201d Et en parall\u00e8le, de plus en plus de personnes \u00e2g\u00e9es tombent sous le seuil de pauvret\u00e9, dans un pays touch\u00e9 par l\u2019inflation et la r\u00e9cession.<\/p>\n<p><a class=\"ithalc\" data-ithal=\"lien_externe\" data-ithalc=\"[nav_article]\" target=\"_blank\" href=\"https:\/\/www.spiegel.de\/politik\/deutschland\/news-donald-trump-baerbel-bas-gerard-depardieu-karoline-preisler-a-53f57f11-fca4-4b46-acda-ec8928596909\" rel=\"noopener\">D\u2019apr\u00e8s <strong>Der Spiegel<\/strong><\/a><strong>,<\/strong> ni les conservateurs ni les sociaux-d\u00e9mocrates ne veulent mettre en place un syst\u00e8me de retraite public dont une part importante serait financ\u00e9e<strong> <\/strong>par capitalisation, un projet que portait pourtant le gouvernement pr\u00e9c\u00e9dent. \u201cLe SPD juge ce principe trop capitaliste et n\u00e9olib\u00e9ral, quand bien m\u00eame il vient des sociaux-d\u00e9mocrates su\u00e9dois, explique l\u2019hebdomadaire centriste. Les conservateurs ont d\u00e9sormais leur propre projet, de \u2018pr\u00e9paration anticip\u00e9e de la retraite\u2019, selon lequel 10\u00a0euros pourraient \u00eatre plac\u00e9s chaque mois, pour chaque enfant, d\u00e8s 6\u00a0ans et jusqu\u2019\u00e0 la majorit\u00e9.\u201d<\/p>\n<p>C<\/p>\n","protected":false},"excerpt":{"rendered":"\u201cLes retraites sont la priorit\u00e9 du gouvernement Merz\u201d, annonce le M\u00fcnchner Merkur. \u00c0 peine arriv\u00e9 au pouvoir, le&hellip;\n","protected":false},"author":2,"featured_media":104867,"comment_status":"","ping_status":"","sticky":false,"template":"","format":"standard","meta":{"footnotes":""},"categories":[1587],"tags":[11,672,1804,1805,1803,1777,674,1801,12,1802,9910,1857,2542],"class_list":{"0":"post-104866","1":"post","2":"type-post","3":"status-publish","4":"format-standard","5":"has-post-thumbnail","7":"category-allemagne","8":"tag-actualites","9":"tag-allemagne","10":"tag-bundesrepublik-deutschland","11":"tag-de","12":"tag-deutschland","13":"tag-eu","14":"tag-europe","15":"tag-germany","16":"tag-news","17":"tag-republique-federale-dallemagne","18":"tag-retraites","19":"tag-sociu00e9tu00e9","20":"tag-u00e9conomie"},"share_on_mastodon":{"url":"https:\/\/pubeurope.com\/@fr\/114518509767420116","error":""},"_links":{"self":[{"href":"https:\/\/www.europesays.com\/fr\/wp-json\/wp\/v2\/posts\/104866","targetHints":{"allow":["GET"]}}],"collection":[{"href":"https:\/\/www.europesays.com\/fr\/wp-json\/wp\/v2\/posts"}],"about":[{"href":"https:\/\/www.europesays.com\/fr\/wp-json\/wp\/v2\/types\/post"}],"author":[{"embeddable":true,"href":"https:\/\/www.europesays.com\/fr\/wp-json\/wp\/v2\/users\/2"}],"replies":[{"embeddable":true,"href":"https:\/\/www.europesays.com\/fr\/wp-json\/wp\/v2\/comments?post=104866"}],"version-history":[{"count":0,"href":"https:\/\/www.europesays.com\/fr\/wp-json\/wp\/v2\/posts\/104866\/revisions"}],"wp:featuredmedia":[{"embeddable":true,"href":"https:\/\/www.europesays.com\/fr\/wp-json\/wp\/v2\/media\/104867"}],"wp:attachment":[{"href":"https:\/\/www.europesays.com\/fr\/wp-json\/wp\/v2\/media?parent=104866"}],"wp:term":[{"taxonomy":"category","embeddable":true,"href":"https:\/\/www.europesays.com\/fr\/wp-json\/wp\/v2\/categories?post=104866"},{"taxonomy":"post_tag","embeddable":true,"href":"https:\/\/www.europesays.com\/fr\/wp-json\/wp\/v2\/tags?post=104866"}],"curies":[{"name":"wp","href":"https:\/\/api.w.org\/{rel}","templated":true}]}}