{"id":104870,"date":"2025-05-16T16:43:12","date_gmt":"2025-05-16T16:43:12","guid":{"rendered":"https:\/\/www.europesays.com\/fr\/104870\/"},"modified":"2025-05-16T16:43:12","modified_gmt":"2025-05-16T16:43:12","slug":"legislatives-en-albanie-un-resultat-qui-divise-le-pays-et-lunion-europeenne","status":"publish","type":"post","link":"https:\/\/www.europesays.com\/fr\/104870\/","title":{"rendered":"l\u00e9gislatives en Albanie, un r\u00e9sultat qui divise le pays et l&rsquo;Union europ\u00e9enne"},"content":{"rendered":"<p>AFP Videos &#8211; France<\/p>\n<p><a class=\"Td(n) C($inherit) LineClamp(2,45px) D(f) rapidnofollow\" data-uuid=\"6e09c841-01bf-3a8d-af45-ff9887cd994c\" href=\"https:\/\/fr.news.yahoo.com\/pourparlers-lukraine-chef-lotan-poutine-114039290.html\" data-ylk=\"elm:hdln;itc:0;pos:1;sec:strm;subsec:moreforyou;cpos:17;ct:video;g:6e09c841-01bf-3a8d-af45-ff9887cd994c\" data-hosted-type=\"HOSTED\" target=\"_blank\" rel=\"noopener\">Pourparlers sur l&rsquo;Ukraine: pour le chef de l&rsquo;Otan, Poutine a fait une \u00ab\u00a0\u00e9norme erreur\u00a0\u00bb<\/a><\/p>\n<p class=\"M(0) C($summaryColor) Fz(14px) Lh(1.43em) LineClamp(3,60px)\">Le secr\u00e9taire g\u00e9n\u00e9ral de l&rsquo;Otan, Mark Rutte, a estim\u00e9 vendredi que le pr\u00e9sident russe Vladimir Poutine\u00a0avait fait une \u00ab\u00a0\u00e9norme erreur\u00a0\u00bb en envoyant une \u00e9quipe de \u00ab\u00a0second rang\u00a0\u00bb pour les pourparlers avec l&rsquo;Ukraine \u00e0 Istanbul, en Turquie.\u00a0\u00bbJe pense que Poutine a fait une \u00e9norme erreur\u00a0\u00bb, a d\u00e9clar\u00e9 M. Rutte depuis Tirana, quelques heures avant le d\u00e9but des premi\u00e8res n\u00e9gociations directes entre Moscou et Kiev depuis les premi\u00e8res semaines de la guerre, d\u00e9clench\u00e9e par l&rsquo;invasion russe en f\u00e9vrier 2022.\u00a0\u00bbIl sait tr\u00e8s bien que la balle est dans son camp, qu&rsquo;il est en difficult\u00e9 et qu&rsquo;il a fait une \u00e9norme erreur\u00a0\u00bb, a poursuivi M. Rutte, \u00e0 son arriv\u00e9e au sommet de la Communaut\u00e9 politique europ\u00e9enne (CPE) dans la capitale albanaise. \u00ab\u00a0Je pense que toute la pression est d\u00e9sormais sur Poutine\u00a0\u00bb, a-t-il encore dit.Vladimir Poutine avait propos\u00e9 des n\u00e9gociations directes entre les deux pays. Mais, mis au d\u00e9fi par le pr\u00e9sident ukrainien Volodymyr Zelensky de se rendre \u00ab\u00a0en personne\u00a0\u00bb \u00e0 Istanbul pour n\u00e9gocier avec lui, le pr\u00e9sident russe n&rsquo;a pas fait le d\u00e9placement.La d\u00e9l\u00e9gation russe est emmen\u00e9e par un conseiller de second plan de Vladimir Poutine, Vladimir Medinski, ex-ministre de la Culture.Pour le secr\u00e9taire g\u00e9n\u00e9ral de l&rsquo;Otan, Kiev a, \u00e0 l&rsquo;inverse de Moscou, adopt\u00e9 une attitude constructive.\u00a0\u00bbJe pense que c&rsquo;est une tr\u00e8s bonne chose que les Ukrainiens soient \u00e0 la table des n\u00e9gociations\u00a0\u00bb, a soulign\u00e9 M. Rutte. \u00ab\u00a0Ils ont envoy\u00e9 une d\u00e9l\u00e9gation qui est vraiment pr\u00eate \u00e0 n\u00e9gocier un cessez-le-feu\u00a0\u00bb.Arriv\u00e9 jeudi soir \u00e0 Tirana, Volodymyr Zelensky doit lui aussi participer au sommet de la CPE, qui rassemble les dirigeants des 27 pays membres de l&rsquo;UE et d&rsquo;une vingtaine d&rsquo;autres pays europ\u00e9ens.Derri\u00e8re cet acronyme, on trouve des pays aux trajectoires radicalement diff\u00e9rentes vis-\u00e0-vis de l&rsquo;UE : des candidats d\u00e9clar\u00e9s (et impatients) \u00e0 l&rsquo;adh\u00e9sion, des pays qui savent que la porte leur est ferm\u00e9e pour longtemps, ou encore le Royaume-Uni, qui a choisi il y a neuf ans ans de quitter l&rsquo;UE avec fracas.jca\/mba<\/p>\n","protected":false},"excerpt":{"rendered":"AFP Videos &#8211; France Pourparlers sur l&rsquo;Ukraine: pour le chef de l&rsquo;Otan, Poutine a fait une \u00ab\u00a0\u00e9norme erreur\u00a0\u00bb&hellip;\n","protected":false},"author":2,"featured_media":104871,"comment_status":"","ping_status":"","sticky":false,"template":"","format":"standard","meta":{"footnotes":""},"categories":[1586],"tags":[11,11568,22173,1777,674,1779,1011,27,12,3363,25,22174,1778,364],"class_list":{"0":"post-104870","1":"post","2":"type-post","3":"status-publish","4":"format-standard","5":"has-post-thumbnail","7":"category-europe","8":"tag-actualites","9":"tag-courrier-des-balkans","10":"tag-edi-rama","11":"tag-eu","12":"tag-europe","13":"tag-european-union","14":"tag-fr","15":"tag-france","16":"tag-news","17":"tag-premier-ministre","18":"tag-republique-francaise","19":"tag-sali-berisha","20":"tag-ue","21":"tag-union-europeenne"},"share_on_mastodon":{"url":"https:\/\/pubeurope.com\/@fr\/114518517595061798","error":""},"_links":{"self":[{"href":"https:\/\/www.europesays.com\/fr\/wp-json\/wp\/v2\/posts\/104870","targetHints":{"allow":["GET"]}}],"collection":[{"href":"https:\/\/www.europesays.com\/fr\/wp-json\/wp\/v2\/posts"}],"about":[{"href":"https:\/\/www.europesays.com\/fr\/wp-json\/wp\/v2\/types\/post"}],"author":[{"embeddable":true,"href":"https:\/\/www.europesays.com\/fr\/wp-json\/wp\/v2\/users\/2"}],"replies":[{"embeddable":true,"href":"https:\/\/www.europesays.com\/fr\/wp-json\/wp\/v2\/comments?post=104870"}],"version-history":[{"count":0,"href":"https:\/\/www.europesays.com\/fr\/wp-json\/wp\/v2\/posts\/104870\/revisions"}],"wp:featuredmedia":[{"embeddable":true,"href":"https:\/\/www.europesays.com\/fr\/wp-json\/wp\/v2\/media\/104871"}],"wp:attachment":[{"href":"https:\/\/www.europesays.com\/fr\/wp-json\/wp\/v2\/media?parent=104870"}],"wp:term":[{"taxonomy":"category","embeddable":true,"href":"https:\/\/www.europesays.com\/fr\/wp-json\/wp\/v2\/categories?post=104870"},{"taxonomy":"post_tag","embeddable":true,"href":"https:\/\/www.europesays.com\/fr\/wp-json\/wp\/v2\/tags?post=104870"}],"curies":[{"name":"wp","href":"https:\/\/api.w.org\/{rel}","templated":true}]}}