{"id":104888,"date":"2025-05-16T16:56:08","date_gmt":"2025-05-16T16:56:08","guid":{"rendered":"https:\/\/www.europesays.com\/fr\/104888\/"},"modified":"2025-05-16T16:56:08","modified_gmt":"2025-05-16T16:56:08","slug":"je-ne-serai-pas-la-florent-pagny-lache-une-information-de-taille-sur-son-avenir-dans-the-voice","status":"publish","type":"post","link":"https:\/\/www.europesays.com\/fr\/104888\/","title":{"rendered":"Je ne serai pas l\u00e0\u00a0\u00bb : Florent Pagny l\u00e2che une information de taille sur son avenir dans \u00ab\u00a0The Voice"},"content":{"rendered":"<p>Une petite victoire et puis s\u2019en va ? Cela fait d\u00e9j\u00e0 6 saisons que <a href=\"https:\/\/www.public.fr\/tag\/florent-pagny\" target=\"_blank\" rel=\"noopener\">Florent Pagny<\/a> remporte le programme <strong>\u00ab\u00a0The Voice\u00a0\u00bb<\/strong>. Et, ce, en 11 saisons particip\u00e9es. Il a en effet remport\u00e9 l\u2019\u00e9dition 2025 gr\u00e2ce \u00e0 Salvatore, S\u00e9bastien, et Levon.<\/p>\n<p>Trois artistes que <a href=\"https:\/\/vsd.fr\/tag\/florent-pagny\/\" target=\"_blank\" rel=\"noopener\">l\u2019interpr\u00e8te de <strong>\u00ab\u00a0Ma libert\u00e9 de penser\u00a0\u00bb<\/strong> <\/a>a d\u00e9cid\u00e9 de regrouper afin de former un trio et donner vie \u00e0 \u00ab\u00a0Il Cello\u00a0\u00bb. Un choix qui s\u2019est av\u00e9r\u00e9 payant. Etant donn\u00e9 que les trois candidats ont \u00e9t\u00e9 sacr\u00e9s grands gagnants de la quatorzi\u00e8me saison de <strong>\u00ab\u00a0The Voice\u00a0\u00bb,<\/strong> avec 49% des votes.<\/p>\n<p>D\u00e9marrage poussif pour Il Cello<\/p>\n<p>Malgr\u00e9 cette victoire, le succ\u00e8s ne semble pas \u00eatre au rendez-vous pour le trio pour le moment. En effet, comme le notent nos confr\u00e8res de T\u00e9l\u00e9-Loisirs, apr\u00e8s la mise en ligne du top singles de la semaine par la SNEP (Syndicat national de l&rsquo;\u00e9dition phonographique), nous pouvons nous rendre compte que le premier titre du trio n\u2019appara\u00eet pas parmi les 200 mentionn\u00e9s.<\/p>\n<p>Du c\u00f4t\u00e9 de Spotify, m\u00eame son de cloche. En effet, les prot\u00e9g\u00e9s de Florent Pagny \u00ab\u00a0enregistrent seulement 23\u202f294 auditeurs mensuels. Quant \u00e0 leur single, il n&rsquo;a \u00e9t\u00e9 \u00e9cout\u00e9 que 37 158 fois depuis sa mise en ligne, ce lundi 12 mai\u00a0\u00bb, pr\u00e9cisent nos confr\u00e8res.<\/p>\n<p>De quoi faire douter Florent Pagny sur un \u00e9ventuel retour dans <strong>\u00ab\u00a0The Voice\u00a0\u00bb<\/strong> l\u2019an prochain ? Presque. En effet, <strong>le chanteur de 63 ans a r\u00e9cemment r\u00e9v\u00e9l\u00e9 \u00e0 nos confr\u00e8res de T\u00e9l\u00e9star qu\u2019il n\u2019\u00e9tait pas s\u00fbr de rempiler l\u2019an prochain <\/strong>dans le programme de TF1. N\u00e9anmoins, cela n\u2019aurait rien \u00e0 voir avec l\u2019\u00e9chec actuel de Il Cello.<\/p>\n<p>Florent Pagny, pas s\u00fbr de rempiler dans \u00ab\u00a0The Voice\u00a0\u00bb<\/p>\n<p>C\u2019est dans un entretien \u00e0 retrouver ce lundi 19 mai 2025 dans les colonnes de T\u00e9l\u00e9star que le coach de <strong>\u00ab\u00a0The Voice\u00a0\u00bb<\/strong> va \u00e9voquer son avenir, incertain, pour la prochaine saison du t\u00e9l\u00e9crochet de TF1. \u00ab\u00a0\u00c7a pourrait \u00eatre possible, mais <strong>il faudrait un gros chamboulement de planning et ce n&rsquo;est pas s\u00fbr que la cha\u00eene puisse<\/strong>\u00ab\u00a0, explique-t-il dans un premier temps.<\/p>\n<p>Avant de poursuivre : \u00ab\u00a0<strong>En octobre et en novembre prochains, je ne serai pas l\u00e0. Je d\u00e9marre des trucs, il faut que je sois l\u00e0 pour les suivre. Quand je ne suis pas l\u00e0, c&rsquo;est fait \u00e0 l\u2019envers\u00a0\u00bb. <\/strong>Florent Pagny ne mentionne toutefois pas <a href=\"https:\/\/www.public.fr\/cette-saloperie-nest-jamais-derriere-florent-pagny-face-au-cancer-les-nouvelles-revelations\" target=\"_blank\" rel=\"noopener\">la maladie<\/a> dans les raisons pouvant l\u2019emp\u00eacher de prendre part \u00e0 une nouvelle saison. De quoi rassurer tous ses fans, malgr\u00e9 tout.<\/p>\n<p>      Mentionn\u00e9s dans cet article<\/p>\n<p>\u00c0 lire aussi<\/p>\n","protected":false},"excerpt":{"rendered":"Une petite victoire et puis s\u2019en va ? Cela fait d\u00e9j\u00e0 6 saisons que Florent Pagny remporte le&hellip;\n","protected":false},"author":2,"featured_media":104889,"comment_status":"","ping_status":"","sticky":false,"template":"","format":"standard","meta":{"footnotes":""},"categories":[1359],"tags":[58,59,3109,1011,27,973,199,3074],"class_list":{"0":"post-104888","1":"post","2":"type-post","3":"status-publish","4":"format-standard","5":"has-post-thumbnail","7":"category-people","8":"tag-divertissement","9":"tag-entertainment","10":"tag-florent-pagny","11":"tag-fr","12":"tag-france","13":"tag-people","14":"tag-tf1","15":"tag-the-voice"},"share_on_mastodon":{"url":"https:\/\/pubeurope.com\/@fr\/114518568676289874","error":""},"_links":{"self":[{"href":"https:\/\/www.europesays.com\/fr\/wp-json\/wp\/v2\/posts\/104888","targetHints":{"allow":["GET"]}}],"collection":[{"href":"https:\/\/www.europesays.com\/fr\/wp-json\/wp\/v2\/posts"}],"about":[{"href":"https:\/\/www.europesays.com\/fr\/wp-json\/wp\/v2\/types\/post"}],"author":[{"embeddable":true,"href":"https:\/\/www.europesays.com\/fr\/wp-json\/wp\/v2\/users\/2"}],"replies":[{"embeddable":true,"href":"https:\/\/www.europesays.com\/fr\/wp-json\/wp\/v2\/comments?post=104888"}],"version-history":[{"count":0,"href":"https:\/\/www.europesays.com\/fr\/wp-json\/wp\/v2\/posts\/104888\/revisions"}],"wp:featuredmedia":[{"embeddable":true,"href":"https:\/\/www.europesays.com\/fr\/wp-json\/wp\/v2\/media\/104889"}],"wp:attachment":[{"href":"https:\/\/www.europesays.com\/fr\/wp-json\/wp\/v2\/media?parent=104888"}],"wp:term":[{"taxonomy":"category","embeddable":true,"href":"https:\/\/www.europesays.com\/fr\/wp-json\/wp\/v2\/categories?post=104888"},{"taxonomy":"post_tag","embeddable":true,"href":"https:\/\/www.europesays.com\/fr\/wp-json\/wp\/v2\/tags?post=104888"}],"curies":[{"name":"wp","href":"https:\/\/api.w.org\/{rel}","templated":true}]}}