{"id":104890,"date":"2025-05-16T16:57:11","date_gmt":"2025-05-16T16:57:11","guid":{"rendered":"https:\/\/www.europesays.com\/fr\/104890\/"},"modified":"2025-05-16T16:57:11","modified_gmt":"2025-05-16T16:57:11","slug":"lidentite-du-photographe-a-lorigine-du-celebre-cliche-remise-en-cause","status":"publish","type":"post","link":"https:\/\/www.europesays.com\/fr\/104890\/","title":{"rendered":"l&rsquo;identit\u00e9 du photographe \u00e0 l&rsquo;origine du c\u00e9l\u00e8bre clich\u00e9 remise en cause"},"content":{"rendered":"<p class=\"article-p mdl\">Qui a pris la c\u00e9l\u00e8bre photographie de la \u00ab\u00a0petite fille au napalm\u00a0\u00bb ? Plus d&rsquo;un demi-si\u00e8cle apr\u00e8s la publication de ce clich\u00e9, l&rsquo;un des plus embl\u00e9matiques de l&rsquo;histoire, le concours World Press Photo a annonc\u00e9, ce vendredi 16 mai, qu&rsquo;il <strong>suspendait l&rsquo;attribution du cr\u00e9dit de cette photo<\/strong>.<\/p>\n<p class=\"article-p mdl\"><a class=\"link\" href=\"https:\/\/www.rtl.fr\/actu\/international\/facebook-revient-sur-sa-censure-de-la-celebre-photo-de-la-petite-fille-brulee-pendant-la-guerre-du-vietnam-7784799872\" target=\"_blank\" rel=\"nofollow noopener\">La photo<\/a>, en noir et blanc, de cette petite fille vietnamienne gravement br\u00fbl\u00e9e, courant nue sur une route apr\u00e8s un bombardement au napalm \u00e0 Trang Bang, dans le sud du pays, en 1972 avait contribu\u00e9 \u00e0 changer la perception mondiale de cette guerre. Elle demeure, aujourd&rsquo;hui encore, un <strong>symbole de ses horreurs<\/strong>.\u00a0<\/p>\n<p class=\"article-p mdl\">Mais en janvier, un documentaire intitul\u00e9 The Stringer\u00a0a <strong>attribu\u00e9 cette photographie \u00e0 un journaliste pigiste vietnamien, Nguyen Thanh Nghe<\/strong>, interview\u00e9 dans le film. Jusqu&rsquo;ici, la paternit\u00e9 de cette image revenait au photographe am\u00e9ricano-vietnamien d&rsquo;Associated Press (AP), Huynh Cong Ut, plus connu sous le nom de Nick Ut. Ce dernier avait re\u00e7u un prix Pulitzer et un prix World Press Photo, en 1973, pour cette image embl\u00e9matique.<\/p>\n<p class=\"article-p mdl\">\u00ab\u00a0Nick Ut m&rsquo;a accompagn\u00e9 sur le terrain. Mais ce n&rsquo;est pas lui qui a pris cette photo&#8230; C&rsquo;est moi\u00a0\u00bb, affirme Nguyen Thanh Nghe dans le film.<\/p>\n<p>            L&rsquo;authenticit\u00e9 de la photo pas remise en cause<\/p>\n<p class=\"article-p mdl\">Le documentaire a donc suscit\u00e9 des doutes et a d\u00e9bouch\u00e9 sur \u00ab\u00a0une profonde r\u00e9flexion au sein de World Press Photo\u00a0\u00bb, qui a men\u00e9 une enqu\u00eate, entre janvier et mai, concernant l&rsquo;auteur de cette photo, a indiqu\u00e9 le concours dans un communiqu\u00e9.<\/p>\n<p class=\"article-p mdl\">\u00ab\u00a0Aujourd&rsquo;hui, vendredi 16 mai, World Press Photo publie des conclusions et un rapport indiquant que World Press Photo a suspendu l&rsquo;attribution de The Terror of War\u00a0(\u201cLa petite fille au\u00a0napalm\u201d) \u00e0 Nick Ut \u00e0 compter d&rsquo;aujourd&rsquo;hui\u00a0\u00bb, a-t-il d\u00e9clar\u00e9.<\/p>\n<p class=\"article-p mdl\">Le concours explique \u00e9galement qu&rsquo;apr\u00e8s analyse du lieu, de la distance et de l&rsquo;appareil photo utilis\u00e9 ce jour-l\u00e0, \u00ab\u00a0<strong>les photographes\u00a0<\/strong><strong>Nguyen Thanh Nghe ou Huynh Cong Phuc \u00e9taient peut-\u00eatre mieux plac\u00e9s<\/strong> que Nick Ut pour prendre la photo\u00a0\u00bb.<\/p>\n<p class=\"article-p mdl\">Le concours World Press Photo a insist\u00e9 sur le fait que<strong> l&rsquo;authenticit\u00e9 de la photo n&rsquo;\u00e9tait absolument pas remise en cause<\/strong>, ni le prix d\u00e9cern\u00e9.\u00a0\u00ab\u00a0Il est important de pr\u00e9ciser que la photo elle-m\u00eame est incontest\u00e9e et qu&rsquo;elle repr\u00e9sente sans aucun doute un moment historique r\u00e9el qui continue de r\u00e9sonner au Vietnam, aux \u00c9tats-Unis et dans le monde entier\u00a0\u00bb, a d\u00e9clar\u00e9 Joumana El Zein Khoury, directrice ex\u00e9cutive du concours.<\/p>\n<p>            Nick Ut assure que la photo est la sienne<\/p>\n<p class=\"article-p mdl\">D\u00e9but mai, <strong>AP a annonc\u00e9 qu&rsquo;elle continuerait de cr\u00e9diter Nick Ut<\/strong> pour la photo.\u00a0\u00ab\u00a0L&rsquo;analyse visuelle approfondie d&rsquo;AP, des entretiens avec les t\u00e9moins et l&rsquo;examen de toutes les photos disponibles prises le 8 juin 1972 montrent qu&rsquo;il est possible qu&rsquo;Ut ait pris cette photo. Aucun de ces \u00e9l\u00e9ments ne prouve que quelqu&rsquo;un d&rsquo;autre l&rsquo;a fait\u00a0\u00bb, indiquait alors un communiqu\u00e9 de l&rsquo;agence de presse.<\/p>\n<p>Mais \u00ab\u00a0notre enqu\u00eate soul\u00e8ve des questions importantes, auxquelles nous ne pourrons peut-\u00eatre jamais r\u00e9pondre\u00a0\u00bb, car \u00ab\u00a0cinquante ans ont pass\u00e9, de nombreuses personnes impliqu\u00e9es sont mortes et la technologie a ses limites\u00a0\u00bb, a ajout\u00e9 AP.<\/p>\n<p>L&rsquo;agence note par exemple qu&rsquo;il est \u00ab\u00a0probable\u00a0\u00bb d&rsquo;apr\u00e8s son enqu\u00eate que la photo ait \u00e9t\u00e9 prise avec un appareil Pentax, tandis que Nick Ut avait affirm\u00e9 dans plusieurs interviews qu&rsquo;il travaillait ce jour-l\u00e0 avec deux appareils Leica et deux Nikon.\u00a0\u00ab\u00a0L&rsquo;histoire veut qu&rsquo;Ut ait pris la photo avec un appareil Leica. L&rsquo;enqu\u00eate d&rsquo;AP a montr\u00e9 que c&rsquo;\u00e9tait tr\u00e8s peu probable. Mais Ut avait aussi l&rsquo;habitude d&rsquo;utiliser d&rsquo;autres appareils, notamment des Pentax h\u00e9rit\u00e9s de son fr\u00e8re d\u00e9c\u00e9d\u00e9\u00a0\u00bb, \u00e9crit AP dans son rapport.<\/p>\n<p>Dans un message publi\u00e9 sur Facebook en f\u00e9vrier, <strong>Nick Ut a insist\u00e9 sur le fait que l&rsquo;image \u00e9tait bien la sienne<\/strong>.<\/p>\n<p>    La r\u00e9daction vous recommande<\/p>\n<p class=\"s-newsletter__title\">\n                L\u2019actualit\u00e9 par la r\u00e9daction de RTL dans votre bo\u00eete mail.\n            <\/p>\n<p class=\"s-newsletter__subtitle\">\n                Gr\u00e2ce \u00e0 votre compte RTL abonnez-vous \u00e0 la newsletter RTL info pour suivre toute l&rsquo;actualit\u00e9 au quotidien\n            <\/p>\n<p>\n                                    Lire la suite\n                                <\/p>\n","protected":false},"excerpt":{"rendered":"Qui a pris la c\u00e9l\u00e8bre photographie de la \u00ab\u00a0petite fille au napalm\u00a0\u00bb ? Plus d&rsquo;un demi-si\u00e8cle apr\u00e8s la&hellip;\n","protected":false},"author":2,"featured_media":104891,"comment_status":"","ping_status":"","sticky":false,"template":"","format":"standard","meta":{"footnotes":""},"categories":[1358],"tags":[1348,1384,1385,1386,58,59,107,1011,27,1146,14,1756,951],"class_list":{"0":"post-104890","1":"post","2":"type-post","3":"status-publish","4":"format-standard","5":"has-post-thumbnail","7":"category-arts-et-design","8":"tag-arts","9":"tag-arts-and-design","10":"tag-arts-et-design","11":"tag-design","12":"tag-divertissement","13":"tag-entertainment","14":"tag-fil-info","15":"tag-fr","16":"tag-france","17":"tag-guerre","18":"tag-international","19":"tag-photographie","20":"tag-vietnam"},"share_on_mastodon":{"url":"https:\/\/pubeurope.com\/@fr\/114518572664064988","error":""},"_links":{"self":[{"href":"https:\/\/www.europesays.com\/fr\/wp-json\/wp\/v2\/posts\/104890","targetHints":{"allow":["GET"]}}],"collection":[{"href":"https:\/\/www.europesays.com\/fr\/wp-json\/wp\/v2\/posts"}],"about":[{"href":"https:\/\/www.europesays.com\/fr\/wp-json\/wp\/v2\/types\/post"}],"author":[{"embeddable":true,"href":"https:\/\/www.europesays.com\/fr\/wp-json\/wp\/v2\/users\/2"}],"replies":[{"embeddable":true,"href":"https:\/\/www.europesays.com\/fr\/wp-json\/wp\/v2\/comments?post=104890"}],"version-history":[{"count":0,"href":"https:\/\/www.europesays.com\/fr\/wp-json\/wp\/v2\/posts\/104890\/revisions"}],"wp:featuredmedia":[{"embeddable":true,"href":"https:\/\/www.europesays.com\/fr\/wp-json\/wp\/v2\/media\/104891"}],"wp:attachment":[{"href":"https:\/\/www.europesays.com\/fr\/wp-json\/wp\/v2\/media?parent=104890"}],"wp:term":[{"taxonomy":"category","embeddable":true,"href":"https:\/\/www.europesays.com\/fr\/wp-json\/wp\/v2\/categories?post=104890"},{"taxonomy":"post_tag","embeddable":true,"href":"https:\/\/www.europesays.com\/fr\/wp-json\/wp\/v2\/tags?post=104890"}],"curies":[{"name":"wp","href":"https:\/\/api.w.org\/{rel}","templated":true}]}}