{"id":1048905,"date":"2026-07-07T09:47:18","date_gmt":"2026-07-07T09:47:18","guid":{"rendered":"https:\/\/www.europesays.com\/fr\/1048905\/"},"modified":"2026-07-07T09:47:18","modified_gmt":"2026-07-07T09:47:18","slug":"toute-lactu-top-music-la-fete-de-la-biere-est-de-retour-a-schiltigheim","status":"publish","type":"post","link":"https:\/\/www.europesays.com\/fr\/1048905\/","title":{"rendered":"Toute l&rsquo;actu Top Music &#8211; La F\u00eate de la Bi\u00e8re est de retour \u00e0 Schiltigheim"},"content":{"rendered":"<p><img decoding=\"async\" class=\"\" style=\"width:100%\" src=\"https:\/\/www.europesays.com\/fr\/wp-content\/uploads\/2026\/07\/DSC011141783415775445.jpeg\" alt=\"La F\u00eate de la bi\u00e8re revient pour sa 44e \u00e9dition \u00e0 Schiltigheim\"\/><\/p>\n<p>La F\u00eate de la bi\u00e8re revient pour sa 44e \u00e9dition \u00e0 Schiltigheim<\/p>\n<p>Cr\u00e9dit : kahneda_photography  <\/p>\n<p>Du vendredi 31 juillet au lundi 3 ao\u00fbt, la F\u00eate de la Bi\u00e8re revient \u00e0 Schiltigheim pour sa 44e \u00e9dition ! Pr\u00e8s de 30 000 visiteurs sont attendus.  <\/p>\n<p style=\"font-weight: 400;\">Concerts, animations, restauration traditionnelle et bien s\u00fbr, une large s\u00e9lection de\u00a0<strong>bi\u00e8res locales<\/strong>. \u00c9v\u00e8nement embl\u00e9matique de l&rsquo;\u00e9t\u00e9 schilikois, la <strong>F\u00eate de la Bi\u00e8re<\/strong> s\u2019installe une nouvelle fois sur la <strong>place Alfred-Muller<\/strong>\u00a0pour quatre jours de festivit\u00e9s dans une <strong>ambiance folklore.<\/strong><\/p>\n<p style=\"font-weight: 400;\"><strong>Plus de 20 bi\u00e8res \u00e0 d\u00e9couvrir<\/strong><\/p>\n<p style=\"font-weight: 400;\">Les\u00a0<strong>Brasseurs d&rsquo;Alsace<\/strong>\u00a0mettront \u00e0 l&rsquo;honneur plus de\u00a0<strong>20 bi\u00e8res<\/strong>\u00a0tout au long de l&rsquo;\u00e9v\u00e9nement. Les amateurs pourront notamment retrouver les incontournables\u00a0<strong>Licorne, M\u00e9t\u00e9or, Fischer et Kronenbourg<\/strong>, sans oublier la\u00a0<strong>Brasserie de Schilick<\/strong>, v\u00e9ritable fiert\u00e9 locale. <strong>Deux bi\u00e8res sans alcool <\/strong>seront \u00e9galement propos\u00e9es pour celles et ceux qui souhaitent profiter de la f\u00eate autrement.<\/p>\n<p style=\"font-weight: 400;\"><strong>Une programmation riche en animations<\/strong><\/p>\n<p style=\"font-weight: 400;\">Les festivit\u00e9s d\u00e9buteront le\u00a0<strong>vendredi 31 juillet \u00e0 17 h<\/strong>, avec une inauguration officielle \u00e0\u00a0<strong>18 h<\/strong>, en pr\u00e9sence de la maire de Schiltigheim,\u00a0<strong>Nathalie Jampoc-Bertrand<\/strong>. C\u00f4t\u00e9 sc\u00e8ne, le public retrouvera notamment\u00a0<strong>Robin Leon<\/strong>\u00a0tout au long du week-end,\u00a0<strong>DJ Gecko<\/strong>\u00a0le vendredi et samedi soir, ainsi que le groupe de folk irlandais\u00a0<strong>The Bards of Sweeney<\/strong> le vendredi. Un<strong>\u00a0live<\/strong> <strong>karaok\u00e9 <\/strong>est \u00e9galement pr\u00e9vu le dimanche, sans oublier de nombreuses animations men\u00e9es par\u00a0<strong>Jean-Luc Filser<\/strong>, speaker du Racing Club de Strasbourg.<\/p>\n<p style=\"font-weight: 400;\">L&rsquo;ensemble de la programmation est \u00e0 retrouver sur le site de la <a href=\"https:\/\/www.ville-schiltigheim.fr\/agenda\/44e-edition-de-la-fete-de-la-biere\/\" rel=\"noopener nofollow\" target=\"_blank\"><strong>ville de Schiltigheim.<\/strong><\/a><\/p>\n<p style=\"font-weight: 400;\"><strong>Une \u00ab Safe Zone \u00bb parmi les nouveaut\u00e9s<\/strong><\/p>\n<p style=\"font-weight: 400;\">L&rsquo;<strong>Office des Sports, de la Culture, des Arts et Loisirs (OSCAL)<\/strong>, organisateur de l&rsquo;\u00e9v\u00e9nement, renforce une nouvelle fois son dispositif de s\u00e9curit\u00e9. Une soci\u00e9t\u00e9 de s\u00e9curit\u00e9 priv\u00e9e, les <strong>polices nationale et municipale<\/strong>, la\u00a0<strong>Croix-Rouge fran\u00e7aise<\/strong>\u00a0ainsi que\u00a0<strong>Entraid&rsquo;Addict 67<\/strong>\u00a0seront mobilis\u00e9es pendant toute la dur\u00e9e de la manifestation.<\/p>\n<p style=\"font-weight: 400;\">Parmi les nouveaut\u00e9s de cette \u00e9dition figure la mise en place d&rsquo;une\u00a0<strong>\u00ab Safe Zone \u00bb<\/strong>, un <strong>espace s\u00e9curis\u00e9 et de pr\u00e9vention <\/strong>destin\u00e9 \u00e0 accueillir les personnes victimes ou t\u00e9moins de harc\u00e8lement ou d&rsquo;agression. Le service de VTC\u00a0<strong>Eco&rsquo;Driver<\/strong>\u00a0proposera un\u00a0<strong>tarif sp\u00e9cial F\u00eate de la Bi\u00e8re<\/strong>\u00a0afin de permettre aux festivaliers de rentrer chez eux en toute s\u00e9curit\u00e9.<\/p>\n<p style=\"font-weight: 400;\">*L&rsquo;abus d&rsquo;alcool est dangereux pour la sant\u00e9. \u00c0 consommer avec mod\u00e9ration.<\/p>\n<p>Publi\u00e9 : 11h28 &#8211; Modifi\u00e9 : 11h34 <img decoding=\"async\" style=\"height:80px;max-width:unset;border-radius:8px\" src=\"https:\/\/www.europesays.com\/fr\/wp-content\/uploads\/2026\/04\/hRaHDmZXAW.png\"\/><\/p>\n<p>Martin  Antoine  &#8211; Directeur de l&rsquo;information<\/p>\n<p>Natif de Metz ( et oui \u00e7a arrive !), Martin ANTOINE est pass\u00e9 par la Normandie et Paris avant de rejoindre l&rsquo;Alsace. Form\u00e9 dans une \u00e9cole de journalisme de la capitale, il a commenc\u00e9 par la radio avant de collaborer avec plusieurs titres de presse \u00e9crite. Martin a rejoint Top Music en 2021 pour pr\u00e9senter les flashs de la matinale dans \u00ab\u00a0On est Tous Debout\u00a0\u00bb. Une \u00e9mission \u00e0 laquelle il participe chaque matin. Depuis ao\u00fbt 2024, Martin est \u00e9galement le Directeur de l&rsquo;Information de la radio. <\/p>\n","protected":false},"excerpt":{"rendered":"La F\u00eate de la bi\u00e8re revient pour sa 44e \u00e9dition \u00e0 Schiltigheim Cr\u00e9dit : kahneda_photography Du vendredi 31&hellip;\n","protected":false},"author":2,"featured_media":1048906,"comment_status":"","ping_status":"","sticky":false,"template":"","format":"standard","meta":{"footnotes":"","_share_on_mastodon":"0"},"categories":[2820],"tags":[1111,11,2389,7722,108957,108958,108956,1777,674,7186,45553,1011,27,775,5885,12139,12,25,5512,640,4890],"class_list":["post-1048905","post","type-post","status-publish","format-standard","has-post-thumbnail","category-strasbourg","tag-actu","tag-actualites","tag-alsace","tag-biere","tag-biere-sans-alcool","tag-brasserie-de-schilick","tag-brasseurs-dalsace","tag-eu","tag-europe","tag-festivites","tag-fete-de-la-biere","tag-fr","tag-france","tag-grand-est","tag-licorne","tag-meteor","tag-news","tag-republique-francaise","tag-schiltigheim","tag-strasbourg","tag-topmusicfrance"],"share_on_mastodon":{"url":"https:\/\/pubeurope.com\/@fr\/116878066915223108","error":""},"_links":{"self":[{"href":"https:\/\/www.europesays.com\/fr\/wp-json\/wp\/v2\/posts\/1048905","targetHints":{"allow":["GET"]}}],"collection":[{"href":"https:\/\/www.europesays.com\/fr\/wp-json\/wp\/v2\/posts"}],"about":[{"href":"https:\/\/www.europesays.com\/fr\/wp-json\/wp\/v2\/types\/post"}],"author":[{"embeddable":true,"href":"https:\/\/www.europesays.com\/fr\/wp-json\/wp\/v2\/users\/2"}],"replies":[{"embeddable":true,"href":"https:\/\/www.europesays.com\/fr\/wp-json\/wp\/v2\/comments?post=1048905"}],"version-history":[{"count":0,"href":"https:\/\/www.europesays.com\/fr\/wp-json\/wp\/v2\/posts\/1048905\/revisions"}],"wp:featuredmedia":[{"embeddable":true,"href":"https:\/\/www.europesays.com\/fr\/wp-json\/wp\/v2\/media\/1048906"}],"wp:attachment":[{"href":"https:\/\/www.europesays.com\/fr\/wp-json\/wp\/v2\/media?parent=1048905"}],"wp:term":[{"taxonomy":"category","embeddable":true,"href":"https:\/\/www.europesays.com\/fr\/wp-json\/wp\/v2\/categories?post=1048905"},{"taxonomy":"post_tag","embeddable":true,"href":"https:\/\/www.europesays.com\/fr\/wp-json\/wp\/v2\/tags?post=1048905"}],"curies":[{"name":"wp","href":"https:\/\/api.w.org\/{rel}","templated":true}]}}