{"id":104892,"date":"2025-05-16T16:58:08","date_gmt":"2025-05-16T16:58:08","guid":{"rendered":"https:\/\/www.europesays.com\/fr\/104892\/"},"modified":"2025-05-16T16:58:08","modified_gmt":"2025-05-16T16:58:08","slug":"pascal-dubrisay-rend-hommage-a-louis-delaporte-a-travers-un-livre","status":"publish","type":"post","link":"https:\/\/www.europesays.com\/fr\/104892\/","title":{"rendered":"Pascal Dubrisay rend hommage \u00e0 Louis Delaporte \u00e0 travers un livre"},"content":{"rendered":"<p>C\u2019est un travail minutieux que vient de terminer l\u2019auteur lochois Pascal Dubrisay. Un peu \u00e0 l\u2019image du travail effectu\u00e9 par le personnage auquel il s\u2019est int\u00e9ress\u00e9\u00a0: Louis Delaporte.<\/p>\n<p>\u00ab\u00a0Le monde entier conna\u00eet Angkor mais personne ne conna\u00eet Louis Delaporte\u00a0\u00bb, r\u00e9sume Pascal Dubrisay qui a d\u00e9marr\u00e9 son travail de collecte d\u2019informations et de documents, d\u00e8s 2011.<\/p>\n<p>F\u00e9ru d\u2019art khmer<\/p>\n<p>D\u2019o\u00f9 <a target=\"_self\" href=\"https:\/\/www.lanouvellerepublique.fr\/loches\/loches-a-une-semaine-de-l-exposition-exceptionnelle-sur-louis-delaporte-le-logis-royal-en-pleine-metamorphose-1747413123\" rel=\"noopener\">l\u2019exposition qui lui sera consacr\u00e9e d\u2019une part, jusqu\u2019\u00e0 la fin du mois de septembre<\/a> mais \u00e9galement cet ouvrage \u00e9dit\u00e9 aux \u00e9ditions Hugues de Chivr\u00e9. \u00ab\u00a0Dont un de ses grands-oncles, le comte Jehan de Marsay, est lui-m\u00eame all\u00e9 \u00e0 Angkor dans les ann\u00e9es 1880 lorsque Louis Delaporte y a effectu\u00e9 trois voyages (en 1866, 1873 et 1881)\u00a0\u00bb, glisse malicieusement l\u2019auteur lochois.<\/p>\n<p>Passionn\u00e9 par l\u2019art khmer, mais affreusement malade (1) \u00e0 l\u2019issue de ces trois exp\u00e9ditions, Louis Delaporte a consacr\u00e9 la fin de sa vie \u00e0 l\u2019\u00e9tude et la mise en valeur de son objet d\u2019\u00e9tude. \u00ab\u00a0Au Trocad\u00e9ro \u00e0 Paris, dans l\u2019aile Passy, il y a ouvert un mus\u00e9e d\u2019art khmer dont il sera le conservateur en chef\u00a0\u00bb, t\u00e9moigne Pascal Dubrisay. Une collection qui sera transf\u00e9r\u00e9e plus tard au mus\u00e9e national des arts asiatiques.<\/p>\n<p>\u00ab\u00a0Louis Delaporte, une passion pour Angkor\u00a0\u00bb, \u00e9ditions Hugues de Chivr\u00e9, 135 pages, 25\u00a0\u20ac. L\u2019auteur sera en d\u00e9dicace samedi 14\u00a0juin de 10\u00a0h \u00e0 12\u00a0h\u00a030 \u00e0 la librairie de L\u2019Oiseau Bleu, 12, rue de la R\u00e9publique \u00e0 Loches et samedi 21\u00a0juin au salon du livre \u00e0 la Chartreuse du Liget.<\/p>\n<p>(1) Sujet \u00e0 de fr\u00e9quentes crises d\u2019\u00e9touffement, il mourra des suites de l\u2019une d\u2019elles, en 1925.<\/p>\n","protected":false},"excerpt":{"rendered":"C\u2019est un travail minutieux que vient de terminer l\u2019auteur lochois Pascal Dubrisay. Un peu \u00e0 l\u2019image du travail&hellip;\n","protected":false},"author":2,"featured_media":104893,"comment_status":"","ping_status":"","sticky":false,"template":"","format":"standard","meta":{"footnotes":""},"categories":[1357],"tags":[1392,1379,58,59,1349,1011,27,1387,1380,14381,1393,2551],"class_list":{"0":"post-104892","1":"post","2":"type-post","3":"status-publish","4":"format-standard","5":"has-post-thumbnail","7":"category-livres","8":"tag-a-la-une-local","9":"tag-books","10":"tag-divertissement","11":"tag-entertainment","12":"tag-expositions","13":"tag-fr","14":"tag-france","15":"tag-indre-et-loire","16":"tag-livres","17":"tag-loches","18":"tag-loisirs","19":"tag-patrimoine"},"share_on_mastodon":{"url":"https:\/\/pubeurope.com\/@fr\/114518576701862308","error":""},"_links":{"self":[{"href":"https:\/\/www.europesays.com\/fr\/wp-json\/wp\/v2\/posts\/104892","targetHints":{"allow":["GET"]}}],"collection":[{"href":"https:\/\/www.europesays.com\/fr\/wp-json\/wp\/v2\/posts"}],"about":[{"href":"https:\/\/www.europesays.com\/fr\/wp-json\/wp\/v2\/types\/post"}],"author":[{"embeddable":true,"href":"https:\/\/www.europesays.com\/fr\/wp-json\/wp\/v2\/users\/2"}],"replies":[{"embeddable":true,"href":"https:\/\/www.europesays.com\/fr\/wp-json\/wp\/v2\/comments?post=104892"}],"version-history":[{"count":0,"href":"https:\/\/www.europesays.com\/fr\/wp-json\/wp\/v2\/posts\/104892\/revisions"}],"wp:featuredmedia":[{"embeddable":true,"href":"https:\/\/www.europesays.com\/fr\/wp-json\/wp\/v2\/media\/104893"}],"wp:attachment":[{"href":"https:\/\/www.europesays.com\/fr\/wp-json\/wp\/v2\/media?parent=104892"}],"wp:term":[{"taxonomy":"category","embeddable":true,"href":"https:\/\/www.europesays.com\/fr\/wp-json\/wp\/v2\/categories?post=104892"},{"taxonomy":"post_tag","embeddable":true,"href":"https:\/\/www.europesays.com\/fr\/wp-json\/wp\/v2\/tags?post=104892"}],"curies":[{"name":"wp","href":"https:\/\/api.w.org\/{rel}","templated":true}]}}