{"id":104898,"date":"2025-05-16T17:01:09","date_gmt":"2025-05-16T17:01:09","guid":{"rendered":"https:\/\/www.europesays.com\/fr\/104898\/"},"modified":"2025-05-16T17:01:09","modified_gmt":"2025-05-16T17:01:09","slug":"la-soupe-aux-choux-aura-droit-a-une-suite-au-cinema-45-ans-apres","status":"publish","type":"post","link":"https:\/\/www.europesays.com\/fr\/104898\/","title":{"rendered":"La Soupe aux choux aura droit \u00e0 une suite au cin\u00e9ma, 45 ans apr\u00e8s"},"content":{"rendered":"<p>La suite du c\u00e9l\u00e8bre film avec Louis de\u00a0Fun\u00e8s et Jean Carmet est annonc\u00e9e par S\u00e9bastien Fuchner. Le producteur reconna\u00eet qu\u2019il va s\u2019attaquer \u00e0 \u00ab un monument du cin\u00e9ma fran\u00e7ais\u00a0\u00bb.<\/p>\n<p class=\"fig-paragraph\">\u00ab La soupe aux choux, mon blaise, \u00e7a parfume jusqu\u2019au trognon.\u00a0\u00bb 45 ans apr\u00e8s sa sortie, la com\u00e9die culte mettant en sc\u00e8ne\u00a0<a href=\"http:\/\/www.lefigaro.fr\/nantes\/l-ancien-domaine-du-chateau-de-louis-de-funes-preempte-par-la-safer-20240227\" data-fig-type=\"NewsFlash\" data-gtm-custom-categorie=\"navigation\" data-gtm-custom-action=\"crossclick\" data-gtm-custom-label=\"Contextuel\" data-gtm-event=\"customEventSPE\" data-fig-domain=\"LEFIGARO\" rel=\"nofollow noopener\" target=\"_blank\">Louis de\u00a0Fun\u00e8s,<\/a>\u00a0<a href=\"http:\/\/www.lefigaro.fr\/cinema\/l-oeil-de-l-ina-jean-carmet-la-soif-de-vivre-d-un-grand-acteur-20240427\" data-fig-type=\"Article\" data-gtm-custom-categorie=\"navigation\" data-gtm-custom-action=\"crossclick\" data-gtm-custom-label=\"Contextuel\" data-gtm-event=\"customEventSPE\" data-fig-domain=\"LEFIGARO\" rel=\"nofollow noopener\" target=\"_blank\">Jean Carmet<\/a>\u00a0et Jacques Villeret aura droit \u00e0 une suite, r\u00e9v\u00e8le\u00a0<a href=\"https:\/\/www.lefilmfrancais.com\/cinema\/171748\/une-suite-en-projet-pour-la-soupe-aux-choux\" target=\"_blank\" rel=\"nofollow noopener\" data-gtm-custom-categorie=\"navigation\" data-gtm-custom-action=\"crossclick\" data-gtm-custom-label=\"Contextuel\" data-gtm-event=\"customEventSPE\">Le Film Fran\u00e7ais<\/a> . Le long-m\u00e9trage sera produit par S\u00e9bastien Fechner (La Dream Team, Le Jardinier), le neveu de\u00a0<a href=\"https:\/\/www.lefigaro.fr\/cinema\/2008\/11\/27\/03002-20081127ARTFIG00143-christian-fechner-le-producteur-magicien-.php\" data-fig-type=\"Article\" data-gtm-custom-categorie=\"navigation\" data-gtm-custom-action=\"crossclick\" data-gtm-custom-label=\"Contextuel\" data-gtm-event=\"customEventSPE\" data-fig-domain=\"LEFIGARO\" rel=\"nofollow noopener\" target=\"_blank\">Christian Fechner<\/a>, le producteur de la com\u00e9die. \u00ab Nous allons nous attaquer avec une tr\u00e8s lourde responsabilit\u00e9, \u00e0 un monument du cin\u00e9ma fran\u00e7ais et de la com\u00e9die, La Soupe aux choux, dont nous d\u00e9veloppons une suite, confie S\u00e9bastien Fechner. Je ne suis pas encore en mesure de pr\u00e9ciser nos partenaires ou les talents avec lesquels nous allons travailler, mais l\u2019int\u00e9r\u00eat est l\u00e0.\u00a0\u00bb<\/p>\n<p>Plus de trois millions d\u2019entr\u00e9es \u00e0 sa sortie<\/p>\n<p class=\"fig-paragraph\">R\u00e9alis\u00e9 par Jean Girault en 1981, La Soupe aux choux raconte l\u2019histoire de deux voisins septuag\u00e9naires, Le Glaude (Louis de\u00a0Fun\u00e8s) et Le Bomb\u00e9 (Jean Carmet) qui vivent \u00e0 l\u2019\u00e9cart de la soci\u00e9t\u00e9 moderne. Alors qu\u2019ils passent leurs temps \u00e0 boire et \u00e0 flatuler, le quotidien des deux hommes est perturb\u00e9 par l\u2019arriv\u00e9e, en pleine nuit, d\u2019une soucoupe volante. Les deux hommes rencontrent un extraterrestre (<a href=\"http:\/\/www.lefigaro.fr\/theatre\/diner-de-cons-les-repliques-de-francois-pignon-annotees-par-jacques-villeret-exhumees-20241105\" data-fig-type=\"NewsFlash\" data-gtm-custom-categorie=\"navigation\" data-gtm-custom-action=\"crossclick\" data-gtm-custom-label=\"Contextuel\" data-gtm-event=\"customEventSPE\" data-fig-domain=\"LEFIGARO\" rel=\"nofollow noopener\" target=\"_blank\">Jacques Villeret<\/a>) v\u00eatu d\u2019une combinaison jaune et rouge, qu\u2019ils surnomment La Denr\u00e9e. Si \u00e0 sa sortie, le film a re\u00e7u des critiques n\u00e9gatives de la presse, il a en revanche rassembl\u00e9 plus de trois millions de spectateurs dans les salles hexagonales. B\u00e9n\u00e9ficiant de nombreuses rediffusions \u00e0 la t\u00e9l\u00e9vision, le long-m\u00e9trage est devenu, au fil des d\u00e9cennies, l\u2019une des com\u00e9dies les plus populaires de Louis de\u00a0Fun\u00e8s.<\/p>\n","protected":false},"excerpt":{"rendered":"La suite du c\u00e9l\u00e8bre film avec Louis de\u00a0Fun\u00e8s et Jean Carmet est annonc\u00e9e par S\u00e9bastien Fuchner. Le producteur&hellip;\n","protected":false},"author":2,"featured_media":104899,"comment_status":"","ping_status":"","sticky":false,"template":"","format":"standard","meta":{"footnotes":""},"categories":[1354],"tags":[2084,2083,2080,650,4228,58,59,2081,1346,1011,27,22176,22175,1360,2082],"class_list":{"0":"post-104898","1":"post","2":"type-post","3":"status-publish","4":"format-standard","5":"has-post-thumbnail","7":"category-films","8":"tag-affiche","9":"tag-bandes-annonces","10":"tag-box-office","11":"tag-cinema","12":"tag-comedie","13":"tag-divertissement","14":"tag-entertainment","15":"tag-film","16":"tag-films","17":"tag-fr","18":"tag-france","19":"tag-jean-carmet","20":"tag-louis-de-funes","21":"tag-movies","22":"tag-salles"},"share_on_mastodon":{"url":"https:\/\/pubeurope.com\/@fr\/114518588466509003","error":""},"_links":{"self":[{"href":"https:\/\/www.europesays.com\/fr\/wp-json\/wp\/v2\/posts\/104898","targetHints":{"allow":["GET"]}}],"collection":[{"href":"https:\/\/www.europesays.com\/fr\/wp-json\/wp\/v2\/posts"}],"about":[{"href":"https:\/\/www.europesays.com\/fr\/wp-json\/wp\/v2\/types\/post"}],"author":[{"embeddable":true,"href":"https:\/\/www.europesays.com\/fr\/wp-json\/wp\/v2\/users\/2"}],"replies":[{"embeddable":true,"href":"https:\/\/www.europesays.com\/fr\/wp-json\/wp\/v2\/comments?post=104898"}],"version-history":[{"count":0,"href":"https:\/\/www.europesays.com\/fr\/wp-json\/wp\/v2\/posts\/104898\/revisions"}],"wp:featuredmedia":[{"embeddable":true,"href":"https:\/\/www.europesays.com\/fr\/wp-json\/wp\/v2\/media\/104899"}],"wp:attachment":[{"href":"https:\/\/www.europesays.com\/fr\/wp-json\/wp\/v2\/media?parent=104898"}],"wp:term":[{"taxonomy":"category","embeddable":true,"href":"https:\/\/www.europesays.com\/fr\/wp-json\/wp\/v2\/categories?post=104898"},{"taxonomy":"post_tag","embeddable":true,"href":"https:\/\/www.europesays.com\/fr\/wp-json\/wp\/v2\/tags?post=104898"}],"curies":[{"name":"wp","href":"https:\/\/api.w.org\/{rel}","templated":true}]}}