{"id":104910,"date":"2025-05-16T17:07:10","date_gmt":"2025-05-16T17:07:10","guid":{"rendered":"https:\/\/www.europesays.com\/fr\/104910\/"},"modified":"2025-05-16T17:07:10","modified_gmt":"2025-05-16T17:07:10","slug":"therapies-de-conversion-une-petition-citoyenne-pour-les-interdire-dans-lue-atteint-le-million-de-signatures-lhumanite","status":"publish","type":"post","link":"https:\/\/www.europesays.com\/fr\/104910\/","title":{"rendered":"\u00ab Th\u00e9rapies de conversion \u00bb : une p\u00e9tition citoyenne pour les interdire dans l\u2019UE atteint le million de signatures &#8211; L&#039;Humanit\u00e9"},"content":{"rendered":"<ol>\n<li><a href=\"https:\/\/news.google.com\/rss\/articles\/CBMi6AFBVV95cUxNWGQwZXVOWmUzeWg4NTZ1NGE0M2cyZmIzNEFFQnd1RnF2TzhmeDducUd0R2lkZ0c5YXNGbVZaY0x1eV9Pc2pkWlZKY3Jnb3FiZU9ndXhtREhlaktwcXd3NUptQlNOV1RTMEhMOEdvQi1ZWURMMmdXeGJFRHAySG5vcmVvYmc0azNrMHc1ak1uMlhqa01abEtnV2hSVC1Qa0hjNHkxMXVHdGpkVEpJTm52U3EyN1FuMjctd09qQkFtb09PajFlTjlMOXUyWDl0VURjNm80enNUZzBhdWx6cDJ4RTdjbERVNWs3?oc=5\" target=\"_blank\" rel=\"nofollow noopener\">\u00ab Th\u00e9rapies de conversion \u00bb : une p\u00e9tition citoyenne pour les interdire dans l\u2019UE atteint le million de signatures<\/a>&nbsp;&nbsp;L&rsquo;Humanit\u00e9<\/li>\n<li><a href=\"https:\/\/news.google.com\/rss\/articles\/CBMijwJBVV95cUxOTFFTaDZpRS1NYUx3UjVkVnZOZlJvQ3BDVUU0VHh0OThrcUt3RjhiXzQ2Vk9xZ29wWmpIQ0lrcS1mR0FocTZ1cE05dnpOeG5jU1JXWktmdGRxNEJQSEwwUXQ4b0JjX3RNb0djRXpBTUVJZTdacWR3WklURy1yeE9PbmtORDBIclA5WXBiTzQ5SzhxZU5qZHVMSjlFblEtaENTdlZVUE9ZWURJZVB5VWhMN09rcWhicHQzcUJEWFN6V21NVnFfaXIyU0RvV1NyOEVHbVZNazJkN2t4dFdaYlNPckpWZ3ZFLTUwS0xJRS1kU3Y2NHZmZmpuSGxWWHkyTzdyTHYxMU5kTzJ0SlpCZUVv?oc=5\" target=\"_blank\" rel=\"nofollow noopener\">La p\u00e9tition pour interdire les th\u00e9rapies de \u201cconversion\u201d des LGBT+ dans l\u2019Union europ\u00e9enne a atteint son objectif. Et maintenant ?<\/a>&nbsp;&nbsp;Le Nouvel Obs<\/li>\n<li><a href=\"https:\/\/news.google.com\/rss\/articles\/CBMiwwFBVV95cUxPcTlGc2ZOS3hDbzMtclNLUHhnc2kza0tqRzVBdVRPRTNNQ1VNUHhEandqMjR0Uy12ZVJCbVFwUjNVMkV6Ylg5QTM2UUcwRllKSG04bGZMUmNPNVNHbUhsZ1NsUjdaYmNuVW10WERQMjZxYkdYOTFSdFA1OEVtZDRtVGtWZzJzM0pPbV9tSWhfcWRnTzJBdmdaU2tGQjB5V2t2WHFOQTQ0WktSazRoOUNDeVJrTTdNTnhKS3Z4dmFnS0hfMGM?oc=5\" target=\"_blank\" rel=\"nofollow noopener\">1 million de signatures pour l\u2019interdiction des \u00ab th\u00e9rapies \u00bb de conversion<\/a>&nbsp;&nbsp;20 Minutes<\/li>\n<li><a href=\"https:\/\/news.google.com\/rss\/articles\/CBMi4AFBVV95cUxQeW1FM3V5SUh5VlNrR3pSQ1c0Z1FnUnVqclk1ZGNhYXB5UXk0RzZRMnYyLWhRaGZQOTNSeG9fTmdrU3djQkR6bzRYLVlObVd3UzJUcUd2VWRobkIzUW04V0tNMHhISmJ6bGh2Smh5SFZJU3RyOTZDM2QydkRNc2ZNSmxxVzA3N2VaSnY0d3R3UU5QRGdhUlVQNGdJVGIyd093d0ZERnVzdkxteDR3VmtYRW4zM2owYm1SRDB6T3p4U2tYWGFNbDVkUjRDZXV0Wk04dHZTT1RzY3VWN0xEU1FtNw?oc=5\" target=\"_blank\" rel=\"nofollow noopener\">Un million de personnes appellent l\u2019UE \u00e0 interdire les \u00abth\u00e9rapies\u00bb de conversion des personnes LGBT+<\/a>&nbsp;&nbsp;Le Figaro<\/li>\n<li><a href=\"https:\/\/news.google.com\/rss\/articles\/CBMiuwJBVV95cUxQR25tMFAzdUpPWDFKalR3RldVX2Q1Q0ZJRF93OHhpUGpRcGc0SWZ6NWtUc2FtUFdfREc4WGV2NG1yaGIySHhjY184dnNuV0hBVENadHk4U0RsUXh1R2xlcVpDRFV0Q2NRNFR6RENmc1VBOTJhcHBCNDU2TG5kWEY4djhiemNwYmZrdXUyOW1ac1p5UFVVTTdhSTlmU082Q1h5T3hROHVPS0dfRF92N3E5ZGgwTUFxTU9pbFhqZngzUkQ1YXF3TnJyazcyX0ZaRDVHYTdxVkdBaWYtbTZHRnZXWEo3U1JHbGprTnl0LW56R2RmN2NNZHJ0Y0c2aGJYV1IwM1VrQktsWFJhMUI0TGtKMGpBZDVuYm9nNlZoRG5qcE1XZjdEd1pTemlWV0w0bGJ6UjJSZjJNekNsNTQ?oc=5\" target=\"_blank\" rel=\"nofollow noopener\">Th\u00e9rapies de conversion : la gauche et le camp pr\u00e9sidentiel mobilis\u00e9s pour leur interdiction dans l\u2019UE, avant la cl\u00f4ture de l\u2019initiative citoyenne<\/a>&nbsp;&nbsp;Le Monde.fr<\/li>\n<\/ol>\n","protected":false},"excerpt":{"rendered":"\u00ab Th\u00e9rapies de conversion \u00bb : une p\u00e9tition citoyenne pour les interdire dans l\u2019UE atteint le million de&hellip;\n","protected":false},"author":2,"featured_media":104911,"comment_status":"","ping_status":"","sticky":false,"template":"","format":"standard","meta":{"footnotes":""},"categories":[5],"tags":[11,1011,27,22177,14,12,22178,2475,28],"class_list":{"0":"post-104910","1":"post","2":"type-post","3":"status-publish","4":"format-standard","5":"has-post-thumbnail","7":"category-international","8":"tag-actualites","9":"tag-fr","10":"tag-france","11":"tag-homosexualitu00e9","12":"tag-international","13":"tag-news","14":"tag-thu00e9rapie-de-conversion","15":"tag-union-europu00e9enne","16":"tag-world"},"share_on_mastodon":{"url":"https:\/\/pubeurope.com\/@fr\/114518612001028009","error":""},"_links":{"self":[{"href":"https:\/\/www.europesays.com\/fr\/wp-json\/wp\/v2\/posts\/104910","targetHints":{"allow":["GET"]}}],"collection":[{"href":"https:\/\/www.europesays.com\/fr\/wp-json\/wp\/v2\/posts"}],"about":[{"href":"https:\/\/www.europesays.com\/fr\/wp-json\/wp\/v2\/types\/post"}],"author":[{"embeddable":true,"href":"https:\/\/www.europesays.com\/fr\/wp-json\/wp\/v2\/users\/2"}],"replies":[{"embeddable":true,"href":"https:\/\/www.europesays.com\/fr\/wp-json\/wp\/v2\/comments?post=104910"}],"version-history":[{"count":0,"href":"https:\/\/www.europesays.com\/fr\/wp-json\/wp\/v2\/posts\/104910\/revisions"}],"wp:featuredmedia":[{"embeddable":true,"href":"https:\/\/www.europesays.com\/fr\/wp-json\/wp\/v2\/media\/104911"}],"wp:attachment":[{"href":"https:\/\/www.europesays.com\/fr\/wp-json\/wp\/v2\/media?parent=104910"}],"wp:term":[{"taxonomy":"category","embeddable":true,"href":"https:\/\/www.europesays.com\/fr\/wp-json\/wp\/v2\/categories?post=104910"},{"taxonomy":"post_tag","embeddable":true,"href":"https:\/\/www.europesays.com\/fr\/wp-json\/wp\/v2\/tags?post=104910"}],"curies":[{"name":"wp","href":"https:\/\/api.w.org\/{rel}","templated":true}]}}