{"id":104920,"date":"2025-05-16T17:12:08","date_gmt":"2025-05-16T17:12:08","guid":{"rendered":"https:\/\/www.europesays.com\/fr\/104920\/"},"modified":"2025-05-16T17:12:08","modified_gmt":"2025-05-16T17:12:08","slug":"nancy-un-ado-met-le-feu-a-une-poubelle-lincendie-se-propage-a-une-maison-une-famille-relogee","status":"publish","type":"post","link":"https:\/\/www.europesays.com\/fr\/104920\/","title":{"rendered":"Nancy. Un ado met le feu \u00e0 une poubelle, l&rsquo;incendie se propage \u00e0 une maison : une famille relog\u00e9e"},"content":{"rendered":"<p>            Par<br \/>\n        <strong><br \/>\n            <a href=\"https:\/\/actu.fr\/auteur\/pierre-emile-bouchy-actu-fr\" title=\"Consulter tous les articles de Paul-Emile Bouchy\" rel=\"nofollow noopener\" target=\"_blank\">Paul-Emile Bouchy<\/a><br \/>\n        <\/strong><\/p>\n<p>        Publi\u00e9 le<\/p>\n<p>            16 mai 2025 \u00e0 18h48        <\/p>\n<p>Dans la nuit du mercredi 14 au jeudi 15 mai, la <a href=\"https:\/\/actu.fr\/tag\/police\" rel=\"nofollow noopener\" target=\"_blank\">police<\/a> a \u00e9t\u00e9 alert\u00e9e pour <strong>trois feux de poubelles<\/strong> : l\u2019un rue Raymond Poincar\u00e9 \u00e0 <a href=\"https:\/\/actu.fr\/grand-est\/nancy_54395\" rel=\"nofollow noopener\" target=\"_blank\">Nancy<\/a>, et deux sur la commune de Laxou.<\/p>\n<p class=\" wall-content\">Gr\u00e2ce \u00e0 la <a href=\"https:\/\/actu.fr\/tag\/videosurveillance\" rel=\"nofollow noopener\" target=\"_blank\">vid\u00e9osurveillance<\/a>, les policiers sont parvenus \u00e0 <strong>arr\u00eater un adolescent de 14 ans<\/strong>.<\/p>\n<p>Une maison touch\u00e9e par un feu de poubelles<\/p>\n<p class=\" wall-content\">\u00c0 Nancy, <strong>le feu de poubelle s\u2019est propag\u00e9 \u00e0 une maison<\/strong>. \u00ab\u00a0La famille qui y habitait a d\u00fb \u00eatre relog\u00e9e\u00a0\u00bb, pr\u00e9cise la police.<\/p>\n<p class=\" wall-content\">Interpell\u00e9 alors qu\u2019il contemplait l\u2019incendie, <strong>l\u2019adolescent a reconnu \u00eatre l\u2019auteur des trois feux de poubelles<\/strong>.<\/p>\n<p class=\" wall-content\">Il a \u00e9t\u00e9 remis au foyer o\u00f9 il vit et a \u00e9cop\u00e9 d\u2019une composition p\u00e9nale.<\/p>\n<p>Vid\u00e9os : en ce moment sur Actu<\/p>\n<p class=\" wall-content\">Suivez toute l\u2019actualit\u00e9 de vos villes et m\u00e9dias favoris en vous inscrivant \u00e0 <a href=\"https:\/\/moncompte.actu.fr\" title=\"D\u00e9couvez Mon Actu\" rel=\"nofollow noopener\" data-trk=\"{&quot;cta&quot;:{&quot;action&quot;:&quot;https:\\\/\\\/moncompte.actu.fr&quot;,&quot;category&quot;:&quot;mon compte&quot;,&quot;from&quot;:&quot;article footer&quot;,&quot;name&quot;:&quot;Mon actu&quot;,&quot;type&quot;:&quot;cta&quot;}}\" target=\"_blank\">Mon Actu<\/a>.<\/p>\n","protected":false},"excerpt":{"rendered":"Par Paul-Emile Bouchy Publi\u00e9 le 16 mai 2025 \u00e0 18h48 Dans la nuit du mercredi 14 au jeudi&hellip;\n","protected":false},"author":2,"featured_media":26108,"comment_status":"","ping_status":"","sticky":false,"template":"","format":"standard","meta":{"footnotes":""},"categories":[9635],"tags":[1111,11,1777,674,118,1011,27,775,1310,1702,12,1072,25],"class_list":{"0":"post-104920","1":"post","2":"type-post","3":"status-publish","4":"format-standard","5":"has-post-thumbnail","7":"category-nancy","8":"tag-actu","9":"tag-actualites","10":"tag-eu","11":"tag-europe","12":"tag-faits-divers","13":"tag-fr","14":"tag-france","15":"tag-grand-est","16":"tag-incendie","17":"tag-nancy","18":"tag-news","19":"tag-police","20":"tag-republique-francaise"},"share_on_mastodon":{"url":"https:\/\/pubeurope.com\/@fr\/114518631637070610","error":""},"_links":{"self":[{"href":"https:\/\/www.europesays.com\/fr\/wp-json\/wp\/v2\/posts\/104920","targetHints":{"allow":["GET"]}}],"collection":[{"href":"https:\/\/www.europesays.com\/fr\/wp-json\/wp\/v2\/posts"}],"about":[{"href":"https:\/\/www.europesays.com\/fr\/wp-json\/wp\/v2\/types\/post"}],"author":[{"embeddable":true,"href":"https:\/\/www.europesays.com\/fr\/wp-json\/wp\/v2\/users\/2"}],"replies":[{"embeddable":true,"href":"https:\/\/www.europesays.com\/fr\/wp-json\/wp\/v2\/comments?post=104920"}],"version-history":[{"count":0,"href":"https:\/\/www.europesays.com\/fr\/wp-json\/wp\/v2\/posts\/104920\/revisions"}],"wp:featuredmedia":[{"embeddable":true,"href":"https:\/\/www.europesays.com\/fr\/wp-json\/wp\/v2\/media\/26108"}],"wp:attachment":[{"href":"https:\/\/www.europesays.com\/fr\/wp-json\/wp\/v2\/media?parent=104920"}],"wp:term":[{"taxonomy":"category","embeddable":true,"href":"https:\/\/www.europesays.com\/fr\/wp-json\/wp\/v2\/categories?post=104920"},{"taxonomy":"post_tag","embeddable":true,"href":"https:\/\/www.europesays.com\/fr\/wp-json\/wp\/v2\/tags?post=104920"}],"curies":[{"name":"wp","href":"https:\/\/api.w.org\/{rel}","templated":true}]}}