{"id":104925,"date":"2025-05-16T17:15:09","date_gmt":"2025-05-16T17:15:09","guid":{"rendered":"https:\/\/www.europesays.com\/fr\/104925\/"},"modified":"2025-05-16T17:15:09","modified_gmt":"2025-05-16T17:15:09","slug":"melvyn-jaminet-de-retour-de-blessure-avec-toulon-face-a-pau","status":"publish","type":"post","link":"https:\/\/www.europesays.com\/fr\/104925\/","title":{"rendered":"Melvyn Jaminet de retour de blessure avec Toulon face \u00e0 Pau"},"content":{"rendered":"<p>Bless\u00e9 contre Vannes le 29 avril dernier, Jaminet est de retour \u00e0 l\u2019arri\u00e8re pour affronter Pau ce samedi (16h30).<\/p>\n<p class=\"fig-paragraph\">\u00c9cras\u00e9 par\u00a0<a href=\"http:\/\/www.lefigaro.fr\/sports\/rugby\/top-14\/top-14-ca-ne-fait-que-conforter-ma-colere-ugo-mola-regrette-toujours-l-elimination-de-toulouse-en-champions-cup-20250511\" data-fig-type=\"NewsFlash\" data-gtm-custom-categorie=\"navigation\" data-gtm-custom-action=\"crossclick\" data-gtm-custom-label=\"Contextuel\" data-gtm-event=\"customEventSPE\" data-fig-domain=\"LEFIGARO\" target=\"_blank\" rel=\"noopener\">Toulouse<\/a>\u00a0lors de la derni\u00e8re journ\u00e9e, Toulon a besoin de se rattraper pour ne pas se faire distancer par l\u2019UBB, deuxi\u00e8me. Pour le d\u00e9placement \u00e0 Pau ce samedi (16h30), Toulon va r\u00e9cup\u00e9rer son arri\u00e8re Melvyn Jaminet, de retour apr\u00e8s une op\u00e9ration du plancher orbital subie apr\u00e8s la rencontre contre Vannes le 29 avril dernier.<\/p>\n<p class=\"fig-paragraph\">A la charni\u00e8re, Jules Danglot remplace\u00a0<a href=\"http:\/\/www.lefigaro.fr\/sports\/rugby\/top-14\/toulon-toulouse-capuozzo-et-chocobares-bouillants-serin-a-du-sang-sur-les-mains-costes-la-plaie-les-tops-flops-20250511\" data-fig-type=\"NewsFlash\" data-gtm-custom-categorie=\"navigation\" data-gtm-custom-action=\"crossclick\" data-gtm-custom-label=\"Contextuel\" data-gtm-event=\"customEventSPE\" data-fig-domain=\"LEFIGARO\" target=\"_blank\" rel=\"noopener\">Baptiste Serin<\/a>, suspendu. Il sera associ\u00e9 au Gallois Dan Biggar. Au centre, le Samoan Duncan Paia\u2019aua fait \u00e9galement son retour aux c\u00f4t\u00e9s du All Black Leicester Fainga\u2019anuku. Devant, les jeunes Damond, au talon, et M\u00e9zou, en deuxi\u00e8me-ligne, seront titulaires.<\/p>\n<p class=\"fig-paragraph\"><strong>La composition de Toulon<\/strong>\u00a0: Jaminet &#8211; Wainiqolo, Fainga\u2019anuku, Paia\u2019aua, Villi\u00e8re &#8211; Biggar, Danglot &#8211; Tolofua, Abadie, Coulon &#8211; Alainu\u2019uese, M\u00e9zou &#8211; Gigashvili, Damond, Priso<\/p>\n<p class=\"fig-paragraph\"><strong>Les rempla\u00e7ants<\/strong>\u00a0: Baubigny, Brennan, Ludlam, S. Rebbadj, Isa, Herv\u00e9, Tuicuvu, Sinckler.<\/p>\n","protected":false},"excerpt":{"rendered":"Bless\u00e9 contre Vannes le 29 avril dernier, Jaminet est de retour \u00e0 l\u2019arri\u00e8re pour affronter Pau ce samedi&hellip;\n","protected":false},"author":2,"featured_media":104926,"comment_status":"","ping_status":"","sticky":false,"template":"","format":"standard","meta":{"footnotes":""},"categories":[9619],"tags":[1111,11,525,4590,1981,2313,814,1777,674,1011,27,955,13084,12,4589,882,2311,3461,25,1980,479,2259,12098,478,2310,2312],"class_list":{"0":"post-104925","1":"post","2":"type-post","3":"status-publish","4":"format-standard","5":"has-post-thumbnail","7":"category-toulon","8":"tag-actu","9":"tag-actualites","10":"tag-calendrier","11":"tag-championnat-france","12":"tag-classement","13":"tag-clermont","14":"tag-direct","15":"tag-eu","16":"tag-europe","17":"tag-fr","18":"tag-france","19":"tag-match","20":"tag-melvyn-jaminet","21":"tag-news","22":"tag-phase-finale","23":"tag-provence-alpes-cote-dazur","24":"tag-racing","25":"tag-rct","26":"tag-republique-francaise","27":"tag-resultats","28":"tag-rugby","29":"tag-score","30":"tag-section-paloise","31":"tag-top-14","32":"tag-toulon","33":"tag-toulouse"},"share_on_mastodon":{"url":"https:\/\/pubeurope.com\/@fr\/114518643498341873","error":""},"_links":{"self":[{"href":"https:\/\/www.europesays.com\/fr\/wp-json\/wp\/v2\/posts\/104925","targetHints":{"allow":["GET"]}}],"collection":[{"href":"https:\/\/www.europesays.com\/fr\/wp-json\/wp\/v2\/posts"}],"about":[{"href":"https:\/\/www.europesays.com\/fr\/wp-json\/wp\/v2\/types\/post"}],"author":[{"embeddable":true,"href":"https:\/\/www.europesays.com\/fr\/wp-json\/wp\/v2\/users\/2"}],"replies":[{"embeddable":true,"href":"https:\/\/www.europesays.com\/fr\/wp-json\/wp\/v2\/comments?post=104925"}],"version-history":[{"count":0,"href":"https:\/\/www.europesays.com\/fr\/wp-json\/wp\/v2\/posts\/104925\/revisions"}],"wp:featuredmedia":[{"embeddable":true,"href":"https:\/\/www.europesays.com\/fr\/wp-json\/wp\/v2\/media\/104926"}],"wp:attachment":[{"href":"https:\/\/www.europesays.com\/fr\/wp-json\/wp\/v2\/media?parent=104925"}],"wp:term":[{"taxonomy":"category","embeddable":true,"href":"https:\/\/www.europesays.com\/fr\/wp-json\/wp\/v2\/categories?post=104925"},{"taxonomy":"post_tag","embeddable":true,"href":"https:\/\/www.europesays.com\/fr\/wp-json\/wp\/v2\/tags?post=104925"}],"curies":[{"name":"wp","href":"https:\/\/api.w.org\/{rel}","templated":true}]}}