{"id":104927,"date":"2025-05-16T17:16:08","date_gmt":"2025-05-16T17:16:08","guid":{"rendered":"https:\/\/www.europesays.com\/fr\/104927\/"},"modified":"2025-05-16T17:16:08","modified_gmt":"2025-05-16T17:16:08","slug":"un-commerce-recelait-des-centaines-de-kilos-de-tabac-de-contrebande-et-contrefacons","status":"publish","type":"post","link":"https:\/\/www.europesays.com\/fr\/104927\/","title":{"rendered":"un commerce rec\u00e9lait des centaines de kilos de tabac de contrebande et contrefa\u00e7ons"},"content":{"rendered":"<p>            Par<br \/>\n        <strong><br \/>\n            <a href=\"https:\/\/actu.fr\/auteur\/jm-aubert\" title=\"Consulter tous les articles de Jean-Marc Aubert\" rel=\"nofollow noopener\" target=\"_blank\">Jean-Marc Aubert<\/a><br \/>\n        <\/strong><\/p>\n<p>        Publi\u00e9 le<\/p>\n<p>            16 mai 2025 \u00e0 19h01        <\/p>\n<p>Un contr\u00f4le, ce jeudi 15 mai 2025, dans un commerce de la cit\u00e9 de la Mosson, \u00e0 <strong>Montpellier<\/strong> a permis de saisir un <strong>stock important de tabac<\/strong> de contrebande et de contrefa\u00e7ons, dont du tabac \u00e0 chicha, tr\u00e8s recherch\u00e9 ici.<\/p>\n<p class=\" wall-content\">Cette \u00ab\u00a0descente\u00a0\u00bb effectu\u00e9e dans la soir\u00e9e a \u00e9t\u00e9 r\u00e9alis\u00e9e par des effectifs de la <strong>police nationale<\/strong> -DIPN 34- et par les <strong>douanes<\/strong> de la direction r\u00e9gionale de Montpellier, qui, visiblement ne sont pas venus au hasard dans ce commerce, situ\u00e9 avenue de Barcelone, au coeur de la Mosson.<\/p>\n<p>    <a href=\"https:\/\/www.google.com\/maps\/embed?pb=!1m18!1m12!1m3!1d4757.329313732521!2d3.8141483802324934!3d43.62395637694883!2m3!1f0!2f0!3f0!3m2!1i1024!2i768!4f13.1!3m3!1m2!1s0x12b6ac25a5d999b3%3A0x20cd269de1509074!2sAv.%20de%20Barcelone%2C%2034080%20Montpellier!5e0!3m2!1sfr!2sfr!4v1747411391809!5m2!1sfr!2sfr\" title=\"Ouvrie le lien\" rel=\"nofollow noopener\" target=\"_blank\">Cliquez ici pour visualiser le contenu<\/a><\/p>\n<p class=\" wall-content\">Les forces de l\u2019ordre n\u2019ont pas tard\u00e9 \u00e0 mettre la main sur des centaines de paquets et de cartouches de tabac illicites, puisqu\u2019interdits \u00e0 la vente, de marques tr\u00e8s connues. Selon nos informations, l\u2019inventaire complet atteste que le commer\u00e7ant d\u00e9tenait dans les <strong>300kg de tabac<\/strong>, plac\u00e9s sous scell\u00e9s judiciaires.<\/p>\n<p class=\" wall-content\">D\u2019o\u00f9 provient ce stock de cigarettes de contrebande et de malfa\u00e7ons ? L\u2019exploitant de ce commerce utilise t-il un complice ou une fili\u00e8re organis\u00e9e avec un commanditaire pour aller chercher et ramener le tabac \u00e0 Montpellier ? Les enqu\u00eateurs qui poursuivent leurs investigations ont notamment proc\u00e9d\u00e9 \u00e0 des auditions.<\/p>\n<p>Vid\u00e9os : en ce moment sur Actu<\/p>\n<p class=\" wall-content\">Suivez toute l\u2019actualit\u00e9 de vos villes et m\u00e9dias favoris en vous inscrivant \u00e0 <a href=\"https:\/\/moncompte.actu.fr\" title=\"D\u00e9couvez Mon Actu\" rel=\"nofollow noopener\" data-trk=\"{&quot;cta&quot;:{&quot;action&quot;:&quot;https:\\\/\\\/moncompte.actu.fr&quot;,&quot;category&quot;:&quot;mon compte&quot;,&quot;from&quot;:&quot;article footer&quot;,&quot;name&quot;:&quot;Mon actu&quot;,&quot;type&quot;:&quot;cta&quot;}}\" target=\"_blank\">Mon Actu<\/a>.<\/p>\n","protected":false},"excerpt":{"rendered":"Par Jean-Marc Aubert Publi\u00e9 le 16 mai 2025 \u00e0 19h01 Un contr\u00f4le, ce jeudi 15 mai 2025, dans&hellip;\n","protected":false},"author":2,"featured_media":104928,"comment_status":"","ping_status":"","sticky":false,"template":"","format":"standard","meta":{"footnotes":""},"categories":[9599],"tags":[1111,11,1777,674,118,1011,27,2208,12,2680,1072,25,6582],"class_list":{"0":"post-104927","1":"post","2":"type-post","3":"status-publish","4":"format-standard","5":"has-post-thumbnail","7":"category-montpellier","8":"tag-actu","9":"tag-actualites","10":"tag-eu","11":"tag-europe","12":"tag-faits-divers","13":"tag-fr","14":"tag-france","15":"tag-montpellier","16":"tag-news","17":"tag-occitanie","18":"tag-police","19":"tag-republique-francaise","20":"tag-tabac"},"share_on_mastodon":{"url":"https:\/\/pubeurope.com\/@fr\/114518647325834793","error":""},"_links":{"self":[{"href":"https:\/\/www.europesays.com\/fr\/wp-json\/wp\/v2\/posts\/104927","targetHints":{"allow":["GET"]}}],"collection":[{"href":"https:\/\/www.europesays.com\/fr\/wp-json\/wp\/v2\/posts"}],"about":[{"href":"https:\/\/www.europesays.com\/fr\/wp-json\/wp\/v2\/types\/post"}],"author":[{"embeddable":true,"href":"https:\/\/www.europesays.com\/fr\/wp-json\/wp\/v2\/users\/2"}],"replies":[{"embeddable":true,"href":"https:\/\/www.europesays.com\/fr\/wp-json\/wp\/v2\/comments?post=104927"}],"version-history":[{"count":0,"href":"https:\/\/www.europesays.com\/fr\/wp-json\/wp\/v2\/posts\/104927\/revisions"}],"wp:featuredmedia":[{"embeddable":true,"href":"https:\/\/www.europesays.com\/fr\/wp-json\/wp\/v2\/media\/104928"}],"wp:attachment":[{"href":"https:\/\/www.europesays.com\/fr\/wp-json\/wp\/v2\/media?parent=104927"}],"wp:term":[{"taxonomy":"category","embeddable":true,"href":"https:\/\/www.europesays.com\/fr\/wp-json\/wp\/v2\/categories?post=104927"},{"taxonomy":"post_tag","embeddable":true,"href":"https:\/\/www.europesays.com\/fr\/wp-json\/wp\/v2\/tags?post=104927"}],"curies":[{"name":"wp","href":"https:\/\/api.w.org\/{rel}","templated":true}]}}