{"id":104933,"date":"2025-05-16T17:19:12","date_gmt":"2025-05-16T17:19:12","guid":{"rendered":"https:\/\/www.europesays.com\/fr\/104933\/"},"modified":"2025-05-16T17:19:12","modified_gmt":"2025-05-16T17:19:12","slug":"les-motards-vont-manifester-a-rouen-samedi","status":"publish","type":"post","link":"https:\/\/www.europesays.com\/fr\/104933\/","title":{"rendered":"les motards vont manifester \u00e0 Rouen samedi"},"content":{"rendered":"<p>            Par<br \/>\n        <strong><br \/>\n            <a href=\"https:\/\/actu.fr\/auteur\/laredaction\" title=\"Consulter tous les articles de R\u00e9daction Normandie\" target=\"_blank\" rel=\"noopener\">R\u00e9daction Normandie<\/a><br \/>\n        <\/strong><\/p>\n<p>        Publi\u00e9 le<\/p>\n<p>            16 mai 2025 \u00e0 18h33        <\/p>\n<p>Le d\u00e9bat n\u2019est toujours pas apais\u00e9 <a href=\"https:\/\/actu.fr\/normandie\/rouen_76540\/deux-ans-apres-comment-la-zfe-de-rouen-a-conduit-les-automobilistes-a-s-adapter_62243473.html\" target=\"_blank\" rel=\"noopener\">autour de la ZFE<\/a>. La preuve, <strong>une f\u00e9d\u00e9ration de motards va manifester \u00e0 ce sujet \u00e0 Rouen<\/strong> ce samedi 17 mai 2025.\u00a0<\/p>\n<p>La ZFE toujours en d\u00e9bat<\/p>\n<p class=\" wall-content\">La ZFE-m (Zone \u00e0 faibles \u00e9missions mobilit\u00e9s) a \u00e9t\u00e9 mise en place \u00e0 Rouen <strong>en mars 2023<\/strong>, puis au Havre le 1er janvier 2025, ainsi que dans d\u2019autres villes de France. Cette zone vise \u00e0 lutter contre la pollution atmosph\u00e9rique. \u00c0 l\u2019int\u00e9rieur des ZFE-m de Rouen, les v\u00e9hicules non class\u00e9s, et ceux aux Crit\u2019Air 4 et 5 <strong>ne sont plus autoris\u00e9s \u00e0 circuler.<\/strong><\/p>\n<p class=\" wall-content\">Actuellement, le d\u00e9bat \u00e0 propos de la ZFE-m, est toujours d\u2019actualit\u00e9. <a href=\"https:\/\/actu.fr\/normandie\/rouen_76540\/amendement-pour-supprimer-les-zfe-une-debilite-demago-selon-nicolas-mayer-rossignol_62446117.html\" target=\"_blank\" rel=\"noopener\">Un amendement visant \u00e0 la supprimer<\/a> a \u00e9t\u00e9 adopt\u00e9 en commission, mais il doit encore \u00eatre vot\u00e9 \u00e0 l\u2019Assembl\u00e9e nationale, puis passer par le S\u00e9nat. En attendant, de nombreux collectifs <strong>tentent de faire pencher la balance vers le pour<\/strong>, notamment en organisant cette manifestation.\u00a0<\/p>\n<p>Les motards \u00ab\u00a0contre des mesures anti-social\u00a0\u00bb\u00a0<\/p>\n<p class=\" wall-content\">Selon Fr\u00e9d\u00e9ric Duval, membre et coordinateur de la F\u00e9d\u00e9ration des motards en col\u00e8re 76, ces mesures sont per\u00e7ues <strong>comme des politiques d\u2019exclusion<\/strong> qui entra\u00eenent de nombreuses difficult\u00e9s.<\/p>\n<p class=\" wall-content\">Tout d\u2019abord, selon lui, \u00ab\u00a0toutes les personnes qui n\u2019ont pas les moyens de changer de v\u00e9hicule pour des raisons budg\u00e9taires sont bloqu\u00e9es\u00a0\u00bb. Il souligne \u00e9galement que, selon lui, cela \u00ab\u00a0emp\u00eache les personnes de travailler, ce qui pourrait entra\u00eener de grandes pertes d\u2019emplois\u00a0\u00bb.<\/p>\n<p>Vid\u00e9os : en ce moment sur Actu<\/p>\n<p class=\" wall-content\">Les personnes \u00e2g\u00e9es, mais aussi d\u2019autres cat\u00e9gories de la population, seraient particuli\u00e8rement vuln\u00e9rables. En cas de besoin, elles \u00ab\u00a0ne pourront pas se rendre dans les services de sant\u00e9\u00a0\u00bb ou se \u00ab\u00a0rendre dans les gares pour partir en vacances par exemple\u00a0\u00bb, ajoute-t-il, omettant les d\u00e9rogations pr\u00e9vues \u00e0 cet effet <a href=\"https:\/\/actu.fr\/normandie\/rouen_76540\/pass-zfe-dans-la-metropole-de-rouen-on-connait-sa-date-de-mise-en-place_60990322.html\" target=\"_blank\" rel=\"noopener\">comme le Pass ZFE<\/a>.<\/p>\n<p class=\" wall-content\">Fr\u00e9d\u00e9ric Duval souhaite aussi <strong>attirer l\u2019attention sur les cons\u00e9quences possibles<\/strong> pour les commerces : \u00ab\u00a0Les personnes qui viennent pour faire leurs achats pour les f\u00eates ou ceux qui font r\u00e9guli\u00e8rement leurs courses, sont beaucoup moins\u00a0\u00bb. Selon lui, \u00ab\u00a0\u00e7a r\u00e9duit de potentiels acheteurs pour les commerces\u00a0\u00bb. Il insiste sur le fait que les transports en commun ne suffisent pas toujours, notamment lorsqu\u2019on transporte \u00ab\u00a0de lourds objets, volumineux, qui ne sont en plus, surement pas autoris\u00e9s dans ses transports\u00a0\u00bb.<\/p>\n<p>\u00ab\u00a0On a conscience qu\u2019on pollue aussi\u00a0\u00bb<\/p>\n<p class=\" wall-content\">M\u00eame s\u2019ils sont conscients de l\u2019impact \u00e9cologique de leurs d\u00e9placements, les manifestants <strong>refusent toute forme de compromis<\/strong> : \u00ab\u00a0On veut que cette zone soit simplement supprim\u00e9e\u00a0\u00bb. Ils affirment partager des valeurs \u00e9cologiques, mais rejettent ce qu\u2019ils qualifient d&rsquo;\u00a0\u00bb\u00e9cologie punitive\u00a0\u00bb, souligne-t-il.<\/p>\n<p class=\" wall-content\">Ils revendiquent une\u00a0 \u00ab\u00a0mesure de solidarit\u00e9\u00a0\u00bb, une col\u00e8re collective expliqu\u00e9e par une m\u00e9tropole qui, selon Fr\u00e9d\u00e9ric Duval, \u00ab\u00a0n\u2019a jamais tent\u00e9 de se concerter avec les principaux concern\u00e9s, nous. <strong>Nicolas Mayer Rossignol ne veut rien entendre<\/strong>, il veut rester aux ZFE, il me l\u2019a dit, alors on manifeste\u00a0\u00bb, conclut Fr\u00e9d\u00e9ric Duval.\u00a0<\/p>\n<p>Une volont\u00e9 de symboliser l\u2019\u00e9v\u00e9nement<\/p>\n<p class=\" wall-content\">Cette manifestation est organis\u00e9e<strong> en partenariat avec plusieurs organismes<\/strong> : Les #Gueux, Ligue de d\u00e9fense des conducteurs, f\u00e9d\u00e9ration des associations de commer\u00e7ants et artisans de Paris, Union syndicale des entreprises foraines de France.\u00a0<\/p>\n<p class=\" wall-content\">Ouverte \u00e0 tous, \u00e0 pied, \u00e0 moto, en voiture ou m\u00eame \u00e0 v\u00e9lo. La manifestation d\u00e9butera ce samedi 17 mai 2025 \u00e0 14 h, <strong>au lyc\u00e9e Le Corbusier<\/strong>, mais les premiers rassemblements se feront d\u00e8s 13 h. Un ruban vert sera propos\u00e9 aux participants : \u00ab\u00a0On distribuera des rubans, mais chacun est libre de faire ce qu\u2019il veut, c\u2019est symbolique\u00a0\u00bb. Ce ruban vert repr\u00e9sente plusieurs choses : \u00ab\u00a0La couleur de notre association, mais aussi de l\u2019environnement, c\u2019est des valeurs qu\u2019on a\u00a0\u00bb, pr\u00e9cise Fr\u00e9d\u00e9ric Duval.<\/p>\n<p class=\" wall-content\"><strong>No\u00e8mie Vasse<\/strong><\/p>\n<p>Suivez l\u2019actualit\u00e9 de Rouen <a href=\"https:\/\/www.whatsapp.com\/channel\/0029VaKfnf99hXF2ddApFB1D\" target=\"_blank\" rel=\"noopener\">sur notre cha\u00eene WhatsApp<\/a> et <a href=\"https:\/\/www.tiktok.com\/@76actu.fr?lang=fr\" target=\"_blank\" rel=\"noopener\">sur notre compte TikTok<\/a><\/p>\n<p class=\" wall-content\">Suivez toute l\u2019actualit\u00e9 de vos villes et m\u00e9dias favoris en vous inscrivant \u00e0 <a href=\"https:\/\/moncompte.actu.fr\" title=\"D\u00e9couvez Mon Actu\" rel=\"nofollow noopener\" data-trk=\"{&quot;cta&quot;:{&quot;action&quot;:&quot;https:\\\/\\\/moncompte.actu.fr&quot;,&quot;category&quot;:&quot;mon compte&quot;,&quot;from&quot;:&quot;article footer&quot;,&quot;name&quot;:&quot;Mon actu&quot;,&quot;type&quot;:&quot;cta&quot;}}\" target=\"_blank\">Mon Actu<\/a>.<\/p>\n<ul class=\"ac-article-tag wall-content\">\n<li><a href=\"https:\/\/actu.fr\/tag\/manifestations\" data-trk=\"{&quot;cta&quot;:{&quot;action&quot;:&quot;Manifestations&quot;,&quot;category&quot;:&quot;tag&quot;,&quot;from&quot;:&quot;article footer&quot;,&quot;name&quot;:&quot;Manifestations&quot;,&quot;type&quot;:&quot;cta&quot;}}\" target=\"_blank\" rel=\"noopener\">#Manifestations<\/a><\/li>\n<li><a href=\"https:\/\/actu.fr\/tag\/zone-a-faibles-emissions-zfe\" data-trk=\"{&quot;cta&quot;:{&quot;action&quot;:&quot;Zone \\u00e0 faibles \\u00e9missions (ZFE)&quot;,&quot;category&quot;:&quot;tag&quot;,&quot;from&quot;:&quot;article footer&quot;,&quot;name&quot;:&quot;Zone \\u00e0 faibles \\u00e9missions (ZFE)&quot;,&quot;type&quot;:&quot;cta&quot;}}\" target=\"_blank\" rel=\"noopener\">#Zone \u00e0 faibles \u00e9missions (ZFE)<\/a><\/li>\n<\/ul>\n<p>                    <script async src=\"\/\/www.tiktok.com\/embed.js\"><\/script><\/p>\n","protected":false},"excerpt":{"rendered":"Par R\u00e9daction Normandie Publi\u00e9 le 16 mai 2025 \u00e0 18h33 Le d\u00e9bat n\u2019est toujours pas apais\u00e9 autour de&hellip;\n","protected":false},"author":2,"featured_media":104934,"comment_status":"","ping_status":"","sticky":false,"template":"","format":"standard","meta":{"footnotes":""},"categories":[9587],"tags":[1111,11,1777,674,1011,27,1272,12,5161,52,1800,25,9590,2433],"class_list":{"0":"post-104933","1":"post","2":"type-post","3":"status-publish","4":"format-standard","5":"has-post-thumbnail","7":"category-rouen","8":"tag-actu","9":"tag-actualites","10":"tag-eu","11":"tag-europe","12":"tag-fr","13":"tag-france","14":"tag-manifestations","15":"tag-news","16":"tag-normandie","17":"tag-planete","18":"tag-pollution","19":"tag-republique-francaise","20":"tag-rouen","21":"tag-zone-a-faibles-emissions-zfe"},"share_on_mastodon":{"url":"https:\/\/pubeurope.com\/@fr\/114518659131804961","error":""},"_links":{"self":[{"href":"https:\/\/www.europesays.com\/fr\/wp-json\/wp\/v2\/posts\/104933","targetHints":{"allow":["GET"]}}],"collection":[{"href":"https:\/\/www.europesays.com\/fr\/wp-json\/wp\/v2\/posts"}],"about":[{"href":"https:\/\/www.europesays.com\/fr\/wp-json\/wp\/v2\/types\/post"}],"author":[{"embeddable":true,"href":"https:\/\/www.europesays.com\/fr\/wp-json\/wp\/v2\/users\/2"}],"replies":[{"embeddable":true,"href":"https:\/\/www.europesays.com\/fr\/wp-json\/wp\/v2\/comments?post=104933"}],"version-history":[{"count":0,"href":"https:\/\/www.europesays.com\/fr\/wp-json\/wp\/v2\/posts\/104933\/revisions"}],"wp:featuredmedia":[{"embeddable":true,"href":"https:\/\/www.europesays.com\/fr\/wp-json\/wp\/v2\/media\/104934"}],"wp:attachment":[{"href":"https:\/\/www.europesays.com\/fr\/wp-json\/wp\/v2\/media?parent=104933"}],"wp:term":[{"taxonomy":"category","embeddable":true,"href":"https:\/\/www.europesays.com\/fr\/wp-json\/wp\/v2\/categories?post=104933"},{"taxonomy":"post_tag","embeddable":true,"href":"https:\/\/www.europesays.com\/fr\/wp-json\/wp\/v2\/tags?post=104933"}],"curies":[{"name":"wp","href":"https:\/\/api.w.org\/{rel}","templated":true}]}}