{"id":104937,"date":"2025-05-16T17:23:09","date_gmt":"2025-05-16T17:23:09","guid":{"rendered":"https:\/\/www.europesays.com\/fr\/104937\/"},"modified":"2025-05-16T17:23:09","modified_gmt":"2025-05-16T17:23:09","slug":"a-rennes-comment-une-plainte-pour-violences-conjugales-a-fait-avancer-lenquete-sur-les-fusillades-du-blosne","status":"publish","type":"post","link":"https:\/\/www.europesays.com\/fr\/104937\/","title":{"rendered":"\u00c0 Rennes, comment une plainte pour violences conjugales a fait avancer l\u2019enqu\u00eate sur les fusillades du Blosne"},"content":{"rendered":"<p>Six hommes originaires de Saint-Jacques-de-la-Lande, Rennes (Ille-et-Vilaine), Mouvaux (Nord), Aulnay-sous-Bois (Seine-Saint-Denis), Garges-les-Gonesse (Val-d\u2018\u00a0Oise) et La Roche-sur-Yon (Vend\u00e9e) compara\u00eetront pendant deux jours devant le tribunal correctionnel de Rennes, les 17 et 18 juin 2025, pour r\u00e9pondre de leur participation aux fusillades survenues dans le quartier du Blosne, \u00e0 Rennes (Ille-et-Vilaine), pour la reprise du point de deal de la place du Banat.<\/p>\n<p>Pour rappel, plusieurs fusillades successives avaient frapp\u00e9 le quartier du Blosne fin 2023. Les hostilit\u00e9s avaient donc commenc\u00e9 le 6 d\u00e9cembre 2023, puisque ce soir-l\u00e0, vers 22 h 10, des coups de feu avaient \u00e9t\u00e9 tir\u00e9s en direction d\u2018un v\u00e9hicule stationn\u00e9 square de Galicie. Cinq minutes apr\u00e8s les faits, un v\u00e9hicule suspect\u00e9 d\u2019avoir transport\u00e9 les tireurs sera d\u00e9couvert \u00e0 Noyal-Chatillon-sur-Seiche, \u00e0 quelques kilom\u00e8tres de l\u00e0.<\/p>\n<p>Gros calibre<\/p>\n<p>Trois jours plus tard, les d\u00e9tonations de gros calibre avaient de nouveau r\u00e9sonn\u00e9 en plein c\u0153ur du quartier en d\u00e9but de soir\u00e9e, aux abords du n\u00b02 de la place du Banat. Le 18 d\u00e9cembre 2023, cette fois-ci au beau milieu de la pause d\u00e9jeuner, un individu avait \u00e9t\u00e9 signal\u00e9 aux abords du coll\u00e8ge des Hautes-Ourmes, toujours dans ce quartier. Il se baladait en effet muni d\u2018une kalashnikov et avait m\u00eame pris le bus, arme de guerre contre la poitrine\u2026<\/p>\n<p>Une jeune femme s\u2018\u00e9tait par la suite pr\u00e9sent\u00e9e au commissariat de Lens (Pas-de-Calais) pour d\u00e9poser plainte pour des faits de \u00ab violences conjugales \u00bb contre son ex-compagnon, C.<\/p>\n<p>Confidences<\/p>\n<p>\u00c0 cette occasion, elle avait expliqu\u00e9 aux policiers que ce jeune de 27 ans de Mouvaux (Nord) lui avait confi\u00e9 \u00eatre \u00ab impliqu\u00e9 \u00bb dans la fusillade survenue le 6 d\u00e9cembre 2023 \u00e0 Rennes apr\u00e8s \u00eatre rentr\u00e9 chez elle \u00ab dans la nuit \u00bb habill\u00e9 \u00ab tout en noir \u00bb et muni d\u2018une \u00ab cagoule \u00bb. Selon elle, il avait \u00e9t\u00e9 r\u00e9mun\u00e9r\u00e9 \u00ab 200 \u20ac la journ\u00e9e \u00bb pour un \u00ab travail de gardien \u00bb &#8211; c\u2019est-\u00e0-dire \u00ab se battre \u00bb pour \u00ab r\u00e9cup\u00e9rer des territoires \u00bb. C. \u00e9tait ensuite retourn\u00e9 \u00e0 Rennes entre le 12 et le 15 d\u00e9cembre 2023.<\/p>\n<p>Ce jeudi 15 mai 2025, lors d\u2018une demande de remise en libert\u00e9 devant la chambre de l\u2019instruction de la cour d\u2019appel de Rennes, le jeune homme &#8211; d\u00e9j\u00e0 bien connu \u00e0 Lille pour des infractions \u00e0 la l\u00e9gislation sur les stup\u00e9fiants &#8211; a toutefois expliqu\u00e9 que son ex-compagne \u00ab dirait n\u2019importe quoi pour lui nuire \u00bb. \u00c0 ce stade, il reconna\u00eet simplement \u00ab la s\u00e9curisation \u00bb des lieux mais n\u2019a touch\u00e9 \u00ab ni aux stup\u00e9fiants, ni aux armes \u00bb.<\/p>\n<p>Arsenal d\u00e9couvert<\/p>\n<p>Un arsenal d\u2018armes de guerre avait par la suite \u00e9t\u00e9 d\u00e9couvert dans un v\u00e9hicule utilitaire : des empreintes avaient permis d\u2019identifier plusieurs protagonistes de ce dossier. Un appartement lou\u00e9 \u00e0 Argentr\u00e9-du-Plessis (Ille-et-Vilaine), \u00e0 une quarantaine de kilom\u00e8tres de Rennes, avait aussi servi de base arri\u00e8re \u00e0 des trafiquants de stup\u00e9fiants et aux tireurs.<\/p>\n<p>L\u2018affaire, initialement ouverte sur la qualification criminelle de \u00ab tentative de meurtre en bande organis\u00e9e \u00bb, sera donc finalement jug\u00e9e par le tribunal correctionnel de Rennes, les 17 et 18 juin 2025. Pendant deux jours, six pr\u00e9venus \u00e2g\u00e9s de 19 \u00e0 33 ans devront ainsi r\u00e9pondre de faits de violence aggrav\u00e9e, d\u2019association de malfaiteurs, d\u2019infractions \u00e0 la l\u00e9gislation sur les stup\u00e9fiants et sur les armes. Ils encourent jusqu\u2019\u00e0 dix ans de prison. C. y compara\u00eetra d\u00e9tenu : sa demande de remise en libert\u00e9 a \u00e9t\u00e9 rejet\u00e9e.<\/p>\n","protected":false},"excerpt":{"rendered":"Six hommes originaires de Saint-Jacques-de-la-Lande, Rennes (Ille-et-Vilaine), Mouvaux (Nord), Aulnay-sous-Bois (Seine-Saint-Denis), Garges-les-Gonesse (Val-d\u2018\u00a0Oise) et La Roche-sur-Yon (Vend\u00e9e) compara\u00eetront&hellip;\n","protected":false},"author":2,"featured_media":104938,"comment_status":"","ping_status":"","sticky":false,"template":"","format":"standard","meta":{"footnotes":""},"categories":[2821],"tags":[1111,11,829,765,1777,674,118,3383,1011,27,12,584,25],"class_list":{"0":"post-104937","1":"post","2":"type-post","3":"status-publish","4":"format-standard","5":"has-post-thumbnail","7":"category-rennes","8":"tag-actu","9":"tag-actualites","10":"tag-bretagne","11":"tag-en-continu","12":"tag-eu","13":"tag-europe","14":"tag-faits-divers","15":"tag-faits-divers-a-rennes","16":"tag-fr","17":"tag-france","18":"tag-news","19":"tag-rennes","20":"tag-republique-francaise"},"share_on_mastodon":{"url":"https:\/\/pubeurope.com\/@fr\/114518675366756951","error":""},"_links":{"self":[{"href":"https:\/\/www.europesays.com\/fr\/wp-json\/wp\/v2\/posts\/104937","targetHints":{"allow":["GET"]}}],"collection":[{"href":"https:\/\/www.europesays.com\/fr\/wp-json\/wp\/v2\/posts"}],"about":[{"href":"https:\/\/www.europesays.com\/fr\/wp-json\/wp\/v2\/types\/post"}],"author":[{"embeddable":true,"href":"https:\/\/www.europesays.com\/fr\/wp-json\/wp\/v2\/users\/2"}],"replies":[{"embeddable":true,"href":"https:\/\/www.europesays.com\/fr\/wp-json\/wp\/v2\/comments?post=104937"}],"version-history":[{"count":0,"href":"https:\/\/www.europesays.com\/fr\/wp-json\/wp\/v2\/posts\/104937\/revisions"}],"wp:featuredmedia":[{"embeddable":true,"href":"https:\/\/www.europesays.com\/fr\/wp-json\/wp\/v2\/media\/104938"}],"wp:attachment":[{"href":"https:\/\/www.europesays.com\/fr\/wp-json\/wp\/v2\/media?parent=104937"}],"wp:term":[{"taxonomy":"category","embeddable":true,"href":"https:\/\/www.europesays.com\/fr\/wp-json\/wp\/v2\/categories?post=104937"},{"taxonomy":"post_tag","embeddable":true,"href":"https:\/\/www.europesays.com\/fr\/wp-json\/wp\/v2\/tags?post=104937"}],"curies":[{"name":"wp","href":"https:\/\/api.w.org\/{rel}","templated":true}]}}