{"id":104939,"date":"2025-05-16T17:24:34","date_gmt":"2025-05-16T17:24:34","guid":{"rendered":"https:\/\/www.europesays.com\/fr\/104939\/"},"modified":"2025-05-16T17:24:34","modified_gmt":"2025-05-16T17:24:34","slug":"nuit-des-musees-open-air-solidaire-fete-de-la-bretagne-ce-week-end-voici-12-idees-de-sorties-a-rennes","status":"publish","type":"post","link":"https:\/\/www.europesays.com\/fr\/104939\/","title":{"rendered":"Nuit des mus\u00e9es, open air solidaire, f\u00eate de la Bretagne\u2026 Ce week-end, voici 12 id\u00e9es de sorties \u00e0 Rennes"},"content":{"rendered":"<p>            Par<br \/>\n        <strong><br \/>\n            <a href=\"https:\/\/actu.fr\/auteur\/lou-batteux\" title=\"Consulter tous les articles de Lou Batteux\" rel=\"nofollow noopener\" target=\"_blank\">Lou Batteux<\/a><br \/>\n        <\/strong><\/p>\n<p>        Publi\u00e9 le<\/p>\n<p>            16 mai 2025 \u00e0 17h38        <\/p>\n<p>Ce week-end des <strong>samedi\u00a017 au dimanche 18\u00a0mai<\/strong> <strong>2025,<\/strong> <a href=\"https:\/\/actu.fr\/bretagne\/rennes_35238\/meteo-en-bretagne-une-semaine-en-deux-parties-apres-l-orage-place-au-temps-estival_62623484.html\" rel=\"nofollow noopener\" target=\"_blank\">M\u00e9t\u00e9o France pr\u00e9voit du beau temps<\/a>. L\u2019occasion pour les Rennaises et Rennais de mettre leur nez dehors. Comme chaque vendredi, <a href=\"https:\/\/actu.fr\/rennes\/\" rel=\"nofollow noopener\" target=\"_blank\">actu Rennes<\/a> a d\u00e9nich\u00e9 pour vous <strong>les sorties<\/strong> \u00e0 ne pas manquer dans la capitale bretonne. Retrouvez ci-dessous nos\u00a012 id\u00e9es d\u2019activit\u00e9s pour ne pas vous ennuyer ce week-end.<\/p>\n<ul class=\" wall-content\">\n<li><strong>\u00c7a dure tout le week-end<\/strong><\/li>\n<\/ul>\n<p>Les 48h de l\u2019Agriculture urbaine sont de retour \u00e0 Rennes<\/p>\n<p class=\" wall-content\">Ce week-end, l\u2019association Les Cols Verts Rennes f\u00eate les 10\u00a0ans de son \u00e9v\u00e9nement d\u00e9di\u00e9 \u00e0 <strong>la nature en ville<\/strong>\u2009: les 48h de l\u2019Agriculture urbaine.<\/p>\n<p class=\" wall-content\">Une <strong>vingtaine d\u2019animations<\/strong> est pr\u00e9vue dans diff\u00e9rents lieux de Rennes telles qu\u2019un atelier de cuisine sauvage, une balade \u00e0 v\u00e9lo autour des jardins familiaux ou encore une participation \u00e0 la Fresque de l\u2019alimentation. Retrouvez plus d\u2019informations dans <a href=\"https:\/\/actu.fr\/bretagne\/rennes_35238\/pique-nique-marche-vente-de-plants-les-48h-de-l-agriculture-urbaine-sont-de-retour-a-rennes_62596190.html\" rel=\"nofollow noopener\" target=\"_blank\">notre article<\/a>.<\/p>\n<p>    <img   decoding=\"async\" loading=\"lazy\" src=\"https:\/\/www.europesays.com\/fr\/wp-content\/uploads\/2025\/05\/potager-des-cultures-2023-sept-1-960x640.jpg\" alt=\"Le potager des cultures des Cols Verts\" width=\"960\" height=\"640\"\/><br \/>\n    Les 48h de l\u2019agriculture urbaine se d\u00e9roulent ce week-end, \u00e0 Rennes. (\u00a9Les Cols Verts \/ transmis \u00e0 actu rennes)Du vendredi\u00a016 au dimanche 18\u00a0mai 2025. Dans diff\u00e9rents lieux de Rennes (<a href=\"https:\/\/www.les48h.com\/programmation\/?filters%5Bcity%5D=20011\" rel=\"nofollow noopener\" target=\"_blank\">voir le programme<\/a>), mais aussi \u00e0 Chantepie et Thorign\u00e9-Fouillard. Festival gratuit et ouvert \u00e0 tous.La f\u00eate de la Bretagne<\/p>\n<p class=\" wall-content\">Jusqu\u2019au <strong>mercredi 21\u00a0mai 2025<\/strong>, \u00e0 23h,<strong> la Gouel Breizh<\/strong> (F\u00eate de la Bretagne) est de retour \u00e0 Bruz. \u00ab\u2009Tout au long de la semaine, de nombreuses animations seront gratuites et accessibles \u00e0 tous (sauf indications) autour de la culture bretonne\u2009\u00bb, indique la Ville.<\/p>\n<p class=\" wall-content\">Entre voyage culinaire, festnoz, jeux et conf\u00e9rences, retrouvez le programme de la f\u00eate sur <a href=\"https:\/\/www.ville-bruz.fr\/fete-de-la-bretagne-gouel-breizh\/\" rel=\"nofollow noopener\" target=\"_blank\">le site de la Ville de Bruz<\/a>.<\/p>\n<p>    <a href=\"https:\/\/www.facebook.com\/plugins\/post.php?href=https%3A%2F%2Fwww.facebook.com%2Fvilledebruz%2Fposts%2Fpfbid0uAFGd6ARXiBWNQqvYDigBWmgYAo8k2bpfwzvM4rEkxroqU46qm5UmHSUgieUwJV6l&amp;show_text=true&amp;width=350\" title=\"Ouvrie le lien\" rel=\"nofollow noopener\" target=\"_blank\">Cliquez ici pour visualiser le contenu<\/a><\/p>\n<p>Jusqu\u2019au mercredi 21\u00a0mai 2025, \u00e0 23h, \u00e0 Bruz.<\/p>\n<p>Braderie Le Mont-Saint-Michel<\/p>\n<p class=\" wall-content\">Du <strong>vendredi 16\u00a0mai<\/strong>\u00a0au <strong>samedi 17\u00a0mai 2025<\/strong>, l\u2019entreprise Le Mont-Saint-Michel organise une grande braderie gratuite \u00e0 <strong>l\u2019h\u00f4tel Balthazar<\/strong> de Rennes. L\u2019occasion de d\u00e9nicher des v\u00eatements authentiques \u00e0 prix r\u00e9duits.<\/p>\n<p class=\" wall-content\">Retrouvez plus d\u2019informations sur l\u2019\u00e9v\u00e9nement dans notre <a href=\"https:\/\/actu.fr\/bretagne\/rennes_35238\/bon-plan-a-rennes-cette-marque-intemporelle-organise-une-grande-braderie-a-l-hotel-balthazar_62613263.html\" rel=\"nofollow noopener\" target=\"_blank\">article d\u00e9di\u00e9<\/a>.<\/p>\n<p>Du vendredi 16\u00a0mai, de 9\u2009h \u00e0 19\u2009h, au samedi 17\u00a0mai 2025, de 9\u2009h \u00e0 18\u2009h, \u00e0 l\u2019h\u00f4tel Balthazar, au 19, rue Mar\u00e9chal Joffre, \u00e0 Rennes.<\/p>\n<p>De 9h30 \u00e0 12h \u2013 Repair Caf\u00e9 \u00e0 Chartres-de-Bretagne<\/p>\n<blockquote class=\"ac-article-quote wall-content\">\n<p>Un v\u00eatement trou\u00e9, une cafeti\u00e8re qui ne d\u00e9marre plus, un v\u00e9lo dont le d\u00e9railleur est ab\u00eem\u00e9&#8230; Ne jetez pas vos biens pr\u00e9cieux \u00e0 la poubelle, tentez de les r\u00e9parer avec l&rsquo;aide de b\u00e9n\u00e9voles.<\/p>\n<p>    <strong>Ville de Chartres de Bretagne<\/strong>\n            <\/p><\/blockquote>\n<p class=\" wall-content\">\u00c0 la <strong>salle Belle-\u00cele<\/strong> de la Maison des Associations, des b\u00e9n\u00e9voles, en collaboration avec la Ville de Chartres-de-Bretagne, organisent un nouveau <strong>repair caf\u00e9<\/strong>. Ils r\u00e9pareront avec vous \u00ab\u2009des v\u00eatements, du petit \u00e9lectrom\u00e9nager, des v\u00e9los ou encore des ordinateurs\u2009\u00bb <strong>gratuitement<\/strong>.<\/p>\n<p class=\" wall-content\">Le Ville de Chartres-de-Bretagne souligne que les <strong>pi\u00e8ces de rechange<\/strong> ne sont pas fournies. Si la r\u00e9paration n\u00e9cessite le changement d\u2019une pi\u00e8ce, des contacts utiles vous seront remis pour faire r\u00e9parer votre objet dans une structure sp\u00e9cialis\u00e9e.<\/p>\n<p>Samedi 17\u00a0mai, de 9h30 \u00e0 12h, \u00e0 la salle Belle-\u00cele de la Maison des Associations, rue de la Croix aux Potiers, \u00e0 Chartres-de-Bretagne.<\/p>\n<p>De 9h \u00e0 17h \u2013 Journ\u00e9e \u00ab\u2009reprise de guidon\u2009\u00bb<\/p>\n<p class=\" wall-content\">La<strong> police de Rennes<\/strong>, en collaboration avec l\u2019\u00e9cole de conduite <strong>ECF<\/strong>, organise une <a href=\"https:\/\/actu.fr\/bretagne\/rennes_35238\/rennes-la-police-et-l-ecf-organisent-une-journee-speciale-dediee-aux-motards-avant-la-saison-estivale_62624564.html\" rel=\"nofollow noopener\" target=\"_blank\">journ\u00e9e \u00ab\u2009reprise de guidon\u2009\u00bb<\/a> d\u00e9di\u00e9e aux <strong>motards <\/strong>sur le parking couvert du <strong>E. Leclerc Saint-Gr\u00e9goire<\/strong>.<\/p>\n<p class=\" wall-content\">En effet, avec le retour des beaux jours, \u00ab\u2009les motards qui reprennent la route ont pu perdre certaines habitudes en laissant leurs engins au garage\u2009\u00bb, explique la porte-parole de la Direction interd\u00e9partementale de la Police nationale (DIPN 35).<\/p>\n<p class=\" wall-content\">Toute la journ\u00e9e, de nombreux <strong>ateliers<\/strong> et une ballade pour les motards sont au programme, mais aussi des animations pour le<strong> grand public<\/strong>.<\/p>\n<p>    <img   decoding=\"async\" loading=\"lazy\" src=\"https:\/\/www.europesays.com\/fr\/wp-content\/uploads\/2025\/05\/journee-reprise-du-guidon-rennes-police-ecf-motards-2-960x640.jpg\" alt=\"...\" width=\"960\" height=\"640\"\/><br \/>\n    La police organise une journ\u00e9e Reprise du guidon. (\u00a9Police nationale)<\/p>\n<p>Samedi 17\u00a0mai, de 9h \u00e0 17h, sur le parking couvert du E. Leclerc, Zi nord rue de L\u2019\u00e9tang, \u00e0 Saint-Gr\u00e9goire.<\/p>\n<p>De 14h \u00e0 18h \u2013 Ateliers de gravure<\/p>\n<p class=\" wall-content\">Un samedi par mois, l\u2019<a href=\"https:\/\/atelierdubourg.fr\/adb\/\" rel=\"nofollow noopener\" target=\"_blank\">atelier l\u2019Imprimerie<\/a> vous accueille dans son atelier <strong>Le March\u00e9 Noir <\/strong>pour d\u00e9couvrir l\u2019une des diff\u00e9rentes techniques de la <strong>gravure<\/strong>. L\u2019artiste animant l\u2019atelier vous propose un projet \u00e0 r\u00e9aliser sur une s\u00e9ance de quatre heures et \u00ab\u2009chaque participant repart avec au minimum un exemplaire de sa cr\u00e9ation\u2009\u00bb.<\/p>\n<p class=\" wall-content\"><a href=\"https:\/\/www.instagram.com\/p\/CytMT0HI3TY\/embed\" title=\"Ouvrir le lien sur Instagram\" rel=\"nofollow noopener\" target=\"_blank\">Visualiser le contenu sur Instagram<\/a><\/p>\n<p>Pour vous inscrire <strong>gratuitement<\/strong>, contactez l\u2019adresse mail <a href=\"https:\/\/actu.fr\/cdn-cgi\/l\/email-protection\" class=\"__cf_email__\" data-cfemail=\"b4d1c6ddd7f4d5c0d1d8ddd1c6d0c1d6dbc1c6d39ad2c6\" rel=\"nofollow noopener\" target=\"_blank\">[email\u00a0protected]<\/a> ou le 06\u200944\u200977\u200911\u200909. Rendez-vous le samedi 17\u00a0mai, de 14h \u00e0 18h, \u00e0 l\u2019atelier Le March\u00e9 Noir, au 11, rue de Flandre, \u00e0 Rennes.De 18h \u00e0 minuit \u2013 La nuit des mus\u00e9es<\/p>\n<p class=\" wall-content\">Pour la 21\u1d49\u00a0\u00e9dition de la Nuit des mus\u00e9es, les mus\u00e9es de Rennes ouvrent <strong>gratuitement<\/strong> leurs portes jusqu\u2019\u00e0 minuit. Au <strong>programme<\/strong>\u2009: visites guid\u00e9es, visites libres, concerts, parcours ludiques, ainsi que des pi\u00e8ces de th\u00e9\u00e2tre \u00e0 Rennes.<\/p>\n<p class=\" wall-content\">Les mus\u00e9es rennais participants sont le <a href=\"https:\/\/www.leschampslibres.fr\/les-champs-libres\/musee-de-bretagne\" rel=\"nofollow noopener\" target=\"_blank\">Mus\u00e9e de Bretagne<\/a>, <a href=\"https:\/\/www.ecomusee-rennes-metropole.fr\/\" rel=\"nofollow noopener\" target=\"_blank\">l\u2019Ecomus\u00e9e de la Bintinais<\/a>, le <a href=\"https:\/\/mba.rennes.fr\/\" rel=\"nofollow noopener\" target=\"_blank\">Mus\u00e9e des Beaux-arts<\/a> et le <a href=\"https:\/\/www.fracbretagne.fr\/fr\/\" rel=\"nofollow noopener\" target=\"_blank\">Frac Bretagne<\/a>. Retrouvez les horaires d\u2019ouverture sp\u00e9ciaux sur leurs sites.<\/p>\n<p>Samedi 17\u00a0mai, les horaires varient selon les mus\u00e9es de Rennes (voir sur leurs sites).<\/p>\n<p>\u00c0 partir de 20h30 \u2013 Karaok\u00e9 do Brasil<\/p>\n<p class=\" wall-content\">\u00c0 l\u2019occasion de la 6\u1d49 \u00e9dition du <strong>Karaok\u00e9 br\u00e9silien<\/strong> propos\u00e9 par le Collectif Br\u00e9sil Rennes, ce dernier vous donne rendez-vous au bar<strong> Le Sablier<\/strong>\u00a0pour une soir\u00e9e musicale dans toutes les langues.<\/p>\n<p>    <a href=\"https:\/\/www.facebook.com\/plugins\/post.php?href=https%3A%2F%2Fwww.facebook.com%2Fphoto.php%3Ffbid%3D1163625055774991%26set%3Dgm.1664218750922042%26type%3D3&amp;show_text=true&amp;width=350\" title=\"Ouvrie le lien\" rel=\"nofollow noopener\" target=\"_blank\">Cliquez ici pour visualiser le contenu<\/a><\/p>\n<p class=\" wall-content\">Cet \u00e9v\u00e9nement <strong>gratuit<\/strong> d\u00e9butera \u00e0 partir de 20h30. Si vous souhaitez manger sur place, la <strong>restauration<\/strong> est possible d\u00e8s 19h30 et il faut r\u00e9server par t\u00e9l\u00e9phone, au 02\u200921\u200967\u200906\u200936.<\/p>\n<p>Samedi 17\u00a0mai, \u00e0 partir de 20h30 (19h30 pour la restauration) au bar Le Sablier, au 70, rue Jean-Gu\u00e9henno, \u00e0 Rennes.<\/p>\n<p>Du samedi, de 20h \u00e0 23h, au dimanche, de 10h \u00e0 19h \u2013 Le petit march\u00e9 de l\u2019art<\/p>\n<p class=\" wall-content\"><a href=\"https:\/\/www.facebook.com\/photo.php?fbid=597095946637553&amp;id=100090114595715&amp;set=a.195451096802042\" rel=\"nofollow noopener\" target=\"_blank\">Art2Rennes<\/a> annonce que le petit march\u00e9 de l\u2019art fait son retour ce week-end. Les artistes de l\u2019association seront pr\u00e9sents \u00e0 la <strong>Halle Martenot<\/strong>, place des Lices, \u00e0 Rennes, samedi \u00e0 partir de 20h. Au\u00a0<strong>programme<\/strong>\u2009: vernissage, concerts, rencontres avec les artistes et verre de l\u2019amiti\u00e9.<\/p>\n<p>    <a href=\"https:\/\/www.facebook.com\/plugins\/post.php?href=https%3A%2F%2Fwww.facebook.com%2Fpermalink.php%3Fstory_fbid%3Dpfbid02tvNk6tmnMUcnJNcYU3zsZiRs7mtee3zY2kqjuH2uCKeWApfFsp5oaxR9auA5PV1cl%26id%3D61554019088303&amp;show_text=true&amp;width=350\" title=\"Ouvrie le lien\" rel=\"nofollow noopener\" target=\"_blank\">Cliquez ici pour visualiser le contenu<\/a><\/p>\n<p class=\" wall-content\">Dimanche, de 10h \u00e0 19h, Art2Rennes vous invite \u00e0 venir d\u00e9couvrir ses <strong>artistes peintres, ses sculpteurs (trices), ses photographes, ses illustrateurs (trices)\u2026<\/strong> Artistes et grand public sont les bienvenus \u00e0 ce march\u00e9.<\/p>\n<p>Du samedi, de 20h \u00e0 23h, au dimanche, de 10h \u00e0 19h, \u00e0 la Halle Martenot, place des Lices, \u00e0 Rennes.<\/p>\n<p>Du 17\u00a0mai au 10\u00a0septembre 2025 \u2013 Rennes au rythme des mots<\/p>\n<p class=\" wall-content\">\u00c0 partir de ce samedi 17\u00a0mai, le <strong>vice-champion de France de slam<\/strong>\u00a0<a href=\"https:\/\/www.elvislampoesie.com\/\" rel=\"nofollow noopener\" target=\"_blank\">Elvi<\/a> vous donne rendez-vous au <strong>4, quai Saint-Cyr<\/strong> pour une <strong>visite<\/strong> de Rennes \u00ab\u2009alliant le rythme des mots et la puissance po\u00e9tique du centre historique\u2009\u00bb.<\/p>\n<p class=\" wall-content\">Le programme de cette ballade, <strong>de 11h \u00e0 12h30<\/strong>, comprend des r\u00e9cits de l\u2019Histoire et des partages d\u2019anecdotes dans une immersion artistique. <strong>Gratuit<\/strong> pour les moins de 8\u00a0ans, le prix de cet \u00e9v\u00e9nement est de <strong>7\u00a0euros<\/strong> en tarif r\u00e9duit et <strong>9\u00a0euros<\/strong> en tarif plein.<\/p>\n<p>Retrouvez plus d\u2019informations sur le <a href=\"https:\/\/www.tourisme-rennes.com\/sortir\/rennes-au-rythme-des-mots\/\" rel=\"nofollow noopener\" target=\"_blank\">site de l\u2019office de tourisme de Rennes<\/a>. Rendez-vous le samedi 17\u00a0mai, de 11h \u00e0 12h30, et jusqu\u2019au 10\u00a0septembre 2025 dans le centre de Rennes.D\u00e8s 8h \u2013 Braderie de Pont-R\u00e9an<\/p>\n<p class=\" wall-content\">D\u00e8s 8h, la <strong>braderie de Pont-R\u00e9an<\/strong> fait son retour sur le pont du village \u00e0 l\u2019occasion de sa 31\u1d49\u00a0\u00e9dition. Organis\u00e9e par l\u2019association des deux \u00e9coles de Pont-R\u00e9an, cette braderie est ouverte \u00e0 tous les particuliers <strong>sans r\u00e9servation<\/strong>.<\/p>\n<p>    <a href=\"https:\/\/www.facebook.com\/plugins\/post.php?href=https%3A%2F%2Fwww.facebook.com%2Fphoto.php%3Ffbid%3D980028210919283%26set%3Dgm.1186245563205840%26type%3D3&amp;show_text=true&amp;width=350\" title=\"Ouvrie le lien\" rel=\"nofollow noopener\" target=\"_blank\">Cliquez ici pour visualiser le contenu<\/a><\/p>\n<p class=\" wall-content\">Pour les bradeurs \u2013 en ce qui concerne l\u2019emplacement \u2013 le prix du m\u00e8tre lin\u00e9aire est de <strong>2,5 euros<\/strong>. Une buvette et une restauration sont disponibles sur place.<\/p>\n<p>Pour plus d\u2019informations, contactez l\u2019adresse mail <a href=\"https:\/\/actu.fr\/cdn-cgi\/l\/email-protection\" class=\"__cf_email__\" data-cfemail=\"cba9b9aaafaeb9a2aebba4a5bfb9aeaaa58baca6aaa2a7e5a8a4a6\" rel=\"nofollow noopener\" target=\"_blank\">[email\u00a0protected]<\/a>. Rendez-vous le dimanche 18\u00a0mai, d\u00e8s 8h au pont de Pont-R\u00e9an.De 8h \u00e0 18h \u2013 Vide-grenier de l\u2019AQAG<\/p>\n<p class=\" wall-content\">L\u2019Association de Quartier Alphonse Gu\u00e9rin organise la 31\u1d49 \u00e9dition de son <strong>vide-grenier<\/strong>. Ce dernier se tiendra dimanche 18\u00a0mai, de 8h \u00e0 18h, <strong>rue Bertrand-Robidou<\/strong> et celles adjacentes, \u00e0 Rennes.<\/p>\n<p class=\" wall-content\">Information aux bradeurs\u2009: la braderie est <strong>compl\u00e8te<\/strong>, il n\u2019est plus possible de r\u00e9server un emplacement. Pour les chineurs, l\u2019entr\u00e9e est libre et <strong>gratuite<\/strong>, et une restauration ainsi qu\u2019une buvette sont propos\u00e9es sur place.<\/p>\n<p>Dimanche 18\u00a0mai, de 8h \u00e0 18h, rue Bertrand-Robidou et celles adjacentes, \u00e0 Rennes.<\/p>\n<p>De 14h \u00e0 21h \u2013 Open air Leuc\u00e9mix<\/p>\n<p class=\" wall-content\">L\u2019Association \u00c9v\u00e9nementielle Caritative des \u00c9tudiants Rennais (AECER) organise un grand \u00e9v\u00e9nement musical en plein air au profit de la <strong>recherche contre la leuc\u00e9mie<\/strong>. En effet, cette journ\u00e9e ouverte \u00e0 tous vise \u00e0 r\u00e9colter des fonds, dont 80\u2009% seront revers\u00e9s \u00e0 la f\u00e9d\u00e9ration Leuc\u00e9mie Espoir.<\/p>\n<p class=\" wall-content\"><a href=\"https:\/\/www.instagram.com\/p\/DJNG5pKMNQM\/embed\" title=\"Ouvrir le lien sur Instagram\" rel=\"nofollow noopener\" target=\"_blank\">Visualiser le contenu sur Instagram<\/a><\/p>\n<p class=\" wall-content\"><a href=\"https:\/\/dimanche.rennes.fr\/evenement\/leucemix\/?fbclid=IwY2xjawKT9thleHRuA2FlbQIxMABicmlkETFnQVk0MmtPazYzTmtTbEFKAR7GqvqoddD_1oqZN2ppb5Cd7gbQmE1AePfK9Og5H1MjGkfF50rtmv4TZH10Mg_aem_0Cjokb3NiLImGTkH-JvSpg\" rel=\"nofollow noopener\" target=\"_blank\">L\u2019open air Leuc\u00e9mix<\/a>, pr\u00e9vu dimanche 18\u00a0mai, de 14h \u00e0 21h, proposera des concerts d\u2019artistes rennais, des stands de restauration locale et plusieurs animations vari\u00e9es. Rendez-vous aux <strong>jardins de la Maison Saint-Louis<\/strong>, \u00e0 Rennes, pour \u00ab\u2009se divertir tout en soutenant une cause essentielle\u2009\u00bb.<\/p>\n<p>Le billet d\u2019entr\u00e9e implique une participation libre, avec un minimum de 3\u00a0euros, et l\u2019\u00e9v\u00e8nement est gratuit pour les moins de 12\u00a0ans. R\u00e9servez votre billet <a href=\"https:\/\/www.helloasso.com\/associations\/association-evenementielle-caritative-des-etudiants-rennais\/evenements\/billetterie-leucemix?utm_source=app_ha&amp;utm_campaign=share_campaign_button&amp;utm_medium=ios&amp;fbclid=IwY2xjawKFTOlleHRuA2FlbQIxMABicmlkETFHajM4aUpxR3B1ZHB1NWdJAR4C6s-Ubddh1olqqfP8LVRiSN2bV3nXUut9LWh7bB-5SB3iMp_vOR_1SaNNaA_aem_INebvvV1dYYQh_9AVfixuw\" rel=\"nofollow noopener\" target=\"_blank\">ici<\/a>. Rendez-vous le dimanche 18\u00a0mai, de 14h \u00e0 21h, aux jardins de la Maison Saint-Louis, au 14, rue de Dinan, \u00e0 Rennes.<\/p>\n<p class=\" wall-content\">Suivez toute l\u2019actualit\u00e9 de vos villes et m\u00e9dias favoris en vous inscrivant \u00e0 <a href=\"https:\/\/moncompte.actu.fr\" title=\"D\u00e9couvez Mon Actu\" rel=\"nofollow noopener\" data-trk=\"{&quot;cta&quot;:{&quot;action&quot;:&quot;https:\\\/\\\/moncompte.actu.fr&quot;,&quot;category&quot;:&quot;mon compte&quot;,&quot;from&quot;:&quot;article footer&quot;,&quot;name&quot;:&quot;Mon actu&quot;,&quot;type&quot;:&quot;cta&quot;}}\" target=\"_blank\">Mon Actu<\/a>.<\/p>\n<p>                    <script async src=\"\/\/www.instagram.com\/embed.js\"><\/script><\/p>\n","protected":false},"excerpt":{"rendered":"Par Lou Batteux Publi\u00e9 le 16 mai 2025 \u00e0 17h38 Ce week-end des samedi\u00a017 au dimanche 18\u00a0mai 2025,&hellip;\n","protected":false},"author":2,"featured_media":104940,"comment_status":"","ping_status":"","sticky":false,"template":"","format":"standard","meta":{"footnotes":""},"categories":[2821],"tags":[1111,11,829,6961,1697,1777,674,1011,27,1652,12,584,25,3365],"class_list":{"0":"post-104939","1":"post","2":"type-post","3":"status-publish","4":"format-standard","5":"has-post-thumbnail","7":"category-rennes","8":"tag-actu","9":"tag-actualites","10":"tag-bretagne","11":"tag-brocante","12":"tag-concert","13":"tag-eu","14":"tag-europe","15":"tag-fr","16":"tag-france","17":"tag-loisirs-culture","18":"tag-news","19":"tag-rennes","20":"tag-republique-francaise","21":"tag-vide-greniers"},"share_on_mastodon":{"url":"https:\/\/pubeurope.com\/@fr\/114518678934697710","error":""},"_links":{"self":[{"href":"https:\/\/www.europesays.com\/fr\/wp-json\/wp\/v2\/posts\/104939","targetHints":{"allow":["GET"]}}],"collection":[{"href":"https:\/\/www.europesays.com\/fr\/wp-json\/wp\/v2\/posts"}],"about":[{"href":"https:\/\/www.europesays.com\/fr\/wp-json\/wp\/v2\/types\/post"}],"author":[{"embeddable":true,"href":"https:\/\/www.europesays.com\/fr\/wp-json\/wp\/v2\/users\/2"}],"replies":[{"embeddable":true,"href":"https:\/\/www.europesays.com\/fr\/wp-json\/wp\/v2\/comments?post=104939"}],"version-history":[{"count":0,"href":"https:\/\/www.europesays.com\/fr\/wp-json\/wp\/v2\/posts\/104939\/revisions"}],"wp:featuredmedia":[{"embeddable":true,"href":"https:\/\/www.europesays.com\/fr\/wp-json\/wp\/v2\/media\/104940"}],"wp:attachment":[{"href":"https:\/\/www.europesays.com\/fr\/wp-json\/wp\/v2\/media?parent=104939"}],"wp:term":[{"taxonomy":"category","embeddable":true,"href":"https:\/\/www.europesays.com\/fr\/wp-json\/wp\/v2\/categories?post=104939"},{"taxonomy":"post_tag","embeddable":true,"href":"https:\/\/www.europesays.com\/fr\/wp-json\/wp\/v2\/tags?post=104939"}],"curies":[{"name":"wp","href":"https:\/\/api.w.org\/{rel}","templated":true}]}}