{"id":104949,"date":"2025-05-16T17:29:11","date_gmt":"2025-05-16T17:29:11","guid":{"rendered":"https:\/\/www.europesays.com\/fr\/104949\/"},"modified":"2025-05-16T17:29:11","modified_gmt":"2025-05-16T17:29:11","slug":"au-chu-de-nantes-ils-se-mobilisent-pour-prevenir-les-risques-davc","status":"publish","type":"post","link":"https:\/\/www.europesays.com\/fr\/104949\/","title":{"rendered":"au CHU de Nantes, ils se mobilisent pour pr\u00e9venir les risques d&rsquo;AVC"},"content":{"rendered":"<p>            Par<br \/>\n        <strong><br \/>\n            <a href=\"https:\/\/actu.fr\/auteur\/tristan-mahe-actu-fr\" title=\"Consulter tous les articles de Tristan Mah\u00e9\" target=\"_blank\" rel=\"noopener\">Tristan Mah\u00e9<\/a><br \/>\n        <\/strong><\/p>\n<p>        Publi\u00e9 le<\/p>\n<p>            16 mai 2025 \u00e0 18h43        <\/p>\n<p><img decoding=\"async\" loading=\"lazy\" src=\"https:\/\/www.europesays.com\/fr\/wp-content\/uploads\/2025\/05\/chu-nantes-journee-prevention-avc-960x640.jpg\" alt=\"Ce jeudi 15 mai, un rassemblement de pr\u00e9vention contre l'AVC a eu lieu au CHU de Nantes.\" width=\"960\" height=\"640\"\/><\/p>\n<p class=\" wall-content\">Que faire si l\u2019on pr\u00e9sente les signes avant-coureurs d\u2019un <strong>AVC<\/strong>\u2009? En quoi consiste l\u2019op\u00e9ration pour le soigner\u2009? <strong>Comment r\u00e9duire les risques\u2009?<\/strong> Tant de questions que tout le monde peut \u00eatre amen\u00e9 \u00e0 se poser sur l\u2019<strong>accident cardiovasculaire<\/strong> <strong>c\u00e9r\u00e9bral<\/strong> (AVC), et qui restent parfois sans r\u00e9ponse.<\/p>\n<p class=\" wall-content\">C\u2019est pourquoi, \u00e0 l\u2019occasion de la <a href=\"https:\/\/www.chu-nantes.fr\/journee-europeenne-de-prevention-des-avc-1\" target=\"_blank\" rel=\"noopener\">journ\u00e9e europ\u00e9enne de pr\u00e9vention contre l\u2019AVC<\/a>, le CHU de Nantes a install\u00e9 des stands dans son hall d\u2019entr\u00e9e pour <strong>sensibiliser les visiteurs<\/strong>.\u00a0Et pour ce faire, de nombreux prospectus informatifs et affiches ou vid\u00e9os explicatives sont mis \u00e0 disposition.<\/p>\n<p>    <a href=\"https:\/\/www.google.com\/maps\/embed?pb=!1m18!1m12!1m3!1d2710.238633023112!2d-1.556644824803473!3d47.21191287115635!2m3!1f0!2f0!3f0!3m2!1i1024!2i768!4f13.1!3m3!1m2!1s0x4805eeae9bd066b7%3A0xe5e99ca70c911cce!2sH%C3%B4tel-Dieu%20-%20CHU%20de%20Nantes!5e0!3m2!1sfr!2sfr!4v1747411323747!5m2!1sfr!2sfr\" title=\"Ouvrie le lien\" target=\"_blank\" rel=\"noopener\">Cliquez ici pour visualiser le contenu<\/a><\/p>\n<p class=\" wall-content\">Mais surtout, un atelier pour mesurer la tension, et un autre mettant en sc\u00e8ne le mat\u00e9riel utilis\u00e9 pour op\u00e9rer un AVC. Entre b\u00e9n\u00e9voles, assistants chirurgicaux, ou encore aides soignants, tout le monde est au rendez-vous pour d\u00e9mocratiser ce sujet, et <strong>partager son t\u00e9moignage<\/strong>.<\/p>\n<p>\u00ab\u2009J\u2019ai vraiment eu de la chance\u2009\u00bb<\/p>\n<p class=\" wall-content\">Parmi les personnes pr\u00e9sentes, Yannick, retrait\u00e9 nantais, anime l\u2019un des stands. B\u00e9n\u00e9vole pour l\u2019association <a href=\"https:\/\/franceavc44.fr\/\" target=\"_blank\" rel=\"noopener\">France AVC dans la branche du 44<\/a>, il a d\u00e9j\u00e0 fait la mauvaise exp\u00e9rience d\u2019un AVC. \u00ab\u2009J\u2019ai fait un accident cardiovasculaire c\u00e9r\u00e9bral en 2007, puis j\u2019ai rejoint le collectif il y a 5 ans \u00e0 la suite de la proposition de celui qui me soigne.\u2009\u00bb<\/p>\n<p class=\" wall-content\">\u00c0 titre personnel, Yannick se rappelle avoir surmont\u00e9 cette \u00e9preuve sans trop de difficult\u00e9s\u2009: \u00ab\u2009J\u2019ai eu de la chance, j\u2019ai fait un <strong>AIT<\/strong> (accident isch\u00e9mique transitoire), pr\u00e9curseur de l\u2019AVC. <strong>J\u2019ai appel\u00e9 les urgences<\/strong> et c\u2019est sur mon lit d\u2019h\u00f4pital que je l\u2019ai fait, je ne pouvais pas \u00eatre mieux\u2009\u00bb, se rappelle-t-il en riant.<\/p>\n<p>Vid\u00e9os : en ce moment sur Actu<\/p>\n<p class=\" wall-content\">Apr\u00e8s plusieurs s\u00e9ances en r\u00e9\u00e9ducation, il a r\u00e9duit son cholest\u00e9rol, fait plus attention \u00e0 sa tension et a pris les m\u00e9dicaments qui lui avaient \u00e9t\u00e9 prescrits.<\/p>\n<p>Une journ\u00e9e m\u00e9connue du grand public<\/p>\n<p class=\" wall-content\">Yannick constate qu\u2019ils sont bien plus sollicit\u00e9s par les gens ayant d\u00e9j\u00e0 \u00e9t\u00e9 victimes d\u2019AVC que ceux venant r\u00e9ellement pour la pr\u00e9vention.<\/p>\n<p class=\" wall-content\">Selon lui, <strong>la journ\u00e9e de pr\u00e9vention n\u2019est pas assez mise en avant.<\/strong> Il d\u00e9plore que beaucoup ne sachent pas que cet \u00e9v\u00e9nement a lieu. \u00ab\u2009Beaucoup ne connaissent pas les sympt\u00f4mes, alors si on peut aider\u2026 <strong>C\u2019est pour \u00e7a qu\u2019on fait \u00e7a<\/strong>.\u2009\u00bb<\/p>\n<p class=\" wall-content\">Suivez toute l\u2019actualit\u00e9 de vos villes et m\u00e9dias favoris en vous inscrivant \u00e0 <a href=\"https:\/\/moncompte.actu.fr\" title=\"D\u00e9couvez Mon Actu\" rel=\"nofollow noopener\" data-trk=\"{&quot;cta&quot;:{&quot;action&quot;:&quot;https:\\\/\\\/moncompte.actu.fr&quot;,&quot;category&quot;:&quot;mon compte&quot;,&quot;from&quot;:&quot;article footer&quot;,&quot;name&quot;:&quot;Mon actu&quot;,&quot;type&quot;:&quot;cta&quot;}}\" target=\"_blank\">Mon Actu<\/a>.<\/p>\n","protected":false},"excerpt":{"rendered":"Par Tristan Mah\u00e9 Publi\u00e9 le 16 mai 2025 \u00e0 18h43 Que faire si l\u2019on pr\u00e9sente les signes avant-coureurs&hellip;\n","protected":false},"author":2,"featured_media":104950,"comment_status":"","ping_status":"","sticky":false,"template":"","format":"standard","meta":{"footnotes":""},"categories":[2818],"tags":[1111,11,7426,1777,674,1011,27,766,12,2636,25,71,2631],"class_list":{"0":"post-104949","1":"post","2":"type-post","3":"status-publish","4":"format-standard","5":"has-post-thumbnail","7":"category-nantes","8":"tag-actu","9":"tag-actualites","10":"tag-chu-de-nantes","11":"tag-eu","12":"tag-europe","13":"tag-fr","14":"tag-france","15":"tag-nantes","16":"tag-news","17":"tag-pays-de-la-loire","18":"tag-republique-francaise","19":"tag-sante","20":"tag-sciences-technologie"},"share_on_mastodon":{"url":"https:\/\/pubeurope.com\/@fr\/114518698596304178","error":""},"_links":{"self":[{"href":"https:\/\/www.europesays.com\/fr\/wp-json\/wp\/v2\/posts\/104949","targetHints":{"allow":["GET"]}}],"collection":[{"href":"https:\/\/www.europesays.com\/fr\/wp-json\/wp\/v2\/posts"}],"about":[{"href":"https:\/\/www.europesays.com\/fr\/wp-json\/wp\/v2\/types\/post"}],"author":[{"embeddable":true,"href":"https:\/\/www.europesays.com\/fr\/wp-json\/wp\/v2\/users\/2"}],"replies":[{"embeddable":true,"href":"https:\/\/www.europesays.com\/fr\/wp-json\/wp\/v2\/comments?post=104949"}],"version-history":[{"count":0,"href":"https:\/\/www.europesays.com\/fr\/wp-json\/wp\/v2\/posts\/104949\/revisions"}],"wp:featuredmedia":[{"embeddable":true,"href":"https:\/\/www.europesays.com\/fr\/wp-json\/wp\/v2\/media\/104950"}],"wp:attachment":[{"href":"https:\/\/www.europesays.com\/fr\/wp-json\/wp\/v2\/media?parent=104949"}],"wp:term":[{"taxonomy":"category","embeddable":true,"href":"https:\/\/www.europesays.com\/fr\/wp-json\/wp\/v2\/categories?post=104949"},{"taxonomy":"post_tag","embeddable":true,"href":"https:\/\/www.europesays.com\/fr\/wp-json\/wp\/v2\/tags?post=104949"}],"curies":[{"name":"wp","href":"https:\/\/api.w.org\/{rel}","templated":true}]}}