{"id":104957,"date":"2025-05-16T17:33:09","date_gmt":"2025-05-16T17:33:09","guid":{"rendered":"https:\/\/www.europesays.com\/fr\/104957\/"},"modified":"2025-05-16T17:33:09","modified_gmt":"2025-05-16T17:33:09","slug":"balance-un-homme-condamne-trois-mois-apres","status":"publish","type":"post","link":"https:\/\/www.europesays.com\/fr\/104957\/","title":{"rendered":"balanc\u00e9, un homme condamn\u00e9 trois mois apr\u00e8s"},"content":{"rendered":"<p>            Par<br \/>\n        <strong><br \/>\n            <a href=\"https:\/\/actu.fr\/auteur\/guillaume-laurens\" title=\"Consulter tous les articles de Guillaume Laurens\" rel=\"nofollow noopener\" target=\"_blank\">Guillaume Laurens<\/a><br \/>\n        <\/strong><\/p>\n<p>        Publi\u00e9 le<\/p>\n<p>            16 mai 2025 \u00e0 19h03        <\/p>\n<p>Il n\u2019ira pas en prison\u2026 mais en <strong>h\u00f4pital psychiatrique<\/strong>. Trois mois apr\u00e8s <a href=\"https:\/\/actu.fr\/occitanie\/toulouse_31555\/toulouse-un-gros-incendie-se-declare-en-plein-centre-ville-32-personnes-evacuees_62230756.html\" rel=\"nofollow noopener\" target=\"_blank\">le <strong>gros incendie<\/strong> qui avait touch\u00e9 <strong>quatre immeubles<\/strong><\/a> et n\u00e9cessit\u00e9 <strong>l\u2019\u00e9vacuation de 32 personnes<\/strong> en pleine nuit entre la rue Pharaon et la rue de la Fonderie, en centre-ville de <strong><a href=\"https:\/\/actu.fr\/toulouse\/\" rel=\"nofollow noopener\" target=\"_blank\">Toulouse<\/a><\/strong>, un homme a \u00e9t\u00e9 condamn\u00e9 par la justice, mercredi 14 mai 2025, apr\u00e8s avoir \u00e9t\u00e9 <strong>d\u00e9sign\u00e9\u2026 par d\u2019autres suspects<\/strong>. Ce que l\u2019on sait.<\/p>\n<p>Une \u00ab\u00a0abolition du discernement\u00a0\u00bb<\/p>\n<p class=\" wall-content\">Mercredi, cet homme de <strong>29 ans<\/strong>, \u00e9tait donc pr\u00e9sent\u00e9 au tribunal judiciaire de Toulouse pour <strong>\u00ab\u00a0destruction du bien d\u2019autrui<\/strong> par un moyen dangereux pour les personnes\u00a0\u00bb. Une comparution \u00e0 d\u00e9lai diff\u00e9r\u00e9e en raison de n\u00e9cessaires<strong> \u00ab\u00a0expertises psychiatriques\u00a0\u00bb<\/strong>, explique le parquet de Toulouse, qui \u00e9voque une \u00ab\u00a0abolition du discernement et du contr\u00f4le de ses actes\u00a0\u00bb.<\/p>\n<p>Admis en h\u00f4pital psychiatrique<\/p>\n<p class=\" wall-content\">Cet homme, qui agissait en r\u00e9cidive, toujours selon le parquet, a \u00e9t\u00e9 reconnu<strong> \u00ab\u00a0responsable des faits<\/strong> sur le plan civil, mais <strong>p\u00e9nalement irresponsable<\/strong> sur le plan p\u00e9nal, du fait d\u2019une abolition du discernement\u00a0\u00bb.<\/p>\n<p class=\" wall-content\">Il a donc \u00e9t\u00e9 hospitalis\u00e9 en <strong>\u00e9tablissement psychiatrique<\/strong> et condamn\u00e9 \u00e0 une interdiction de d\u00e9tenir ou de porter une arme \u00e0 titre de mesure de s\u00fbret\u00e9 pendant cinq ans.<\/p>\n<p>Quatre immeubles touch\u00e9s, 61 pompiers mobilis\u00e9s<\/p>\n<p class=\" wall-content\">Dans la nuit du dimanche 9 au lundi 10 f\u00e9vrier 2025, de nombreux habitants du quartier des Carmes avaient \u00e9t\u00e9 <strong>r\u00e9veill\u00e9s par un \u00e9norme incendie<\/strong> \u00e0 Toulouse, \u00e0 deux pas de la place du Salin. Parti d\u2019un immeuble au 5 rue Pharaon, le feu s\u2019\u00e9tait <strong>propag\u00e9 par la toiture<\/strong> \u00e0 plusieurs b\u00e2timents, dont <strong>deux qui \u00e9taient squatt\u00e9s<\/strong>, selon le SDIS de la Haute-Garonne, qui avait appel \u00e0 six lances \u00e0 incendie et mobilis\u00e9 quelque <strong>61 pompiers<\/strong> d\u00e8s 2 heures du matin et pendant de longues heures, pour venir \u00e0 bout des flammes.<\/p>\n<p>    <img   decoding=\"async\" loading=\"lazy\" src=\"https:\/\/www.europesays.com\/fr\/wp-content\/uploads\/2025\/05\/pompiers-incendie-centre-toulouse-la-960x640.jpg\" alt=\"Plus de 60 pompiers et six lances \u00e0 incendie avaient \u00e9t\u00e9 mobilis\u00e9s sur place\" width=\"960\" height=\"640\"\/><br \/>\n    Plus de 60 pompiers et six lances \u00e0 incendie avaient \u00e9t\u00e9 mobilis\u00e9s sur place (\u00a9L\u00e9a Afonso \/ Actu Toulouse)32 personnes \u00e9vacu\u00e9es en pleine nuit<\/p>\n<p class=\" wall-content\">Une <strong>partie de la toiture<\/strong> s\u2019\u00e9tant effondr\u00e9e, les soldats du feu avaient d\u00e9ploy\u00e9 des <strong>drones<\/strong> sur place, ainsi qu\u2019une \u00e9quipe sp\u00e9cialis\u00e9e dans les <strong>risques b\u00e2timentaires<\/strong> et une \u00e9quipe <strong>cynotechnique<\/strong> (des chiens sauveteurs).<\/p>\n<p class=\" wall-content\">Au total, <strong>32 personnes<\/strong> avaient d\u00fb \u00eatre <strong>\u00e9vacu\u00e9es<\/strong> de leur logement en pleine nuit. L\u2019une d\u2019elles avait \u00e9t\u00e9 prise en charge sur place par les secours, mais son \u00e9tat n\u2019avait pas n\u00e9cessit\u00e9 de transport vers un centre hospitalier.<\/p>\n<p>    <img   decoding=\"async\" loading=\"lazy\" src=\"https:\/\/www.europesays.com\/fr\/wp-content\/uploads\/2025\/05\/incendie-toulouse-pompiers-la-960x640.jpg\" alt=\"32 personnes avaient d\u00fb \u00eatre \u00e9vacu\u00e9es par les secours en pleine nuit\" width=\"960\" height=\"640\"\/><br \/>\n    32 personnes avaient d\u00fb \u00eatre \u00e9vacu\u00e9es par les secours en pleine nuit (\u00a9L\u00e9a Afonso \/ Actu Toulouse)Trois premiers suspects interpell\u00e9s\u2026 puis rel\u00e2ch\u00e9s<\/p>\n<p class=\" wall-content\">D\u2019abord <strong>suspect\u00e9s<\/strong> d\u2019\u00eatre \u00e0 l\u2019origine de l\u2019incendie, <strong>trois hommes<\/strong> avaient \u00e9t\u00e9 rapidement interpell\u00e9s apr\u00e8s le d\u00e9part de feu, gr\u00e2ce aux descriptions de t\u00e9moins et aux cam\u00e9ras de vid\u00e9oprotection. \u00ab\u00a0Sur les images, on distingue ces trois individus <strong>prenant la fuite\u00a0\u00bb<\/strong>, indiquait alors une source proche de l\u2019enqu\u00eate. Les policiers les avaient promptement arr\u00eat\u00e9s devant la gare Matabiau vers 2h30 du matin, mais ces jeunes <strong>sans domicile fixe<\/strong>, plac\u00e9s en garde \u00e0 vue, avaient finalement tous \u00e9t\u00e9 \u00ab\u00a0rel\u00e2ch\u00e9s\u00a0\u00bb suite \u00e0 \u00ab\u00a0l\u2019apparition de nouveaux \u00e9l\u00e9ments\u00a0\u00bb.<\/p>\n<p>\u00ab\u00a0C\u2019est pas nous, c\u2019est lui !\u00a0\u00bb<\/p>\n<p class=\" wall-content\">D\u2019apr\u00e8s nos informations, ces trois individus avaient toutefois donn\u00e9 aux enqu\u00eateurs de <strong>pr\u00e9cieuses informations<\/strong> sur l\u2019auteur pr\u00e9sum\u00e9 des faits, \u00ab\u00a0du genre \u2018C\u2019est pas nous, c\u2019est lui\u2019 !\u00a0\u00bb, glisse une source proche du dossier.<\/p>\n<p class=\" wall-content\">Les policiers du service des atteintes aux biens de la rive droite ont ainsi pu l\u2019identifier et lancer un <strong>avis de recherche<\/strong>, mais le suspect en question \u00e9tait <strong>introuvable<\/strong>, jusqu\u2019\u00e0 ce week-end de mai o\u00f9 il a \u00e9t\u00e9 contr\u00f4l\u00e9 \u00e0 la gare Matabiau\u2026<\/p>\n<p class=\" wall-content\">Interpell\u00e9, ce jeune homme d\u00e9j\u00e0 connu des services de police, toxicomane et souffrant de probl\u00e8mes psychiatriques, a indiqu\u00e9 aux policiers qu\u2019il ne prenait pas son traitement de fa\u00e7on r\u00e9guli\u00e8re, et qu\u2019en cons\u00e9quence, \u00ab\u00a0il ne se rappelait de rien\u00a0\u00bb.<\/p>\n<p class=\" wall-content\">Suivez toute l\u2019actualit\u00e9 de vos villes et m\u00e9dias favoris en vous inscrivant \u00e0 <a href=\"https:\/\/moncompte.actu.fr\" title=\"D\u00e9couvez Mon Actu\" rel=\"nofollow noopener\" data-trk=\"{&quot;cta&quot;:{&quot;action&quot;:&quot;https:\\\/\\\/moncompte.actu.fr&quot;,&quot;category&quot;:&quot;mon compte&quot;,&quot;from&quot;:&quot;article footer&quot;,&quot;name&quot;:&quot;Mon actu&quot;,&quot;type&quot;:&quot;cta&quot;}}\" target=\"_blank\">Mon Actu<\/a>.<\/p>\n","protected":false},"excerpt":{"rendered":"Par Guillaume Laurens Publi\u00e9 le 16 mai 2025 \u00e0 19h03 Il n\u2019ira pas en prison\u2026 mais en h\u00f4pital&hellip;\n","protected":false},"author":2,"featured_media":104958,"comment_status":"","ping_status":"","sticky":false,"template":"","format":"standard","meta":{"footnotes":""},"categories":[2816],"tags":[1111,11,1777,674,1011,27,1310,12,2680,25,104,2312],"class_list":{"0":"post-104957","1":"post","2":"type-post","3":"status-publish","4":"format-standard","5":"has-post-thumbnail","7":"category-toulouse","8":"tag-actu","9":"tag-actualites","10":"tag-eu","11":"tag-europe","12":"tag-fr","13":"tag-france","14":"tag-incendie","15":"tag-news","16":"tag-occitanie","17":"tag-republique-francaise","18":"tag-societe","19":"tag-toulouse"},"share_on_mastodon":{"url":"https:\/\/pubeurope.com\/@fr\/114518714328415880","error":""},"_links":{"self":[{"href":"https:\/\/www.europesays.com\/fr\/wp-json\/wp\/v2\/posts\/104957","targetHints":{"allow":["GET"]}}],"collection":[{"href":"https:\/\/www.europesays.com\/fr\/wp-json\/wp\/v2\/posts"}],"about":[{"href":"https:\/\/www.europesays.com\/fr\/wp-json\/wp\/v2\/types\/post"}],"author":[{"embeddable":true,"href":"https:\/\/www.europesays.com\/fr\/wp-json\/wp\/v2\/users\/2"}],"replies":[{"embeddable":true,"href":"https:\/\/www.europesays.com\/fr\/wp-json\/wp\/v2\/comments?post=104957"}],"version-history":[{"count":0,"href":"https:\/\/www.europesays.com\/fr\/wp-json\/wp\/v2\/posts\/104957\/revisions"}],"wp:featuredmedia":[{"embeddable":true,"href":"https:\/\/www.europesays.com\/fr\/wp-json\/wp\/v2\/media\/104958"}],"wp:attachment":[{"href":"https:\/\/www.europesays.com\/fr\/wp-json\/wp\/v2\/media?parent=104957"}],"wp:term":[{"taxonomy":"category","embeddable":true,"href":"https:\/\/www.europesays.com\/fr\/wp-json\/wp\/v2\/categories?post=104957"},{"taxonomy":"post_tag","embeddable":true,"href":"https:\/\/www.europesays.com\/fr\/wp-json\/wp\/v2\/tags?post=104957"}],"curies":[{"name":"wp","href":"https:\/\/api.w.org\/{rel}","templated":true}]}}