{"id":104959,"date":"2025-05-16T17:34:08","date_gmt":"2025-05-16T17:34:08","guid":{"rendered":"https:\/\/www.europesays.com\/fr\/104959\/"},"modified":"2025-05-16T17:34:08","modified_gmt":"2025-05-16T17:34:08","slug":"toulouse-les-halles-de-la-cartoucherie-accueillent-un-festival-inedit-concocte-par-le-mangeur-masque","status":"publish","type":"post","link":"https:\/\/www.europesays.com\/fr\/104959\/","title":{"rendered":"Toulouse. Les Halles de la Cartoucherie accueillent un festival in\u00e9dit\u2026 concoct\u00e9 par Le Mangeur Masqu\u00e9"},"content":{"rendered":"<p>            Par<br \/>\n        <strong><br \/>\n            <a href=\"https:\/\/actu.fr\/auteur\/gabriel-kenedi\" title=\"Consulter tous les articles de Gabriel Kenedi\" rel=\"nofollow noopener\" target=\"_blank\">Gabriel Kenedi<\/a><br \/>\n        <\/strong><\/p>\n<p>        Publi\u00e9 le<\/p>\n<p>            16 mai 2025 \u00e0 19h14        <\/p>\n<p>Avis aux gourmands\u2026 et aux cin\u00e9philes ! \u00c0 <strong><a href=\"https:\/\/actu.fr\/occitanie\/toulouse_31555\/boire-un-verre-a-toulouse-presque-cachees-ces-10-terrasses-secretes-offrent-un-cadre-privilegie_62601277.html\" rel=\"nofollow noopener\" target=\"_blank\">Toulouse<\/a><\/strong>, <strong>Les Halles de la Cartoucherie<\/strong> et le <strong>Mangeur Masqu\u00e9<\/strong> s\u2019associent pour organiser un festival in\u00e9dit\u2026 Voici ce qui vous attend !\u00a0<\/p>\n<p>Un festival vraiment original<\/p>\n<p class=\" wall-content\">Et si vous pouviez <strong>manger des plats<\/strong> en m\u00eame temps que vous les voyez \u00e0 l\u2019\u00e9cran ? Voil\u00e0 le th\u00e8me pour le moins original du <strong>\u00ab\u00a0Film Food Festival\u00a0\u00bb<\/strong> (#FFF), qui se d\u00e9roulera le dimanche 8 juin 2025 aux Halles de la Cartoucherie, le plus grand tiers lieu de Toulouse.<\/p>\n<p class=\" wall-content\">Cet \u00e9v\u00e9nement a \u00e9t\u00e9 imagin\u00e9 par <strong>Le Mangeur Masqu\u00e9<\/strong>, talentueux critique culinaire <a href=\"https:\/\/actu.fr\/occitanie\/toulouse_31555\/toulouse-il-passe-son-temps-a-demasquer-les-restos-mais-qui-est-le-mangeur-masque_54336771.html\" rel=\"nofollow noopener\" target=\"_blank\">\u00e0 l\u2019identit\u00e9 secr\u00e8te<\/a>, suivi par plus de 33 000 personnes sur Instagram, et qui officie chaque semaine sur Actu Toulouse et dans le magazine C\u00f4t\u00e9 Toulouse.\u00a0<\/p>\n<p>Allier gastronomie et cin\u00e9ma le temps d\u2019une journ\u00e9e\u00a0<\/p>\n<p class=\" wall-content\">\u00ab\u00a0C\u2019est un \u00e9v\u00e9nement que je pr\u00e9pare depuis plusieurs mois dans le plus grand secret et je suis ravi de le voir aboutir, qui plus est dans un lieu comme les Halles de la Cartoucherie ! L\u2019id\u00e9e \u00e9tait de r\u00e9unir mes deux passions en proposant une <strong>exp\u00e9rience culinaire et sensorielle<\/strong> hors norme. J\u2019esp\u00e8re que \u00e7a va plaire !\u00a0\u00bb, explique Le Mangeur Masqu\u00e9.\u00a0<\/p>\n<p>Vid\u00e9os : en ce moment sur Actu<\/p>\n<p class=\" wall-content\">Cet amoureux de gastronomie et de cin\u00e9ma a donc cuisin\u00e9 <strong>ses deux passions<\/strong> \u00e0 travers un sc\u00e9nario bien huil\u00e9 : proposer aux spectateurs <strong>une s\u00e9lection de films<\/strong> qu\u2019il adore, o\u00f9 la cuisine tient le r\u00f4le principal, tout en d\u00e9gustant <strong>les plats iconiques<\/strong> et savoureux <strong>qui apparaissent \u00e0 l\u2019\u00e9cran<\/strong>.<\/p>\n<p class=\" wall-content\">L\u2019\u00e9v\u00e9nement se d\u00e9roulera<strong> en plein c\u0153ur des Halles de la Cartoucherie<\/strong>, en collaboration \u00e9troite avec plusieurs stands du food court, lors d\u2019un dimanche exceptionnel organis\u00e9 autour de trois s\u00e9ances gourmandes.\u00a0<\/p>\n<p>Que va-t-on voir, et manger ?\u00a0<\/p>\n<p class=\" wall-content\">Concr\u00e8tement, voici ce qui vous attend \u00e0 l\u2019\u00e9cran, et dans l\u2019assiette :\u00a0<\/p>\n<ul class=\" wall-content\">\n<li><strong>10h : s\u00e9ance pour les familles (d\u00e8s 6 ans)<\/strong><\/li>\n<\/ul>\n<p class=\" wall-content\">Projection du dessin-anim\u00e9 La Princesse et la Grenouille : une plong\u00e9e pleine de swing dans la Nouvelle-Orl\u00e9ans avec ce conte moderne de Disney o\u00f9 l\u2019h\u00e9ro\u00efne Tiana r\u00eave d\u2019ouvrir son restaurant. Impossible de ne pas succomber \u00e0 ses beignets ultra-moelleux que vous pourrez enfin manger pour de vrai, accompagn\u00e9s de boissons chaudes et de jus de fruits.<\/p>\n<ul class=\" wall-content\">\n<li><strong>12h30 : \u00e0 table avec \u00ab\u00a0Chef\u00a0\u00bb !<\/strong><\/li>\n<\/ul>\n<p class=\" wall-content\">Projection du film #Chef : un road-trip culinaire entre Los-Angeles et Miami sign\u00e9 et interpr\u00e9t\u00e9 par Jon Favreau (r\u00e9alisateur d\u2019Iron Man), o\u00f9 un chef en qu\u00eate de libert\u00e9 red\u00e9couvre sa passion \u00e0 travers la street food la plus folle. Entre vos mains : grilled cheese d\u00e9goulinant de fromage et sandwich cubano-l\u00e9gendaire !<\/p>\n<ul class=\" wall-content\">\n<li><strong>19h30 : un d\u00eener autour de La Saveur des ramen<\/strong><\/li>\n<\/ul>\n<p class=\" wall-content\">Projection du film \u00ab\u00a0La Saveur des ramen\u00a0\u00bb : un film d\u00e9licat et profond\u00e9ment humain dans lequel Masato, jeune chef japonais sp\u00e9cialis\u00e9 dans le ramen, se lance dans un voyage initiatique \u00e0 Singapour pour retrouver le go\u00fbt d\u2019un plat riche en saveurs et en souvenirs de famille. Venez d\u00e9couvrir le Bak Kut Teh, un bouillon parfum\u00e9 \u00e0 la viande de porc fondante, accompagn\u00e9 de riz, de l\u00e9gumes marin\u00e9s et de th\u00e9.<\/p>\n<p>Les tarifs\u00a0<\/p>\n<p class=\" wall-content\">Pour \u00eatre totalement complet, des<strong> versions v\u00e9g\u00e9tariennes<\/strong> seront propos\u00e9es pour chaque plat. Et pour une immersion totale, les spectateurs seront \u00e9quip\u00e9s d\u2019un <strong>casque sans fil<\/strong> pour profiter pleinement de ce moment unique, qui m\u00e9lange cin\u00e9ma et gastronomie. Un \u00e9v\u00e9nement \u00e0 savourer autant avec les yeux qu\u2019avec les papilles !<\/p>\n<p class=\" wall-content\">C\u00f4t\u00e9 tarifs, comptez <strong>15 \u20ac <\/strong>pour la s\u00e9ance du matin et <strong>26 \u20ac<\/strong> pour les s\u00e9ances de midi et du soir. Attention, les places sont limit\u00e9es, il est donc plus que conseill\u00e9 de r\u00e9server en amont.\u00a0<\/p>\n<p><strong>Infos pratiques :<\/strong><br \/>Film Food Festival<br \/>\nDimanche 8 juin aux Halles de la Cartoucherie, \u00e0 Toulouse<br \/>\nPour prendre ses places, <a href=\"https:\/\/billetterie.festik.net\/les-halles-de-la-cartoucherie-spectacles\/tab\/cine-repas\/\" rel=\"nofollow noopener\" target=\"_blank\">c\u2019est par ici<\/a>.\u00a0<\/p>\n<p class=\" wall-content\">Suivez toute l\u2019actualit\u00e9 de vos villes et m\u00e9dias favoris en vous inscrivant \u00e0 <a href=\"https:\/\/moncompte.actu.fr\" title=\"D\u00e9couvez Mon Actu\" rel=\"nofollow noopener\" data-trk=\"{&quot;cta&quot;:{&quot;action&quot;:&quot;https:\\\/\\\/moncompte.actu.fr&quot;,&quot;category&quot;:&quot;mon compte&quot;,&quot;from&quot;:&quot;article footer&quot;,&quot;name&quot;:&quot;Mon actu&quot;,&quot;type&quot;:&quot;cta&quot;}}\" target=\"_blank\">Mon Actu<\/a>.<\/p>\n","protected":false},"excerpt":{"rendered":"Par Gabriel Kenedi Publi\u00e9 le 16 mai 2025 \u00e0 19h14 Avis aux gourmands\u2026 et aux cin\u00e9philes ! \u00c0&hellip;\n","protected":false},"author":2,"featured_media":104960,"comment_status":"","ping_status":"","sticky":false,"template":"","format":"standard","meta":{"footnotes":""},"categories":[2816],"tags":[1111,11,1777,674,1011,27,1652,12,2680,25,1341,2312],"class_list":{"0":"post-104959","1":"post","2":"type-post","3":"status-publish","4":"format-standard","5":"has-post-thumbnail","7":"category-toulouse","8":"tag-actu","9":"tag-actualites","10":"tag-eu","11":"tag-europe","12":"tag-fr","13":"tag-france","14":"tag-loisirs-culture","15":"tag-news","16":"tag-occitanie","17":"tag-republique-francaise","18":"tag-sortir-a-toulouse","19":"tag-toulouse"},"share_on_mastodon":{"url":"https:\/\/pubeurope.com\/@fr\/114518718316469389","error":""},"_links":{"self":[{"href":"https:\/\/www.europesays.com\/fr\/wp-json\/wp\/v2\/posts\/104959","targetHints":{"allow":["GET"]}}],"collection":[{"href":"https:\/\/www.europesays.com\/fr\/wp-json\/wp\/v2\/posts"}],"about":[{"href":"https:\/\/www.europesays.com\/fr\/wp-json\/wp\/v2\/types\/post"}],"author":[{"embeddable":true,"href":"https:\/\/www.europesays.com\/fr\/wp-json\/wp\/v2\/users\/2"}],"replies":[{"embeddable":true,"href":"https:\/\/www.europesays.com\/fr\/wp-json\/wp\/v2\/comments?post=104959"}],"version-history":[{"count":0,"href":"https:\/\/www.europesays.com\/fr\/wp-json\/wp\/v2\/posts\/104959\/revisions"}],"wp:featuredmedia":[{"embeddable":true,"href":"https:\/\/www.europesays.com\/fr\/wp-json\/wp\/v2\/media\/104960"}],"wp:attachment":[{"href":"https:\/\/www.europesays.com\/fr\/wp-json\/wp\/v2\/media?parent=104959"}],"wp:term":[{"taxonomy":"category","embeddable":true,"href":"https:\/\/www.europesays.com\/fr\/wp-json\/wp\/v2\/categories?post=104959"},{"taxonomy":"post_tag","embeddable":true,"href":"https:\/\/www.europesays.com\/fr\/wp-json\/wp\/v2\/tags?post=104959"}],"curies":[{"name":"wp","href":"https:\/\/api.w.org\/{rel}","templated":true}]}}