{"id":104965,"date":"2025-05-16T17:37:08","date_gmt":"2025-05-16T17:37:08","guid":{"rendered":"https:\/\/www.europesays.com\/fr\/104965\/"},"modified":"2025-05-16T17:37:08","modified_gmt":"2025-05-16T17:37:08","slug":"borderline-organisateur-de-soirees-insolites-a-marseille-fete-ses-15-ans-cette-annee","status":"publish","type":"post","link":"https:\/\/www.europesays.com\/fr\/104965\/","title":{"rendered":"Borderline, organisateur de soir\u00e9es insolites \u00e0 Marseille, f\u00eate ses 15 ans cette ann\u00e9e"},"content":{"rendered":"<p>Borderline, c&rsquo;est \u00ab\u00a0toujours \u00eatre \u00e0 la limite\u00a0\u00bb, se r\u00e9jouit Christian Mellon, qui a cr\u00e9\u00e9 le collectif en 2010. \u00c0 une \u00e9poque o\u00f9 l&rsquo;artiste qu&rsquo;il \u00e9tait (sous le nom d&rsquo;Ysae) basculait derri\u00e8re la sc\u00e8ne pour faire le show autrement. \u00ab\u00a0J&rsquo;avais fait un concert au cabanon \u00e0 la Gineste, et c&rsquo;est l\u00e0 qu&rsquo;est n\u00e9e l&rsquo;id\u00e9e de faire sortir les Marseillais dans des endroits insolites\u00a0\u00bb, se rem\u00e9more-t-il. <a href=\"https:\/\/www.laprovence.com\/article\/economie\/6705959\/les-soirees-bordeline-recompensees.html\" target=\"_blank\" rel=\"noopener\">Depuis, Borderline a sem\u00e9 la zizanie dans la ville au moins 500 fois avec des faits remarquables<\/a> : une soir\u00e9e dans un supermarch\u00e9, \u00e0 la piscine Luminy, dans une boulangerie&#8230; Sans compter l&rsquo;\u00eele Degaby, les rotatives de la Marseillaise, le th\u00e9\u00e2tre Silvain, l&rsquo;Op\u00e9ra, le V\u00e9lodrome etc. Cette ann\u00e9e, pour f\u00eater ses 15 ans d&rsquo;activisme, Borderline organise 15 soir\u00e9es. Les deux premi\u00e8res ont eu lieu \u00e0 la Casa Delauze en mars et au <a href=\"https:\/\/www.laprovence.com\/article\/culture-loisirs\/1517508473541815\/marseille-regards-de-provence-consacre-une-retrospective-au-toulonnais-laurent-mattio-peintre-de-la-lumiere\" target=\"_blank\" rel=\"noopener\">mus\u00e9e Regards de Provence<\/a> le 25 avril, o\u00f9 le collectif a une r\u00e9sidence mensuelle tout l&rsquo;\u00e9t\u00e9 (prochain rendez-vous le 23 mai avec Nickodemus et David Walters). Les deux prochaines, comme les pr\u00e9c\u00e9dentes, ont affich\u00e9 complet en 24 heures : au Sofitel le jeudi 22 mai avec Yann Muller aux platines et \u00e0 la Citadelle de Marseille le 12 juin avec JKriv et Crazy P.<\/p>\n<p>Deux nouveaux rendez-vous vont \u00eatre annonc\u00e9s sur l&rsquo;\u00eele des Embiez et au Mucem<\/p>\n<p>Deux nouveaux rendez-vous vont \u00eatre annonc\u00e9s et il faudra \u00eatre rapide pour r\u00e9server sa place : le 29 juin sur l&rsquo;\u00eele des Embiez dans le cadre du festival Isla et le 8 ao\u00fbt pour une collaboration avec le Mucem. L&rsquo;affiche s&rsquo;annonce emballante avec Mr Giscard, Yuksek et Souleance. \u00ab\u00a0Ce sera notre date phare de l&rsquo;\u00e9t\u00e9\u00a0\u00bb, se r\u00e9jouit Christian Mellon, qui est cependant d\u00e9\u00e7u de ne pas retrouver le th\u00e9\u00e2tre Silvain. \u00ab\u00a0C&rsquo;\u00e9tait notre soir\u00e9e coup de c\u0153ur de l&rsquo;\u00e9t\u00e9\u00a0\u00bb, dit-il.<\/p>\n","protected":false},"excerpt":{"rendered":"Borderline, c&rsquo;est \u00ab\u00a0toujours \u00eatre \u00e0 la limite\u00a0\u00bb, se r\u00e9jouit Christian Mellon, qui a cr\u00e9\u00e9 le collectif en 2010.&hellip;\n","protected":false},"author":2,"featured_media":104966,"comment_status":"","ping_status":"","sticky":false,"template":"","format":"standard","meta":{"footnotes":""},"categories":[2814],"tags":[17,1111,11,22179,251,1777,674,4768,1011,27,4893,884,12,22180,882,25,2407,16335],"class_list":{"0":"post-104965","1":"post","2":"type-post","3":"status-publish","4":"format-standard","5":"has-post-thumbnail","7":"category-marseille","8":"tag-17","9":"tag-actu","10":"tag-actualites","11":"tag-borderline","12":"tag-culture","13":"tag-eu","14":"tag-europe","15":"tag-fete","16":"tag-fr","17":"tag-france","18":"tag-insolites","19":"tag-marseille","20":"tag-news","21":"tag-organisateur","22":"tag-provence-alpes-cote-dazur","23":"tag-republique-francaise","24":"tag-ses","25":"tag-soirees"},"share_on_mastodon":{"url":"https:\/\/pubeurope.com\/@fr\/114518729931059445","error":""},"_links":{"self":[{"href":"https:\/\/www.europesays.com\/fr\/wp-json\/wp\/v2\/posts\/104965","targetHints":{"allow":["GET"]}}],"collection":[{"href":"https:\/\/www.europesays.com\/fr\/wp-json\/wp\/v2\/posts"}],"about":[{"href":"https:\/\/www.europesays.com\/fr\/wp-json\/wp\/v2\/types\/post"}],"author":[{"embeddable":true,"href":"https:\/\/www.europesays.com\/fr\/wp-json\/wp\/v2\/users\/2"}],"replies":[{"embeddable":true,"href":"https:\/\/www.europesays.com\/fr\/wp-json\/wp\/v2\/comments?post=104965"}],"version-history":[{"count":0,"href":"https:\/\/www.europesays.com\/fr\/wp-json\/wp\/v2\/posts\/104965\/revisions"}],"wp:featuredmedia":[{"embeddable":true,"href":"https:\/\/www.europesays.com\/fr\/wp-json\/wp\/v2\/media\/104966"}],"wp:attachment":[{"href":"https:\/\/www.europesays.com\/fr\/wp-json\/wp\/v2\/media?parent=104965"}],"wp:term":[{"taxonomy":"category","embeddable":true,"href":"https:\/\/www.europesays.com\/fr\/wp-json\/wp\/v2\/categories?post=104965"},{"taxonomy":"post_tag","embeddable":true,"href":"https:\/\/www.europesays.com\/fr\/wp-json\/wp\/v2\/tags?post=104965"}],"curies":[{"name":"wp","href":"https:\/\/api.w.org\/{rel}","templated":true}]}}