{"id":104967,"date":"2025-05-16T17:38:12","date_gmt":"2025-05-16T17:38:12","guid":{"rendered":"https:\/\/www.europesays.com\/fr\/104967\/"},"modified":"2025-05-16T17:38:12","modified_gmt":"2025-05-16T17:38:12","slug":"le-parquet-livre-les-raisons-de-la-perquisition-chez-le-depute-lfi-sebastien-delogu","status":"publish","type":"post","link":"https:\/\/www.europesays.com\/fr\/104967\/","title":{"rendered":"le parquet livre les raisons de la perquisition chez le d\u00e9put\u00e9 LFI S\u00e9bastien Delogu"},"content":{"rendered":"<p>Dans un long communiqu\u00e9 de presse , le parquet de Marseille explique avoir perquisitionn\u00e9 jeudi le domicile et la permanence parlementaire de l\u2019Insoumis dans le cadre d\u2019une enqu\u00eate ouverte notamment pour vol et harc\u00e8lement moral au pr\u00e9judice d\u2019un avocat marseillais.<\/p>\n<p class=\"fig-paragraph\">Les\u00a0<a href=\"http:\/\/www.lefigaro.fr\/marseille\/marseille-le-domicile-et-la-permanence-parlementaire-de-sebastien-delogu-perquisitionnes-20250515\" data-fig-type=\"NewsFlash\" data-gtm-custom-categorie=\"navigation\" data-gtm-custom-action=\"crossclick\" data-gtm-custom-label=\"Contextuel\" data-gtm-event=\"customEventSPE\" data-fig-domain=\"LEFIGARO\" target=\"_blank\" rel=\"noopener\">perquisitions\u00a0<\/a>diligent\u00e9es par le parquet de Marseille jeudi au domicile et \u00e0 la permanence parlementaire du d\u00e9put\u00e9 LFI de Marseille\u00a0<a href=\"http:\/\/www.lefigaro.fr\/marseille\/municipales-a-marseille-le-lfi-sebastien-delogu-confirme-reflechir-a-une-candidature-20250210\" data-fig-type=\"NewsFlash\" data-gtm-custom-categorie=\"navigation\" data-gtm-custom-action=\"crossclick\" data-gtm-custom-label=\"Contextuel\" data-gtm-event=\"customEventSPE\" data-fig-domain=\"LEFIGARO\" target=\"_blank\" rel=\"noopener\">S\u00e9bastien Delogu<\/a>\u00a0sont li\u00e9es \u00e0 un vol survenu dans le bureau d\u2019un avocat marseillais, a confirm\u00e9 ce vendredi le parquet de Marseille dans un communiqu\u00e9 diffus\u00e9 24 heures apr\u00e8s les faits.<\/p>\n<p class=\"fig-paragraph\">Isidore Aragones avait \u00e9t\u00e9 missionn\u00e9 au sein de la soci\u00e9t\u00e9 Laser Propret\u00e9 pour prendre la t\u00eate du conseil d\u2019administration le 12 septembre 2024. L\u2019entreprise \u00e9tait alors au centre d\u2019un conflit social touchant le nettoyage du m\u00e9tro et de la gare Saint-Charles de Marseille.<\/p>\n<p class=\"fig-paragraph\">\u00abLe 19 septembre 2024, une d\u00e9l\u00e9gation syndicale de la CGT compos\u00e9e d\u2019une centaine de personnes, envahissait les locaux de la soci\u00e9t\u00e9 Laser Propret\u00e9 et y restait durant trois heures afin d\u2019obtenir du nouveau pr\u00e9sident du conseil d\u2019administration des explications et des engagements\u00bb, \u00e9crit le parquet dans son communiqu\u00e9.<\/p>\n<p>Vol dans un bureau<\/p>\n<p class=\"fig-paragraph\">\u00abAu d\u00e9part de la d\u00e9l\u00e9gation, le plaignant s\u2019apercevait qu\u2019une pochette avait \u00e9t\u00e9 d\u00e9rob\u00e9e dans son bureau qui contenait des documents ayant trait \u00e0 sa vie priv\u00e9e.\u00bb Le 24 septembre, selon le parquet de Marseille, \u00abS\u00e9bastien Delogu diffusait sur son compte Instagram, fort de 95.000 abonn\u00e9s, une grande partie des documents d\u00e9rob\u00e9s \u00e0 Isidore Aragones, en \u00e9voquant ses liens avec l\u2019\u00c9tat d\u2019Isra\u00ebl, ainsi que ses projets financiers personnels, et en pr\u00e9cisant que des gens bienveillants les leur avaient transmis.\u00bb Pour rappel, Isodore Aragones est \u00e9galement l\u2019ancien pr\u00e9sident du Crif \u00e0 Marseille. Le 2 octobre 2024, l\u2019avocat a d\u00e9pos\u00e9 plainte et d\u00e9missionn\u00e9 au sein de la soci\u00e9t\u00e9 Laser Propret\u00e9s.<\/p>\n<p class=\"fig-paragraph\">\u00abLe 30 octobre 2024, le parquet de Marseille ouvrait une enqu\u00eate pr\u00e9liminaire des chefs de vol, recel de vol, harc\u00e8lement moral par utilisation d\u2019un service de communication en ligne, mise en danger par r\u00e9v\u00e9lation d\u2019informations relatives \u00e0 la vie priv\u00e9e par voie de communication en ligne, atteinte au secret des correspondances, confi\u00e9e \u00e0 la brigade financi\u00e8re de la division de criminalit\u00e9 organis\u00e9e de Marseille\u00bb, pr\u00e9cise le communiqu\u00e9.<\/p>\n<blockquote class=\"fig-quote&#10;    \">\n<p class=\"fig-quote__text\">La perquisition a eu pour objectif de rechercher les documents vol\u00e9s \u00e0 la victime<\/p>\n<p>            Parquet de Marseille\n    <\/p><\/blockquote>\n<p class=\"fig-paragraph\">Contact\u00e9 par l\u2019AFP ce jeudi, Isidore Aragones avait indiqu\u00e9 avoir d\u00e9pos\u00e9 une plainte contre S\u00e9bastien Delogu et\u00a0<a href=\"http:\/\/www.lefigaro.fr\/actualite-france\/entre-manuel-bompard-lfi-et-laurent-wauquiez-un-debat-a-fleurets-mouchetes-20250511\" data-fig-type=\"Article\" data-gtm-custom-categorie=\"navigation\" data-gtm-custom-action=\"crossclick\" data-gtm-custom-label=\"Contextuel\" data-gtm-event=\"customEventSPE\" data-fig-domain=\"LEFIGARO\" target=\"_blank\" rel=\"noopener\">Manuel Bompard<\/a>, coordinateur national de LFI et lui aussi d\u00e9put\u00e9 de Marseille, apr\u00e8s qu\u2019ils ont diffus\u00e9 sur les r\u00e9seaux sociaux des documents personnels sur ses investissements immobiliers, son soutien \u00e0 l\u2019arm\u00e9e isra\u00e9lienne ou des projets de voyage en\u00a0<a href=\"http:\/\/www.lefigaro.fr\/vox\/monde\/samy-cohen-apres-le-7-octobre-il-n-y-a-plus-grand-monde-en-israel-qui-croit-en-la-paix-avec-les-palestiniens-20250515\" data-fig-type=\"Article\" data-gtm-custom-categorie=\"navigation\" data-gtm-custom-action=\"crossclick\" data-gtm-custom-label=\"Contextuel\" data-gtm-event=\"customEventSPE\" data-fig-domain=\"LEFIGARO\" target=\"_blank\" rel=\"noopener\">Isra\u00ebl\u00a0<\/a>ou au Br\u00e9sil.<\/p>\n<p class=\"fig-paragraph\">\u00abLa perquisition, qui s\u2019est d\u00e9roul\u00e9e le 15 mai sans incident, au domicile et dans les locaux de la permanence \u00e9lectorale de S\u00e9bastien Delogu, a eu pour objectif de rechercher les documents vol\u00e9s \u00e0 la victime et de permettre d\u2019identifier les personnes qui ont commis ce vol\u00bb, insiste le parquet de Marseille. \u00abContrairement \u00e0 la communication erron\u00e9e relay\u00e9e dans la presse et sur les r\u00e9seaux sociaux notamment par S\u00e9bastien Delogu, ces perquisitions sont donc sans aucun lien avec l\u2019article 40 dont ce dernier a saisi, en son seul nom, le procureur de la R\u00e9publique de Marseille le 5 septembre 2024.\u00bb<\/p>\n<p>Une enqu\u00eate toujours en cours<\/p>\n<p class=\"fig-paragraph\">Selon l\u2019entourage du d\u00e9put\u00e9 interrog\u00e9 par l\u2019AFP, ces perquisitions \u00e9taient en effet li\u00e9es \u00e0 ce signalement d\u00e9pos\u00e9 au sujet de suspicion de faits d\u00e9lictueux et notamment d\u2019<a href=\"http:\/\/www.lefigaro.fr\/economie\/l-homme-d-affaires-michel-ohayon-mis-en-examen-pour-banqueroute-et-abus-de-biens-sociaux-20250405\" target=\"_blank\" data-fig-type=\"NewsFlash\" rel=\"noopener\" data-gtm-custom-categorie=\"navigation\" data-gtm-custom-action=\"crossclick\" data-gtm-custom-label=\"Contextuel\" data-gtm-event=\"customEventSPE\" data-fig-domain=\"LEFIGARO\">abus de biens sociaux<\/a>\u00a0au sein de l\u2019entreprise Laser Propret\u00e9. La\u00a0<a href=\"http:\/\/www.lefigaro.fr\/secteur\/high-tech\/le-createur-de-l-application-akha-qui-signalait-la-presence-de-controleurs-ratp-et-sncf-condamne-au-civil-20250513\" target=\"_blank\" data-fig-type=\"NewsFlash\" rel=\"noopener\" data-gtm-custom-categorie=\"navigation\" data-gtm-custom-action=\"crossclick\" data-gtm-custom-label=\"Contextuel\" data-gtm-event=\"customEventSPE\" data-fig-domain=\"LEFIGARO\">SNCF<\/a>\u00a0avait finalement r\u00e9sili\u00e9 en septembre son contrat avec Laser Propret\u00e9, \u00e0 la suite des pratiques frauduleuses consistant \u00e0 affecter les m\u00eames personnels sur deux march\u00e9s diff\u00e9rents.<\/p>\n<p class=\"fig-paragraph\">\u00abCet article 40 visait des faits possiblement reprochables aux dirigeants de la soci\u00e9t\u00e9 Laser Propret\u00e9 sous les qualifications de faux et usage de faux, abus de biens sociaux, escroqueries aux organismes sociaux et travail dissimul\u00e9, et \u00e9tait accompagn\u00e9 d\u2019une cl\u00e9 USB contenant divers documents, confirme le parquet de Marseille. Ces faits ont fait l\u2019objet d\u2019une ouverture d\u2019enqu\u00eate pr\u00e9liminaire le 16 septembre 2024.\u00bb Selon le parquet de Marseille, sur ce point, \u00abl\u2019enqu\u00eate est toujours en cours.\u00bb<\/p>\n<p class=\"fig-paragraph\">\u00abLes perquisitions op\u00e9r\u00e9es au domicile et dans les locaux de la permanence parlementaire de S\u00e9bastien Delogu ne visaient aucunement la r\u00e9cup\u00e9ration des documents transmis dans le cadre de l\u2019article 40 pr\u00e9cit\u00e9 comme il a \u00e9t\u00e9 \u00e0 tort affirm\u00e9\u00bb, insiste le parquet. S\u00e9bastien Delogu \u00e9tait entendu par les enqu\u00eateurs ce vendredi dans le cadre d\u2019une audition libre.<\/p>\n","protected":false},"excerpt":{"rendered":"Dans un long communiqu\u00e9 de presse , le parquet de Marseille explique avoir perquisitionn\u00e9 jeudi le domicile et&hellip;\n","protected":false},"author":2,"featured_media":104968,"comment_status":"","ping_status":"","sticky":false,"template":"","format":"standard","meta":{"footnotes":""},"categories":[2814],"tags":[1111,11,885,1182,1180,1181,1067,1777,674,1011,27,1184,1185,884,12,1177,1176,149,2402,1186,882,25,1178,10338,1183,1179,1175],"class_list":{"0":"post-104967","1":"post","2":"type-post","3":"status-publish","4":"format-standard","5":"has-post-thumbnail","7":"category-marseille","8":"tag-actu","9":"tag-actualites","10":"tag-bouches-du-rhone","11":"tag-calanques","12":"tag-canebiere","13":"tag-cite-phoceenne","14":"tag-enquete","15":"tag-eu","16":"tag-europe","17":"tag-fr","18":"tag-france","19":"tag-la-timone","20":"tag-les-baumettes-mediterranee","21":"tag-marseille","22":"tag-news","23":"tag-notre-dame-de-la-garde","24":"tag-olympique-de-marseille","25":"tag-om","26":"tag-perquisition","27":"tag-provence","28":"tag-provence-alpes-cote-dazur","29":"tag-republique-francaise","30":"tag-saint-charles","31":"tag-sebastien-delogu","32":"tag-sormiou","33":"tag-vieux-port","34":"tag-vol"},"share_on_mastodon":{"url":"https:\/\/pubeurope.com\/@fr\/114518733893114824","error":""},"_links":{"self":[{"href":"https:\/\/www.europesays.com\/fr\/wp-json\/wp\/v2\/posts\/104967","targetHints":{"allow":["GET"]}}],"collection":[{"href":"https:\/\/www.europesays.com\/fr\/wp-json\/wp\/v2\/posts"}],"about":[{"href":"https:\/\/www.europesays.com\/fr\/wp-json\/wp\/v2\/types\/post"}],"author":[{"embeddable":true,"href":"https:\/\/www.europesays.com\/fr\/wp-json\/wp\/v2\/users\/2"}],"replies":[{"embeddable":true,"href":"https:\/\/www.europesays.com\/fr\/wp-json\/wp\/v2\/comments?post=104967"}],"version-history":[{"count":0,"href":"https:\/\/www.europesays.com\/fr\/wp-json\/wp\/v2\/posts\/104967\/revisions"}],"wp:featuredmedia":[{"embeddable":true,"href":"https:\/\/www.europesays.com\/fr\/wp-json\/wp\/v2\/media\/104968"}],"wp:attachment":[{"href":"https:\/\/www.europesays.com\/fr\/wp-json\/wp\/v2\/media?parent=104967"}],"wp:term":[{"taxonomy":"category","embeddable":true,"href":"https:\/\/www.europesays.com\/fr\/wp-json\/wp\/v2\/categories?post=104967"},{"taxonomy":"post_tag","embeddable":true,"href":"https:\/\/www.europesays.com\/fr\/wp-json\/wp\/v2\/tags?post=104967"}],"curies":[{"name":"wp","href":"https:\/\/api.w.org\/{rel}","templated":true}]}}