{"id":104969,"date":"2025-05-16T17:39:10","date_gmt":"2025-05-16T17:39:10","guid":{"rendered":"https:\/\/www.europesays.com\/fr\/104969\/"},"modified":"2025-05-16T17:39:10","modified_gmt":"2025-05-16T17:39:10","slug":"lyon-un-cadavre-decouvert-dans-le-sous-sol-dun-supermarche-lyonnais","status":"publish","type":"post","link":"https:\/\/www.europesays.com\/fr\/104969\/","title":{"rendered":"Lyon. Un cadavre d\u00e9couvert dans le sous-sol d\u2019un supermarch\u00e9 lyonnais"},"content":{"rendered":"<p>Le corps d\u2019un homme a \u00e9t\u00e9 d\u00e9couvert jeudi\u00a015 mais dans l\u2019apr\u00e8s-midi, dans le sous-sol du magasin Lidl situ\u00e9 276 cours Lafayette \u00e0 Lyon (3e).<\/p>\n<p>C\u2019est un SDF qui a donn\u00e9 l\u2019alerte apr\u00e8s avoir trouv\u00e9 le corps sans vie, dans un escalier de service situ\u00e9 au niveau du parking souterrain, dont l\u2019acc\u00e8s se fait par la rue Saint-Antoine. Cet endroit, r\u00e9guli\u00e8rement squatt\u00e9 par des SDF, n\u2019est pas tr\u00e8s fr\u00e9quent\u00e9, ce qui explique la d\u00e9couverte tardive de la victime.<\/p>\n<p>Selon les premi\u00e8res constatations, la mort semblait en effet remonter \u00e0 trois ou quatre jours. Le corps ne pr\u00e9sentait pas de traces suspectes mais un obstacle m\u00e9dico-l\u00e9gal a n\u00e9anmoins \u00e9t\u00e9 pos\u00e9 et une enqu\u00eate ouverte pour rechercher les causes du d\u00e9c\u00e8s.<\/p>\n<p>Ce contenu est bloqu\u00e9 car vous n&rsquo;avez pas accept\u00e9 les cookies et autres traceurs.<\/p>\n<p>En cliquant sur \u00ab J\u2019accepte \u00bb, les cookies et autres traceurs seront d\u00e9pos\u00e9s et vous pourrez visualiser les contenus  (<a href=\"\" class=\"consentModule_policy\" target=\"_blank\" title=\"Consulter la politique de protection des donn\u00e9es du fournisseur\">plus d&rsquo;informations<\/a>).<\/p>\n<p>En cliquant sur \u00ab J\u2019accepte tous les cookies \u00bb, vous autorisez des d\u00e9p\u00f4ts de cookies et autres traceurs pour le stockage de vos donn\u00e9es sur nos sites et applications \u00e0 des fins de personnalisation et de ciblage publicitaire.<\/p>\n<p class=\"consentModule_secondaryText\">Vous gardez la possibilit\u00e9 de retirer votre consentement \u00e0 tout moment en consultant notre <a href=\"https:\/\/www.leprogres.fr\/protection-des-donnees\" target=\"_blank\" title=\"Consulter notre politique de protection des donn\u00e9es\" rel=\"noopener\">politique de protection des donn\u00e9es<\/a>. <br \/>&#13;<br \/>\n            <a href=\"https:\/\/www.leprogres.fr\/faits-divers-justice\/2025\/05\/16\/javascript:Didomi.notice.show()\" class=\"consentModule_cmp\" target=\"_blank\" rel=\"noopener\">G\u00e9rer mes choix<\/a>&#13;\n        <\/p>\n<p>&#13;<br \/>\n                        J&rsquo;accepte&#13;<br \/>\n            J&rsquo;accepte tous les cookies&#13;\n        <\/p>\n<p>  Victime d\u2019une overdose\u00a0?<\/p>\n<p>L\u2019autopsie qui doit \u00eatre pratiqu\u00e9e prochainement permettra de d\u00e9terminer si <a href=\"https:\/\/www.leprogres.fr\/faits-divers-justice\/2025\/01\/11\/un-homme-retrouve-mort-une-overdose-suspectee\" target=\"_blank\" rel=\"noopener\">la victime a succomb\u00e9 \u00e0 une overdose,<\/a> comme le laissent penser les premiers \u00e9l\u00e9ments, ou si sa mort a une autre cause.<\/p>\n<p>L\u2019enqu\u00eate en cours vise \u00e9galement \u00e0 identifier la victime, qui n\u2019avait aucun papier sur elle. Cet homme de type africain, paraissant \u00e2g\u00e9 d\u2019une trentaine d\u2019ann\u00e9es, pourrait \u00eatre un SDF qui s\u2019abritait dans le squat, comme semble en attester la pr\u00e9sence d\u2019un petit couteau propre servant \u00e0 couper de la nourriture, retrouv\u00e9 \u00e0 c\u00f4t\u00e9 de lui.<\/p>\n","protected":false},"excerpt":{"rendered":"Le corps d\u2019un homme a \u00e9t\u00e9 d\u00e9couvert jeudi\u00a015 mais dans l\u2019apr\u00e8s-midi, dans le sous-sol du magasin Lidl situ\u00e9&hellip;\n","protected":false},"author":2,"featured_media":104970,"comment_status":"","ping_status":"","sticky":false,"template":"","format":"standard","meta":{"footnotes":""},"categories":[1889],"tags":[1111,11,2430,2757,1777,674,274,107,1011,27,2428,4751,4750,12,25,2429],"class_list":{"0":"post-104969","1":"post","2":"type-post","3":"status-publish","4":"format-standard","5":"has-post-thumbnail","7":"category-lyon","8":"tag-actu","9":"tag-actualites","10":"tag-auvergne-rhone-alpes","11":"tag-edition-lyon-villeurbanne","12":"tag-eu","13":"tag-europe","14":"tag-faits-divers-justice","15":"tag-fil-info","16":"tag-fr","17":"tag-france","18":"tag-lyon","19":"tag-lyon-3e","20":"tag-lyon-3e-arrondissement","21":"tag-news","22":"tag-republique-francaise","23":"tag-rhone"},"share_on_mastodon":{"url":"https:\/\/pubeurope.com\/@fr\/114518737817876059","error":""},"_links":{"self":[{"href":"https:\/\/www.europesays.com\/fr\/wp-json\/wp\/v2\/posts\/104969","targetHints":{"allow":["GET"]}}],"collection":[{"href":"https:\/\/www.europesays.com\/fr\/wp-json\/wp\/v2\/posts"}],"about":[{"href":"https:\/\/www.europesays.com\/fr\/wp-json\/wp\/v2\/types\/post"}],"author":[{"embeddable":true,"href":"https:\/\/www.europesays.com\/fr\/wp-json\/wp\/v2\/users\/2"}],"replies":[{"embeddable":true,"href":"https:\/\/www.europesays.com\/fr\/wp-json\/wp\/v2\/comments?post=104969"}],"version-history":[{"count":0,"href":"https:\/\/www.europesays.com\/fr\/wp-json\/wp\/v2\/posts\/104969\/revisions"}],"wp:featuredmedia":[{"embeddable":true,"href":"https:\/\/www.europesays.com\/fr\/wp-json\/wp\/v2\/media\/104970"}],"wp:attachment":[{"href":"https:\/\/www.europesays.com\/fr\/wp-json\/wp\/v2\/media?parent=104969"}],"wp:term":[{"taxonomy":"category","embeddable":true,"href":"https:\/\/www.europesays.com\/fr\/wp-json\/wp\/v2\/categories?post=104969"},{"taxonomy":"post_tag","embeddable":true,"href":"https:\/\/www.europesays.com\/fr\/wp-json\/wp\/v2\/tags?post=104969"}],"curies":[{"name":"wp","href":"https:\/\/api.w.org\/{rel}","templated":true}]}}