{"id":104971,"date":"2025-05-16T17:40:16","date_gmt":"2025-05-16T17:40:16","guid":{"rendered":"https:\/\/www.europesays.com\/fr\/104971\/"},"modified":"2025-05-16T17:40:16","modified_gmt":"2025-05-16T17:40:16","slug":"challenge-cup-la-finale-bath-lou-retransmise-sur-ecran-geant-a-lyon","status":"publish","type":"post","link":"https:\/\/www.europesays.com\/fr\/104971\/","title":{"rendered":"Challenge Cup : la finale Bath-LOU retransmise sur \u00e9cran g\u00e9ant \u00e0 Lyon\u00a0"},"content":{"rendered":"<p>Le LOU Rugby d\u00e9fiera Bath, le vendredi 23 mai, \u00e0 Cardiff (Pays de Galles), pour la finale de la Challenge Cup.<\/p>\n<p>Le LOU Rugby disputera la finale de la Challenge Cup contre les Anglais de Bath, <b>le vendredi 23 mai \u00e0 21h<\/b>, au Principality Stadium de Cardiff.<\/p>\n<p>Pour permettre aux supporters lyonnais de vivre cet \u00e9v\u00e9nement ensemble, le club organise <b>une retransmission sur \u00e9cran g\u00e9ant<\/b> au stade de Gerland.\u00a0<\/p>\n<p>Des animations avant la finale Bath-LOU<\/p>\n<p>Des animations sont pr\u00e9vues avant le match (structures gonflables, parties de p\u00e9tanque, food trucks et concert de DJ). Un repas est aussi propos\u00e9 \u00e0 la brasserie avant le match.\u00a0\u00a0<\/p>\n<p>Le tarif d&rsquo;entr\u00e9e est de <b>5 euros<\/b> (incluant une consommation offerte).\u00a0<\/p>\n<p>La r\u00e9servation est obligatoire via la <a class=\"url\" href=\"https:\/\/billetterie.lourugby.fr\/fr\/sticker\/114\" target=\"_blank\" rel=\"nofollow noopener\">billetterie du LOU Rugby<\/a>.<\/p>\n<p><\/p>\n","protected":false},"excerpt":{"rendered":"Le LOU Rugby d\u00e9fiera Bath, le vendredi 23 mai, \u00e0 Cardiff (Pays de Galles), pour la finale de&hellip;\n","protected":false},"author":2,"featured_media":104972,"comment_status":"","ping_status":"","sticky":false,"template":"","format":"standard","meta":{"footnotes":""},"categories":[1889],"tags":[1111,11,2430,22181,4401,1777,674,2396,1011,27,5303,12589,2428,12,25,1364],"class_list":{"0":"post-104971","1":"post","2":"type-post","3":"status-publish","4":"format-standard","5":"has-post-thumbnail","7":"category-lyon","8":"tag-actu","9":"tag-actualites","10":"tag-auvergne-rhone-alpes","11":"tag-bath","12":"tag-challenge-cup","13":"tag-eu","14":"tag-europe","15":"tag-finale","16":"tag-fr","17":"tag-france","18":"tag-gerland","19":"tag-lou-rugby","20":"tag-lyon","21":"tag-news","22":"tag-republique-francaise","23":"tag-tv"},"share_on_mastodon":{"url":"https:\/\/pubeurope.com\/@fr\/114518741687875704","error":""},"_links":{"self":[{"href":"https:\/\/www.europesays.com\/fr\/wp-json\/wp\/v2\/posts\/104971","targetHints":{"allow":["GET"]}}],"collection":[{"href":"https:\/\/www.europesays.com\/fr\/wp-json\/wp\/v2\/posts"}],"about":[{"href":"https:\/\/www.europesays.com\/fr\/wp-json\/wp\/v2\/types\/post"}],"author":[{"embeddable":true,"href":"https:\/\/www.europesays.com\/fr\/wp-json\/wp\/v2\/users\/2"}],"replies":[{"embeddable":true,"href":"https:\/\/www.europesays.com\/fr\/wp-json\/wp\/v2\/comments?post=104971"}],"version-history":[{"count":0,"href":"https:\/\/www.europesays.com\/fr\/wp-json\/wp\/v2\/posts\/104971\/revisions"}],"wp:featuredmedia":[{"embeddable":true,"href":"https:\/\/www.europesays.com\/fr\/wp-json\/wp\/v2\/media\/104972"}],"wp:attachment":[{"href":"https:\/\/www.europesays.com\/fr\/wp-json\/wp\/v2\/media?parent=104971"}],"wp:term":[{"taxonomy":"category","embeddable":true,"href":"https:\/\/www.europesays.com\/fr\/wp-json\/wp\/v2\/categories?post=104971"},{"taxonomy":"post_tag","embeddable":true,"href":"https:\/\/www.europesays.com\/fr\/wp-json\/wp\/v2\/tags?post=104971"}],"curies":[{"name":"wp","href":"https:\/\/api.w.org\/{rel}","templated":true}]}}