{"id":104975,"date":"2025-05-16T17:43:09","date_gmt":"2025-05-16T17:43:09","guid":{"rendered":"https:\/\/www.europesays.com\/fr\/104975\/"},"modified":"2025-05-16T17:43:09","modified_gmt":"2025-05-16T17:43:09","slug":"feu-dans-une-habitation-a-gorron-en-mayenne","status":"publish","type":"post","link":"https:\/\/www.europesays.com\/fr\/104975\/","title":{"rendered":"Feu dans une habitation \u00e0 Gorron en Mayenne"},"content":{"rendered":"<p>            Par<br \/>\n        <strong><br \/>\n            <a href=\"https:\/\/actu.fr\/auteur\/guillaume-jeanne\" title=\"Consulter tous les articles de Guillaume Jeanne\" rel=\"nofollow noopener\" target=\"_blank\">Guillaume Jeanne<\/a><br \/>\n        <\/strong><\/p>\n<p>        Publi\u00e9 le<\/p>\n<p>            16 mai 2025 \u00e0 14h53        <\/p>\n<p>Vendredi 16 mai 2025, les <strong>sapeurs-pompiers volontaires<\/strong> de <a href=\"https:\/\/actu.fr\/pays-de-la-lohttps:\/\/actu.fr\/pays-de-la-loire\/mayenne_53ire\/mayenne_53\" rel=\"nofollow noopener\" target=\"_blank\">Gorron<\/a> en <a href=\"https:\/\/actu.fr\/pays-de-la-loire\/mayenne_53\" rel=\"nofollow noopener\" target=\"_blank\">Mayenne<\/a> se sont mobilis\u00e9s. Une <strong>alerte<\/strong> a en effet \u00e9t\u00e9 donn\u00e9e \u00e0 7 h 45. Un incendie s\u2019est d\u00e9clench\u00e9 dans une maison, rue Corbeau-Paris.<\/p>\n<p>Feu dans une habitation \u00e0 Gorron en Mayenne<\/p>\n<p class=\" wall-content\">Equip\u00e9, les soldats du feu sont parvenus \u00e0 ma\u00eetriser rapidement le <strong>sinistre<\/strong>, qui s\u2019est propag\u00e9 \u00e0 toute l\u2019habitation.<\/p>\n<p>    <a href=\"https:\/\/www.google.com\/maps\/embed?pb=!1m18!1m12!1m3!1d2648.3837244516412!2d-0.812641122987404!3d48.41077703210142!2m3!1f0!2f0!3f0!3m2!1i1024!2i768!4f13.1!3m3!1m2!1s0x480972d94d8f684b%3A0x79e8e9670647c587!2sRue%20Corbeau%20Paris%2C%2053120%20Gorron!5e0!3m2!1sfr!2sfr!4v1747396763756!5m2!1sfr!2sfr\" title=\"Ouvrie le lien\" rel=\"nofollow noopener\" target=\"_blank\">Cliquez ici pour visualiser le contenu<\/a><\/p>\n<p>\u00ab Merci aux pompiers \u00bb<\/p>\n<p class=\" wall-content\">Heureusement, les <strong>personnes<\/strong> qui habitaient les lieux ont \u00e9t\u00e9 \u00e9vacu\u00e9es, et n\u2019ont pas \u00e9t\u00e9 bless\u00e9es.<\/p>\n<p class=\" wall-content\">Sur son<strong> profil<\/strong> facebook, la <a href=\"https:\/\/www.facebook.com\/ville.gorron\" rel=\"nofollow noopener\" target=\"_blank\">Ville de Gorron<\/a> salue l\u2019engagement des sapeurs-pompiers volontaires.<\/p>\n<p>Vid\u00e9os : en ce moment sur Actu<\/p>\n<p class=\" wall-content\">\u00ab Merci notamment \u00e0 Denis et Guillaume, <strong>employ\u00e9s communaux<\/strong>. La Ville de Gorron permet \u00e0 ses employ\u00e9s sapeurs-pompiers d\u2019intervenir pendant leur <strong>temps de travail<\/strong>, d\u00e8s que l\u2019urgence le n\u00e9cessite \u00bb.<\/p>\n<p>En bonne sant\u00e9<\/p>\n<p class=\" wall-content\">Les occupants sont sains et saufs et seront relog\u00e9s.<\/p>\n<p class=\" wall-content\">Suivez toute l\u2019actualit\u00e9 de vos villes et m\u00e9dias favoris en vous inscrivant \u00e0 <a href=\"https:\/\/moncompte.actu.fr\" title=\"D\u00e9couvez Mon Actu\" rel=\"nofollow noopener\" data-trk=\"{&quot;cta&quot;:{&quot;action&quot;:&quot;https:\\\/\\\/moncompte.actu.fr&quot;,&quot;category&quot;:&quot;mon compte&quot;,&quot;from&quot;:&quot;article footer&quot;,&quot;name&quot;:&quot;Mon actu&quot;,&quot;type&quot;:&quot;cta&quot;}}\" target=\"_blank\">Mon Actu<\/a>.<\/p>\n","protected":false},"excerpt":{"rendered":"Par Guillaume Jeanne Publi\u00e9 le 16 mai 2025 \u00e0 14h53 Vendredi 16 mai 2025, les sapeurs-pompiers volontaires de&hellip;\n","protected":false},"author":2,"featured_media":104976,"comment_status":"","ping_status":"","sticky":false,"template":"","format":"standard","meta":{"footnotes":""},"categories":[1888],"tags":[119,1111,1928,11,1927,1777,674,1011,27,1310,12,1926,626,1925,1311,25,104],"class_list":{"0":"post-104975","1":"post","2":"type-post","3":"status-publish","4":"format-standard","5":"has-post-thumbnail","7":"category-paris","8":"tag-accident","9":"tag-actu","10":"tag-actu-paris","11":"tag-actualites","12":"tag-actualites-paris","13":"tag-eu","14":"tag-europe","15":"tag-fr","16":"tag-france","17":"tag-incendie","18":"tag-news","19":"tag-news-paris","20":"tag-paris","21":"tag-paris-news","22":"tag-pompiers","23":"tag-republique-francaise","24":"tag-societe"},"share_on_mastodon":{"url":"https:\/\/pubeurope.com\/@fr\/114518753617049400","error":""},"_links":{"self":[{"href":"https:\/\/www.europesays.com\/fr\/wp-json\/wp\/v2\/posts\/104975","targetHints":{"allow":["GET"]}}],"collection":[{"href":"https:\/\/www.europesays.com\/fr\/wp-json\/wp\/v2\/posts"}],"about":[{"href":"https:\/\/www.europesays.com\/fr\/wp-json\/wp\/v2\/types\/post"}],"author":[{"embeddable":true,"href":"https:\/\/www.europesays.com\/fr\/wp-json\/wp\/v2\/users\/2"}],"replies":[{"embeddable":true,"href":"https:\/\/www.europesays.com\/fr\/wp-json\/wp\/v2\/comments?post=104975"}],"version-history":[{"count":0,"href":"https:\/\/www.europesays.com\/fr\/wp-json\/wp\/v2\/posts\/104975\/revisions"}],"wp:featuredmedia":[{"embeddable":true,"href":"https:\/\/www.europesays.com\/fr\/wp-json\/wp\/v2\/media\/104976"}],"wp:attachment":[{"href":"https:\/\/www.europesays.com\/fr\/wp-json\/wp\/v2\/media?parent=104975"}],"wp:term":[{"taxonomy":"category","embeddable":true,"href":"https:\/\/www.europesays.com\/fr\/wp-json\/wp\/v2\/categories?post=104975"},{"taxonomy":"post_tag","embeddable":true,"href":"https:\/\/www.europesays.com\/fr\/wp-json\/wp\/v2\/tags?post=104975"}],"curies":[{"name":"wp","href":"https:\/\/api.w.org\/{rel}","templated":true}]}}