{"id":104981,"date":"2025-05-16T17:46:12","date_gmt":"2025-05-16T17:46:12","guid":{"rendered":"https:\/\/www.europesays.com\/fr\/104981\/"},"modified":"2025-05-16T17:46:12","modified_gmt":"2025-05-16T17:46:12","slug":"la-ville-de-paris-pourrait-elle-etre-inondee-comme-en-1910","status":"publish","type":"post","link":"https:\/\/www.europesays.com\/fr\/104981\/","title":{"rendered":"La ville de Paris pourrait-elle \u00eatre inond\u00e9e comme en 1910 ?"},"content":{"rendered":"<p><strong>REPORTAGE &#8211;<\/strong> Alors que les inondations se multiplient partout en France chaque ann\u00e9e, la mairie de Paris a lanc\u00e9 mercredi 14 mai un programme pour sensibiliser ses habitants aux risques de crues.<\/p>\n<p class=\"fig-paragraph\">Install\u00e9e au volant d\u2019un simulateur de voiture submerg\u00e9e par une inondation, Chahinaz tente d\u2019ouvrir la porti\u00e8re. \u00c0 10 cm d\u2019eau, la m\u00e8re de famille arrive encore \u00e0 s\u2019extraire du faux v\u00e9hicule. En revanche, lorsque le niveau grimpe \u00e0 20 cm les choses se compliquent, obligeant la Parisienne \u00e0 se servir de ses pieds pour ouvrir la porti\u00e8re. \u00abC\u2019est impressionnant, je ne pensais pas que la puissance de l\u2019eau \u00e9tait aussi forte\u00bb, s\u2019\u00e9tonne-t-elle, les mains pos\u00e9es sur la poussette de sa fille. Sur le parvis de la mairie du XIe arrondissement de Paris, les riverains et autres badauds ont \u00e9t\u00e9 invit\u00e9s \u00e0 tester la force de l\u2019eau lors d\u2019<a href=\"http:\/\/www.lefigaro.fr\/flash-actu\/routes-inondees-vagues-fracassantes-les-images-de-l-impressionnante-tempete-qui-frappe-la-nouvelle-zelande-20250502\" data-fig-type=\"NewsFlash\" data-gtm-custom-categorie=\"navigation\" data-gtm-custom-action=\"crossclick\" data-gtm-custom-label=\"Contextuel\" data-gtm-event=\"customEventSPE\" data-fig-domain=\"LEFIGARO\" target=\"_blank\" rel=\"noopener\">inondations<\/a>, notamment dans le cas o\u00f9 ils sont bloqu\u00e9s dans une voiture, gr\u00e2ce \u00e0 des machines de l\u2019Association fran\u00e7aise pour la pr\u00e9vention des catastrophes naturelles et technologiques. Cette animation ludique, ainsi que celle d\u2019une porte de garage \u00e0 quelques m\u00e8tres de l\u00e0, ont \u00e9t\u00e9 install\u00e9es dans le cadre d\u2019un \u00e9v\u00e9nement de sensibilisation des Parisiens aux\u00a0<a href=\"http:\/\/www.lefigaro.fr\/meteo\/crues-en-nouvelle-aquitaine-quatre-departements-restent-en-vigilance-orange-20250423\" data-fig-type=\"NewsFlash\" data-gtm-custom-categorie=\"navigation\" data-gtm-custom-action=\"crossclick\" data-gtm-custom-label=\"Contextuel\" data-gtm-event=\"customEventSPE\" data-fig-domain=\"LEFIGARO\" target=\"_blank\" rel=\"noopener\">risques de\u2026<\/a><\/p>\n<p class=\"fig-premium-paywall__infos\">\n        Cet article est r\u00e9serv\u00e9 aux abonn\u00e9s.        Il vous reste 86% \u00e0 d\u00e9couvrir.\n    <\/p>\n<p>                <img  data- alt=\"Le Figaro\" class=\"fig-img--complete fig-img\"\/><\/p>\n<p class=\"fig-premium-paywall__title\">Vente Flash<\/p>\n<p class=\"fig-premium-paywall__subtitle\">4,99\u20ac par mois pendant 12 mois. Sans engagement.<\/p>\n<p class=\"fig-premium-paywall__connect\">\n                D\u00e9j\u00e0 abonn\u00e9\u00a0?                <a class=\"fig-premium-paywall__connect-link\" href=\"https:\/\/connect.lefigaro.fr\/login?client=horizon_web&amp;type=main&amp;redirect_uri=https%3A%2F%2Fwww.lefigaro.fr%2Factualite-france%2Fla-ville-de-paris-pourrait-elle-etre-inondee-comme-en-1910-20250516\" data-js-gtm=\"{&quot;customCategorie&quot;: &quot;conversion&quot;, &quot;customAction&quot;: &quot;before_Landing_Connexion_paywall_auto&quot;, &quot;customLabel&quot;: &quot;bGVmaWdhcm8uZnJfXzFmMDMxNjUwLTAxN2EtNjZkMi1hNjkxLWUxNjg0NjdhZWFjYl9fQXJ0aWNsZQ==_La ville de Paris pourrait-elle \u00eatre inond\u00e9e comme en 1910\u00a0?_1000&quot;, &quot;customIDSPE&quot;: &quot;bGVmaWdhcm8uZnJfXzFmMDMxNjUwLTAxN2EtNjZkMi1hNjkxLWUxNjg0NjdhZWFjYl9fQXJ0aWNsZQ==&quot;, &quot;event&quot;: &quot;customEventSPE&quot;}\" target=\"_blank\" rel=\"noopener\"><br \/>\n                    Connectez-vous<br \/>\n                <\/a>\n            <\/p>\n","protected":false},"excerpt":{"rendered":"REPORTAGE &#8211; Alors que les inondations se multiplient partout en France chaque ann\u00e9e, la mairie de Paris a&hellip;\n","protected":false},"author":2,"featured_media":104982,"comment_status":"","ping_status":"","sticky":false,"template":"","format":"standard","meta":{"footnotes":""},"categories":[1888],"tags":[47,1058,1054,1059,1060,1055,11,1057,1777,674,118,1011,27,1061,2839,303,12,626,1062,25,656,104,1056,809],"class_list":{"0":"post-104981","1":"post","2":"type-post","3":"status-publish","4":"format-standard","5":"has-post-thumbnail","7":"category-paris","8":"tag-actualite","9":"tag-actualite-education","10":"tag-actualite-france","11":"tag-actualite-justice","12":"tag-actualite-securite","13":"tag-actualite-societe","14":"tag-actualites","15":"tag-education","16":"tag-eu","17":"tag-europe","18":"tag-faits-divers","19":"tag-fr","20":"tag-france","21":"tag-immigration","22":"tag-inondations","23":"tag-justice","24":"tag-news","25":"tag-paris","26":"tag-polemique","27":"tag-republique-francaise","28":"tag-securite","29":"tag-societe","30":"tag-societe-francaise","31":"tag-violence"},"share_on_mastodon":{"url":"https:\/\/pubeurope.com\/@fr\/114518765351567836","error":""},"_links":{"self":[{"href":"https:\/\/www.europesays.com\/fr\/wp-json\/wp\/v2\/posts\/104981","targetHints":{"allow":["GET"]}}],"collection":[{"href":"https:\/\/www.europesays.com\/fr\/wp-json\/wp\/v2\/posts"}],"about":[{"href":"https:\/\/www.europesays.com\/fr\/wp-json\/wp\/v2\/types\/post"}],"author":[{"embeddable":true,"href":"https:\/\/www.europesays.com\/fr\/wp-json\/wp\/v2\/users\/2"}],"replies":[{"embeddable":true,"href":"https:\/\/www.europesays.com\/fr\/wp-json\/wp\/v2\/comments?post=104981"}],"version-history":[{"count":0,"href":"https:\/\/www.europesays.com\/fr\/wp-json\/wp\/v2\/posts\/104981\/revisions"}],"wp:featuredmedia":[{"embeddable":true,"href":"https:\/\/www.europesays.com\/fr\/wp-json\/wp\/v2\/media\/104982"}],"wp:attachment":[{"href":"https:\/\/www.europesays.com\/fr\/wp-json\/wp\/v2\/media?parent=104981"}],"wp:term":[{"taxonomy":"category","embeddable":true,"href":"https:\/\/www.europesays.com\/fr\/wp-json\/wp\/v2\/categories?post=104981"},{"taxonomy":"post_tag","embeddable":true,"href":"https:\/\/www.europesays.com\/fr\/wp-json\/wp\/v2\/tags?post=104981"}],"curies":[{"name":"wp","href":"https:\/\/api.w.org\/{rel}","templated":true}]}}