{"id":104985,"date":"2025-05-16T17:48:13","date_gmt":"2025-05-16T17:48:13","guid":{"rendered":"https:\/\/www.europesays.com\/fr\/104985\/"},"modified":"2025-05-16T17:48:13","modified_gmt":"2025-05-16T17:48:13","slug":"legere-avancee-dans-les-pourparlers-sur-lukraine-lassaillant-de-salman-rushdie-condamne-le-taux-de-chomage-stable-lactu-de-ce-vendredi-16-mai-liber","status":"publish","type":"post","link":"https:\/\/www.europesays.com\/fr\/104985\/","title":{"rendered":"L\u00e9g\u00e8re avanc\u00e9e dans les pourparlers sur l\u2019Ukraine, l\u2019assaillant de Salman Rushdie condamn\u00e9, le taux de ch\u00f4mage stable\u2026 L\u2019actu de ce vendredi 16\u00a0mai \u2013 Lib\u00e9ration"},"content":{"rendered":"<p class=\"sc-ksZaOG ehjQrN text-element\">Chaque soir, la r\u00e9daction de Lib\u00e9 s\u00e9lectionne les actualit\u00e9s qu\u2019il ne fallait pas rater en France et dans le reste du monde.<\/p>\n<p class=\"sc-ksZaOG ehjQrN text-element\">Les premi\u00e8res n\u00e9gociations entre \u00e9missaires russes et ukrainiens depuis le printemps 2022 ont permis d\u2019acter <a href=\"https:\/\/www.liberation.fr\/international\/europe\/en-direct-guerre-en-ukraine-plusieurs-reunions-attendues-ce-vendredi-a-istanbul-sans-poutine-ni-zelensky-20250516_T3MTH4GHK5COZDBHUWF5YO3G2U\/\" target=\"_blank\" rel=\"nofollow noopener\" title=\"https:\/\/www.liberation.fr\/international\/europe\/en-direct-guerre-en-ukraine-plusieurs-reunions-attendues-ce-vendredi-a-istanbul-sans-poutine-ni-zelensky-20250516_T3MTH4GHK5COZDBHUWF5YO3G2U\/\">l\u2019\u00e9change de 1 000 prisonniers<\/a>. Si le n\u00e9gociateur russe se dit \u00absatisfait\u00bb des discussions, l\u2019Ukraine, de son c\u00f4t\u00e9, regrette l\u2019\u00e9chec d\u2019un accord de cessez-le-feu et insiste sur la n\u00e9cessit\u00e9 d\u2019une rencontre Zelensky-Poutine.<\/p>\n<p class=\"sc-ksZaOG ehjQrN text-element\">Le locataire de la Maison Blanche a achev\u00e9, ce vendredi aux Emirats arabes unis, une tourn\u00e9e du Golfe marqu\u00e9e par des <a href=\"https:\/\/www.liberation.fr\/international\/amerique\/tournee-de-trump-au-moyen-orient-le-president-americain-se-voit-deja-en-roi-du-big-deal-20250513_F4XL6UQYJRAFPDTENLEKPJUYZY\/\" target=\"_blank\" rel=\"nofollow noopener\" title=\"https:\/\/www.liberation.fr\/international\/amerique\/tournee-de-trump-au-moyen-orient-le-president-americain-se-voit-deja-en-roi-du-big-deal-20250513_F4XL6UQYJRAFPDTENLEKPJUYZY\/\">promesses d\u2019investissements mirobolantes<\/a>, mais aussi une ouverture historique vis-\u00e0-vis de la Syrie, avec <a href=\"https:\/\/www.liberation.fr\/international\/moyen-orient\/syrie-entre-trump-et-al-charaa-une-poignee-de-main-au-lendemain-de-la-levee-des-sanctions-americaines-20250514_BTPWKCHLTBFMXL5VE6RI64IEHA\/\" target=\"_blank\" rel=\"noreferrer nofollow noopener\" title=\"https:\/\/www.liberation.fr\/international\/moyen-orient\/syrie-entre-trump-et-al-charaa-une-poignee-de-main-au-lendemain-de-la-levee-des-sanctions-americaines-20250514_BTPWKCHLTBFMXL5VE6RI64IEHA\/\">une lev\u00e9e des sanctions am\u00e9ricaines<\/a> et un optimisme sur le dossier nucl\u00e9aire. <a href=\"https:\/\/www.liberation.fr\/international\/amerique\/sans-nous-ils-parleraient-allemand-donald-trump-se-moque-de-la-france-apres-la-commemoration-du-8-mai-1945-20250515_JQJZNJGGLFDTLLIH66WDVUIPWU\/\" target=\"_blank\" rel=\"noreferrer nofollow noopener\" title=\"https:\/\/www.liberation.fr\/international\/amerique\/sans-nous-ils-parleraient-allemand-donald-trump-se-moque-de-la-france-apres-la-commemoration-du-8-mai-1945-20250515_JQJZNJGGLFDTLLIH66WDVUIPWU\/\">Tout en se moquant de la France<\/a>, de mani\u00e8re inopin\u00e9e comme le tribun sait si bien le faire, au sujet de la comm\u00e9moration de la victoire contre l\u2019Allemagne nazie.<\/p>\n<p class=\"sc-ksZaOG ehjQrN text-element\">Hadi Matar, qui avait agress\u00e9 au couteau <a href=\"https:\/\/www.liberation.fr\/culture\/livres\/salman-rushdie-cent-ans-de-multitude-20221118_PQGUHVTP5BFQBHE7XNBX57MTJU\/\" target=\"_blank\" rel=\"nofollow noopener\" title=\"https:\/\/www.liberation.fr\/culture\/livres\/salman-rushdie-cent-ans-de-multitude-20221118_PQGUHVTP5BFQBHE7XNBX57MTJU\/\">l\u2019\u00e9crivain Salman Rushdie<\/a> en 2022, symbole de la libert\u00e9 d\u2019expression, <a href=\"https:\/\/www.liberation.fr\/international\/europe\/le-procureur-de-la-cour-penale-internationale-vise-par-une-enquete-quitte-temporairement-ses-fonctions-20250516_LNN2V6YKXJH6TPFQQV4OCV4SBU\/\" target=\"_blank\" rel=\"nofollow noopener\" title=\"https:\/\/www.liberation.fr\/international\/europe\/le-procureur-de-la-cour-penale-internationale-vise-par-une-enquete-quitte-temporairement-ses-fonctions-20250516_LNN2V6YKXJH6TPFQQV4OCV4SBU\/\">a \u00e9t\u00e9 condamn\u00e9 ce vendredi \u00e0 vingt-cinq ans de prison<\/a>. L\u2018Am\u00e9ricano-Libanais de 27 ans, qui a grandi aux Etats-Unis, avait \u00e9t\u00e9 reconnu coupable de tentative de meurtre et d\u2019agression par un jury apr\u00e8s deux semaines de proc\u00e8s au tribunal de Mayville, dans le nord de l\u2019Etat de New York.<\/p>\n<p class=\"sc-ksZaOG ehjQrN text-element\">Dans la droite ligne <a href=\"https:\/\/www.liberation.fr\/economie\/le-taux-de-chomage-baisse-de-01-point-en-france-au-quatrieme-trimestre-20250211_U6ZUJ7N6DNGRXEF23NHRANBLU4\/\" target=\"_blank\" rel=\"nofollow noopener\" title=\"https:\/\/www.liberation.fr\/economie\/le-taux-de-chomage-baisse-de-01-point-en-france-au-quatrieme-trimestre-20250211_U6ZUJ7N6DNGRXEF23NHRANBLU4\/\">du dernier trimestre 2024<\/a>, les chiffres du ch\u00f4mage stagnent pour le premier trimestre 2025. Le taux de ch\u00f4mage en France au sens du Bureau international du travail (BIT) a progress\u00e9 de 0,1 point au premier trimestre 2025 pour atteindre 7,4 %, selon l\u2019Insee. En France, 2,4 millions de personnes sont ainsi sans emploi, en recherchent un et sont imm\u00e9diatement disponibles sur le march\u00e9 du travail.<\/p>\n<p class=\"sc-ksZaOG ehjQrN text-element\">95 millions d\u2019euros. <a href=\"https:\/\/www.liberation.fr\/economie\/le-groupe-italien-ferrero-annonce-un-investissement-de-95-millions-deuros-pour-ses-sites-de-normandie-20250516_4DD7BWEVV5G4VGGFNJTF6NWOQ4\/\" target=\"_blank\" rel=\"noreferrer nofollow noopener\" title=\"https:\/\/www.liberation.fr\/economie\/le-groupe-italien-ferrero-annonce-un-investissement-de-95-millions-deuros-pour-ses-sites-de-normandie-20250516_4DD7BWEVV5G4VGGFNJTF6NWOQ4\/\">C\u2019est l\u2019enveloppe que veut consacrer le groupe italien Ferrero<\/a> \u00e0 son site normand de Villers-Ecalles, en Seine-Maritime. Selon le Figaro, le fabriquant du Nutella et des Kinder Bueno souhaite r\u00e9nover sa m\u00e9ga-usine de fabrication, o\u00f9 est fabriqu\u00e9 un quart de la production mondiale de <a href=\"https:\/\/www.liberation.fr\/lifestyle\/gastronomie\/mort-de-francesco-rivella-linventeur-du-nutella-une-tartine-pour-la-route-20250218_IMBZ33PUMRDQLMEGGZ7XBAGPJE\/\" target=\"_blank\" rel=\"nofollow noopener\" title=\"https:\/\/www.liberation.fr\/lifestyle\/gastronomie\/mort-de-francesco-rivella-linventeur-du-nutella-une-tartine-pour-la-route-20250218_IMBZ33PUMRDQLMEGGZ7XBAGPJE\/\">Nutella<\/a> avec 600 000 pots et 2,5 millions de barres Kinder Bueno chaque jour.<\/p>\n<p class=\"sc-ksZaOG ehjQrN text-element\"><b>Printemps des cimeti\u00e8res : au P\u00e8re-Lachaise, \u00ables renards ne seraient jamais revenus sans le z\u00e9ro phyto\u00bb<\/b><\/p>\n<p class=\"sc-ksZaOG ehjQrN text-element\">Dix ans apr\u00e8s l\u2019abandon des herbicides chimiques dans les cimeti\u00e8res parisiens, le P\u00e8re-Lachaise est devenu un r\u00e9servoir de biodiversit\u00e9. Lib\u00e9ration a suivi, le temps d\u2019une soir\u00e9e, quatre passionn\u00e9s d\u00e9sireux d\u2019observer la faune reconstitu\u00e9e. <a href=\"https:\/\/www.liberation.fr\/environnement\/biodiversite\/printemps-des-cimetieres-au-pere-lachaise-sur-les-traces-de-la-chouette-hulotte-20250516_REF2JM2SGBGPXI3XEJRANF6MQA\/\" target=\"_blank\" rel=\"noreferrer nofollow noopener\" title=\"https:\/\/www.liberation.fr\/environnement\/biodiversite\/printemps-des-cimetieres-au-pere-lachaise-sur-les-traces-de-la-chouette-hulotte-20250516_REF2JM2SGBGPXI3XEJRANF6MQA\/\">Notre reportage<\/a>.<\/p>\n<p class=\"sc-ksZaOG ehjQrN text-element\"><b>Eurovision 2025 : Louane peut-elle statistiquement remporter le concours ?<\/b><\/p>\n<p class=\"sc-ksZaOG ehjQrN text-element\">Si les profils des gagnants se diversifient au fil des ann\u00e9es, l\u2019artiste fran\u00e7aise, parmi les favoris des parieurs, pourrait tirer son \u00e9pingle du jeu ce samedi soir, \u00e0 la faveur d\u2019une \u00e9dition particuli\u00e8rement francophile et du succ\u00e8s retrouv\u00e9 des pays d\u2019Europe de l\u2019Ouest. <a href=\"https:\/\/www.liberation.fr\/culture\/musique\/eurovision-2025-louane-peut-elle-statistiquement-remporter-le-concours-20250516_SYB76UZYWNAY3PLZDT4KSTTOO4\/\" target=\"_blank\" rel=\"noreferrer nofollow noopener\" title=\"https:\/\/www.liberation.fr\/culture\/musique\/eurovision-2025-louane-peut-elle-statistiquement-remporter-le-concours-20250516_SYB76UZYWNAY3PLZDT4KSTTOO4\/\">Notre d\u00e9cryptage<\/a>.<\/p>\n<p class=\"sc-ksZaOG ehjQrN text-element\"><b>Beignet \u00abLove in Paris\u00bb et caf\u00e9 \u00e0 l\u2019azote : Dunkin\u2019pose ses donuts dans la capitale<\/b><\/p>\n<p class=\"sc-ksZaOG ehjQrN text-element\">L\u2019enseigne pr\u00e9f\u00e9r\u00e9e de Homer Simpson s\u2019implante en France avec une boutique parisienne inaugur\u00e9e mercredi 14 mai. Et tente de se distinguer face \u00e0 une concurrence rude dans le secteur du beignet. <a href=\"https:\/\/www.liberation.fr\/lifestyle\/gastronomie\/beignet-love-paris-et-cafe-a-lazote-dunkin-pose-ses-donuts-dans-la-capitale-20250516_XMUIC3CU2BGKNASQM4TT2EVLIM\/\" target=\"_blank\" rel=\"noreferrer nofollow noopener\" title=\"https:\/\/www.liberation.fr\/lifestyle\/gastronomie\/beignet-love-paris-et-cafe-a-lazote-dunkin-pose-ses-donuts-dans-la-capitale-20250516_XMUIC3CU2BGKNASQM4TT2EVLIM\/\">Lib\u00e9ration a test\u00e9 pour vous<\/a>.<\/p>\n","protected":false},"excerpt":{"rendered":"Chaque soir, la r\u00e9daction de Lib\u00e9 s\u00e9lectionne les actualit\u00e9s qu\u2019il ne fallait pas rater en France et dans&hellip;\n","protected":false},"author":2,"featured_media":104986,"comment_status":"","ping_status":"","sticky":false,"template":"","format":"standard","meta":{"footnotes":""},"categories":[1590],"tags":[11,1777,674,12,4702,220],"class_list":{"0":"post-104985","1":"post","2":"type-post","3":"status-publish","4":"format-standard","5":"has-post-thumbnail","7":"category-ukraine","8":"tag-actualites","9":"tag-eu","10":"tag-europe","11":"tag-news","12":"tag-recap-actu","13":"tag-ukraine"},"share_on_mastodon":{"url":"https:\/\/pubeurope.com\/@fr\/114518773234194265","error":""},"_links":{"self":[{"href":"https:\/\/www.europesays.com\/fr\/wp-json\/wp\/v2\/posts\/104985","targetHints":{"allow":["GET"]}}],"collection":[{"href":"https:\/\/www.europesays.com\/fr\/wp-json\/wp\/v2\/posts"}],"about":[{"href":"https:\/\/www.europesays.com\/fr\/wp-json\/wp\/v2\/types\/post"}],"author":[{"embeddable":true,"href":"https:\/\/www.europesays.com\/fr\/wp-json\/wp\/v2\/users\/2"}],"replies":[{"embeddable":true,"href":"https:\/\/www.europesays.com\/fr\/wp-json\/wp\/v2\/comments?post=104985"}],"version-history":[{"count":0,"href":"https:\/\/www.europesays.com\/fr\/wp-json\/wp\/v2\/posts\/104985\/revisions"}],"wp:featuredmedia":[{"embeddable":true,"href":"https:\/\/www.europesays.com\/fr\/wp-json\/wp\/v2\/media\/104986"}],"wp:attachment":[{"href":"https:\/\/www.europesays.com\/fr\/wp-json\/wp\/v2\/media?parent=104985"}],"wp:term":[{"taxonomy":"category","embeddable":true,"href":"https:\/\/www.europesays.com\/fr\/wp-json\/wp\/v2\/categories?post=104985"},{"taxonomy":"post_tag","embeddable":true,"href":"https:\/\/www.europesays.com\/fr\/wp-json\/wp\/v2\/tags?post=104985"}],"curies":[{"name":"wp","href":"https:\/\/api.w.org\/{rel}","templated":true}]}}