{"id":104987,"date":"2025-05-16T17:49:09","date_gmt":"2025-05-16T17:49:09","guid":{"rendered":"https:\/\/www.europesays.com\/fr\/104987\/"},"modified":"2025-05-16T17:49:09","modified_gmt":"2025-05-16T17:49:09","slug":"lhomme-qui-a-tente-de-tuer-salman-rushdie-condamne-a-25-ans-de-prison","status":"publish","type":"post","link":"https:\/\/www.europesays.com\/fr\/104987\/","title":{"rendered":"L\u2019homme qui a tent\u00e9 de tuer Salman Rushdie condamn\u00e9 \u00e0 25 ans de prison"},"content":{"rendered":"<p><strong>justice &#8211; 25 ans de r\u00e9clusion criminelle ont \u00e9t\u00e9 prononc\u00e9s contre Hadi Matar, l\u2019homme qui avait poignard\u00e9 Salman Rushdie en 2022<\/strong><\/p>\n<p>25 ans de r\u00e9clusion criminelle pour Hadi Matar, l\u2019Am\u00e9ricano-libanais qui avait poignard\u00e9 en 2022 <a href=\"https:\/\/www.20minutes.fr\/arts-stars\/culture\/salman-rushdie\/?at_medium=RSS%20feed&amp;at_campaign=ynews&amp;utm_source=yahoo&amp;utm_medium=rss&amp;utm_campaign=news_feed&amp;utm_content=in_article_link\" rel=\"nofollow noopener\" target=\"_blank\" data-ylk=\"slk:Salman Rushdie;elm:context_link;itc:0;sec:content-canvas\" class=\"link \">Salman Rushdie<\/a>. L\u2019homme de 27 ans, qui a grandi aux <a href=\"https:\/\/www.20minutes.fr\/monde\/etats-unis\/?at_medium=RSS%20feed&amp;at_campaign=ynews&amp;utm_source=yahoo&amp;utm_medium=rss&amp;utm_campaign=news_feed&amp;utm_content=in_article_link\" rel=\"nofollow noopener\" target=\"_blank\" data-ylk=\"slk:Etats-Unis;elm:context_link;itc:0;sec:content-canvas\" class=\"link \">Etats-Unis<\/a>, avait \u00e9t\u00e9 reconnu coupable en f\u00e9vrier de tentative de meurtre et agression par un jury, apr\u00e8s deux semaines de proc\u00e8s au tribunal de Mayville, dans le nord de l\u2019Etat de <a href=\"https:\/\/www.20minutes.fr\/dossier\/new_york?at_medium=RSS%20feed&amp;at_campaign=ynews&amp;utm_source=yahoo&amp;utm_medium=rss&amp;utm_campaign=news_feed&amp;utm_content=in_article_link\" rel=\"nofollow noopener\" target=\"_blank\" data-ylk=\"slk:New York;elm:context_link;itc:0;sec:content-canvas\" class=\"link \">New York<\/a>.<\/p>\n<p>Il a \u00e9t\u00e9 condamn\u00e9 \u00e0 la peine maximale, soit 25 ans de r\u00e9clusion, ainsi qu\u2019\u00e0 sept ans de prison pour avoir bless\u00e9 Henry Reese, cofondateur de \u00ab Pittsburgh Ville Refuge \u00bb, un projet d\u2019aide aux \u00e9crivains en exil. Il purgera simultan\u00e9ment les deux peines. Salman Rushdie n\u2019assistait pas \u00e0 cette audience.<\/p>\n<p>Une agression en pleine conf\u00e9rence<\/p>\n<p>Le 12 ao\u00fbt 2022, Hadi Matar avait lard\u00e9 de coups de couteau l\u2019auteur des \u00ab Versets sataniques \u00bb, ouvrage qui avait valu en 1989 \u00e0 Salman Rushdie une condamnation \u00e0 mort par l\u2019Iran, qui le jugeait blasph\u00e9matoire. L\u2019\u00e9crivain am\u00e9ricano-britannique de 77 ans, d\u2019origine indienne, a perdu l\u2019usage de son \u0153il droit dans cette attaque, sa pomme d\u2019Adam a \u00e9t\u00e9 lac\u00e9r\u00e9e, son foie et son intestin gr\u00eale perc\u00e9s, et de graves l\u00e9sions nerveuses au bras l\u2019ont laiss\u00e9 paralys\u00e9 d\u2019une main.<\/p>\n<p>L\u2019agression s\u2019\u00e9tait produite devant pr\u00e8s d\u2019un millier de personnes lors d\u2019une conf\u00e9rence sur la protection de la libert\u00e9 des \u00e9crivains, dans une paisible r\u00e9gion frontali\u00e8re du Canada. L\u2019auteur avait \u00e9t\u00e9 sauv\u00e9 par des spectateurs. Hadi Matar est aussi inculp\u00e9 devant la justice f\u00e9d\u00e9rale am\u00e9ricaine \u00ab d\u2019acte de terrorisme au nom du Hezbollah \u00bb, le mouvem(&#8230;)<\/p>\n<p><a href=\"https:\/\/www.20minutes.fr\/justice\/4153972-20250516-etats-unis-homme-tente-tuer-salman-rushdie-condamne-25-ans-prison?at_medium=RSS%20feed&amp;at_campaign=ynews&amp;utm_source=yahoo&amp;utm_medium=rss&amp;utm_campaign=news_feed&amp;utm_content=read_more_link\" rel=\"nofollow noopener\" target=\"_blank\" data-ylk=\"slk:Lire la suite sur 20minutes;elm:context_link;itc:0;sec:content-canvas\" class=\"link \">Lire la suite sur 20minutes<\/a><\/p>\n<p>\u00c0 lire aussi :<br \/><a href=\"https:\/\/www.20minutes.fr\/justice\/4137206-20250205-etats-unis-coup-envoi-proces-homme-tente-tuer-ecrivain-salman-rushdie?at_medium=RSS%20feed&amp;at_campaign=ynews&amp;utm_source=yahoo&amp;utm_medium=rss&amp;utm_campaign=news_feed&amp;utm_content=related_content_link\" rel=\"nofollow noopener\" target=\"_blank\" data-ylk=\"slk:Etats-Unis : Coup d\u2019envoi du proc\u00e8s de l\u2019homme qui avait tent\u00e9 de tuer l\u2019\u00e9crivain Salman Rushdie;elm:context_link;itc:0;sec:content-canvas\" class=\"link \">Etats-Unis : Coup d\u2019envoi du proc\u00e8s de l\u2019homme qui avait tent\u00e9 de tuer l\u2019\u00e9crivain Salman Rushdie<\/a><br \/><a href=\"https:\/\/www.20minutes.fr\/monde\/etats-unis\/4102949-20240725-attaque-contre-salman-rushdie-etats-unis-pointent-terrorisme-hezbollah?at_medium=RSS%20feed&amp;at_campaign=ynews&amp;utm_source=yahoo&amp;utm_medium=rss&amp;utm_campaign=news_feed&amp;utm_content=related_content_link\" rel=\"nofollow noopener\" target=\"_blank\" data-ylk=\"slk:Attaque contre Salman Rushdie : Les Etats-Unis pointent le terrorisme du Hezbollah;elm:context_link;itc:0;sec:content-canvas\" class=\"link \">Attaque contre Salman Rushdie : Les Etats-Unis pointent le terrorisme du Hezbollah<\/a><\/p>\n","protected":false},"excerpt":{"rendered":"justice &#8211; 25 ans de r\u00e9clusion criminelle ont \u00e9t\u00e9 prononc\u00e9s contre Hadi Matar, l\u2019homme qui avait poignard\u00e9 Salman&hellip;\n","protected":false},"author":2,"featured_media":104988,"comment_status":"","ping_status":"","sticky":false,"template":"","format":"standard","meta":{"footnotes":""},"categories":[1589],"tags":[11,1764,73,1866,22184,12,22183,22182,5118,1864,1865,1863,308],"class_list":{"0":"post-104987","1":"post","2":"type-post","3":"status-publish","4":"format-standard","5":"has-post-thumbnail","7":"category-etats-unis","8":"tag-actualites","9":"tag-ans","10":"tag-etats-unis","11":"tag-etats-unis-damerique","12":"tag-hadi-matar","13":"tag-news","14":"tag-reclusion-criminelle","15":"tag-salman-rushdie","16":"tag-tentative-de-meurtre","17":"tag-united-states","18":"tag-united-states-of-america","19":"tag-us","20":"tag-usa"},"share_on_mastodon":{"url":"https:\/\/pubeurope.com\/@fr\/114518777107649309","error":""},"_links":{"self":[{"href":"https:\/\/www.europesays.com\/fr\/wp-json\/wp\/v2\/posts\/104987","targetHints":{"allow":["GET"]}}],"collection":[{"href":"https:\/\/www.europesays.com\/fr\/wp-json\/wp\/v2\/posts"}],"about":[{"href":"https:\/\/www.europesays.com\/fr\/wp-json\/wp\/v2\/types\/post"}],"author":[{"embeddable":true,"href":"https:\/\/www.europesays.com\/fr\/wp-json\/wp\/v2\/users\/2"}],"replies":[{"embeddable":true,"href":"https:\/\/www.europesays.com\/fr\/wp-json\/wp\/v2\/comments?post=104987"}],"version-history":[{"count":0,"href":"https:\/\/www.europesays.com\/fr\/wp-json\/wp\/v2\/posts\/104987\/revisions"}],"wp:featuredmedia":[{"embeddable":true,"href":"https:\/\/www.europesays.com\/fr\/wp-json\/wp\/v2\/media\/104988"}],"wp:attachment":[{"href":"https:\/\/www.europesays.com\/fr\/wp-json\/wp\/v2\/media?parent=104987"}],"wp:term":[{"taxonomy":"category","embeddable":true,"href":"https:\/\/www.europesays.com\/fr\/wp-json\/wp\/v2\/categories?post=104987"},{"taxonomy":"post_tag","embeddable":true,"href":"https:\/\/www.europesays.com\/fr\/wp-json\/wp\/v2\/tags?post=104987"}],"curies":[{"name":"wp","href":"https:\/\/api.w.org\/{rel}","templated":true}]}}