{"id":105003,"date":"2025-05-16T18:00:09","date_gmt":"2025-05-16T18:00:09","guid":{"rendered":"https:\/\/www.europesays.com\/fr\/105003\/"},"modified":"2025-05-16T18:00:09","modified_gmt":"2025-05-16T18:00:09","slug":"atp-rome-carlos-alcaraz-sur-la-possibilite-daffronter-jannik-sinner-en-finale-tout-le-monde-a-vu-son-match-contre-casper-ruud-le-niveau-etait-enorme","status":"publish","type":"post","link":"https:\/\/www.europesays.com\/fr\/105003\/","title":{"rendered":"ATP &#8211; Rome > Carlos Alcaraz sur la possibilit\u00e9 d\u2019affronter Jannik Sinner en finale : \u00ab\u00a0Tout le monde a vu son match contre Casper Ruud. Le niveau\u00a0\u00e9tait\u00a0\u00e9norme\u00a0\u00bb"},"content":{"rendered":"<p>Premier fina\u00adliste qualifi\u00e9 au Masters 1000 de Rome apr\u00e8s sa bataille contre Lorenzo Musetti (6\u22123, 7\u20136), Carlos Alcaraz ne s\u2019avance pas trop sur son futur adver\u00adsaire. L\u2019Espagnol est par\u00e9 \u00e0 toute \u00e9ven\u00adtua\u00adlit\u00e9, dont celle d\u2019af\u00adfronter Jannik Sinner, visi\u00adble\u00adment en pleine forme sur la terre battue Italienne.<\/p>\n<blockquote class=\"twitter-tweet\">\n<p lang=\"en\" dir=\"ltr\">Carlos Alcaraz on facing Sinner or Paul in Rome final<\/p>\n<p>\u201cToday the crowd was for Lorenzo. So it wasn\u2019t easy. It was great honestly. The atmos\u00adphere was great. I have to say thank you for them being respectful as well. Obviously there are some times they were chee\u00adring for him in\u2026 <a href=\"https:\/\/t.co\/GcLviKLa1S\" data-wpel-link=\"external\" target=\"_blank\" rel=\"nofollow external noopener\">pic.twitter.com\/GcLviKLa1S<\/a><\/p>\n<p>\u2014 The Tennis Letter (@TheTennisLetter) <a href=\"https:\/\/twitter.com\/TheTennisLetter\/status\/1923408757465415941?ref_src=twsrc%5Etfw\" data-wpel-link=\"external\" target=\"_blank\" rel=\"nofollow external noopener\">May 16,\u00a02025<\/a><\/p><\/blockquote>\n<p><strong>\u00ab\u202fEn finale, voyons contre qui je vais jouer. Les deux jouent tr\u00e8s bien. Jannik\u2026 Je veux dire, tout le monde a vu le match contre Casper. C\u2019\u00e9tait un niveau \u00e9norme. Voyons. Si je vais jouer contre Tommy Paul, je dois \u00eatre pr\u00eat pour \u00e7a. Si je joue contre Jannik, je dois \u00eatre pr\u00eat pour cette bataille. Et \u00e9videm\u00adment, g\u00e9rer la foule. Ce sera un dimanche int\u00e9\u00adres\u00adsant, c\u2019est certain.\u202f\u00bb<\/strong><\/p>\n<p class=\"post-published-date\" style=\"color: silver; font-size: 75%; text-align: left;\">Publi\u00e9 le vendredi 16 mai 2025 \u00e0 18:18<\/p>\n<p><script async src=\"https:\/\/platform.twitter.com\/widgets.js\" charset=\"utf-8\"><\/script><\/p>\n","protected":false},"excerpt":{"rendered":"Premier fina\u00adliste qualifi\u00e9 au Masters 1000 de Rome apr\u00e8s sa bataille contre Lorenzo Musetti (6\u22123, 7\u20136), Carlos Alcaraz&hellip;\n","protected":false},"author":2,"featured_media":35641,"comment_status":"","ping_status":"","sticky":false,"template":"","format":"standard","meta":{"footnotes":""},"categories":[1415],"tags":[1744,1011,27,2127,60,1467],"class_list":{"0":"post-105003","1":"post","2":"type-post","3":"status-publish","4":"format-standard","5":"has-post-thumbnail","7":"category-tennis","8":"tag-alcaraz","9":"tag-fr","10":"tag-france","11":"tag-sinner","12":"tag-sports","13":"tag-tennis"},"share_on_mastodon":{"url":"https:\/\/pubeurope.com\/@fr\/114518820316205547","error":""},"_links":{"self":[{"href":"https:\/\/www.europesays.com\/fr\/wp-json\/wp\/v2\/posts\/105003","targetHints":{"allow":["GET"]}}],"collection":[{"href":"https:\/\/www.europesays.com\/fr\/wp-json\/wp\/v2\/posts"}],"about":[{"href":"https:\/\/www.europesays.com\/fr\/wp-json\/wp\/v2\/types\/post"}],"author":[{"embeddable":true,"href":"https:\/\/www.europesays.com\/fr\/wp-json\/wp\/v2\/users\/2"}],"replies":[{"embeddable":true,"href":"https:\/\/www.europesays.com\/fr\/wp-json\/wp\/v2\/comments?post=105003"}],"version-history":[{"count":0,"href":"https:\/\/www.europesays.com\/fr\/wp-json\/wp\/v2\/posts\/105003\/revisions"}],"wp:featuredmedia":[{"embeddable":true,"href":"https:\/\/www.europesays.com\/fr\/wp-json\/wp\/v2\/media\/35641"}],"wp:attachment":[{"href":"https:\/\/www.europesays.com\/fr\/wp-json\/wp\/v2\/media?parent=105003"}],"wp:term":[{"taxonomy":"category","embeddable":true,"href":"https:\/\/www.europesays.com\/fr\/wp-json\/wp\/v2\/categories?post=105003"},{"taxonomy":"post_tag","embeddable":true,"href":"https:\/\/www.europesays.com\/fr\/wp-json\/wp\/v2\/tags?post=105003"}],"curies":[{"name":"wp","href":"https:\/\/api.w.org\/{rel}","templated":true}]}}