{"id":1050080,"date":"2026-07-07T22:04:24","date_gmt":"2026-07-07T22:04:24","guid":{"rendered":"https:\/\/www.europesays.com\/fr\/1050080\/"},"modified":"2026-07-07T22:04:24","modified_gmt":"2026-07-07T22:04:24","slug":"popcorn-cine-gratuits-en-juillet-3-films-seront-diffuses-en-plein-air-a-cote-de-strasbourg","status":"publish","type":"post","link":"https:\/\/www.europesays.com\/fr\/1050080\/","title":{"rendered":"Popcorn + cin\u00e9 gratuits : en juillet, 3 films seront diffus\u00e9s en plein air \u00e0 c\u00f4t\u00e9 de Strasbourg"},"content":{"rendered":"<p>    <img loading=\"lazy\" width=\"1800\" height=\"900\" src=\"https:\/\/www.europesays.com\/fr\/wp-content\/uploads\/2026\/04\/jeanne-callthepolice.jpg\" class=\"attachment-full size-full\" alt=\"\" id=\"imageLove\" decoding=\"async\"  \/><\/p>\n<p id=\"breadcrumbs\"><a href=\"https:\/\/pokaa.fr\/\" rel=\"nofollow noopener\" target=\"_blank\">Accueil<\/a> \/ <a href=\"https:\/\/pokaa.fr\/ses-sorties\/\" rel=\"nofollow noopener\" target=\"_blank\">Sorties<\/a> \/ Popcorn + cin\u00e9 gratuits : en juillet, 3 films seront diffus\u00e9s en plein air \u00e0 c\u00f4t\u00e9 de Strasbourg<\/p>\n<p>                    Sorties<\/p>\n<p><b>Avec les beaux jours, \u00e0 Strasbourg et autour, le 7e art sort des salles et se vit aussi en plein air\u2026 Pour profiter des nuits d\u2019\u00e9t\u00e9, \u00ab Shopping Promenade fait son cin\u00e9ma \u00bb, lui aussi. Tous les vendredis de juillet, retrouves-y des s\u00e9ances de cin\u00e9ma gratuites sous les \u00e9toiles. Le bon plan pour r\u00eaver en grand.<\/b><\/p>\n<p><b>Tous les vendredis du mois de juillet<\/b>, le centre commercial <b>Shopping Promenade C\u0153ur Alsace<\/b> nous invite \u00e0 <b>(re)d\u00e9couvrir de grands films en famille, d\u00e8s 22h<\/b>. Trois rendez-vous avec le cin\u00e9ma, \u00e0 Reichstett, \u00e0 une quinzaine de minutes seulement de Strasbourg.<\/p>\n<p>    <img width=\"800\" height=\"600\" src=\"https:\/\/www.europesays.com\/fr\/wp-content\/uploads\/2026\/07\/825c8bcf-daaf-4818-b328-9c9b583cceaf-800x600.jpeg\" class=\"attachment-image-size-L size-image-size-L\" alt=\"shopping promenade\" decoding=\"async\" loading=\"lazy\"  \/>         Shopping Promenade. \u00a9 Anthony Jilli \/ Pokaa <\/p>\n<p>\u00c7a commence ce vendredi <\/p>\n<p><b>Clap de d\u00e9but\u00a0? D\u00e8s cette semaine<\/b>, avec un d\u00e9collage imm\u00e9diat <b>le vendredi 11 avec <\/b><b>Interstellar<\/b><b> <\/b>(2014) de Christopher Nolan\u00a0; avant l\u2019arriv\u00e9e muscl\u00e9e de <b>Black Panther <\/b>(2018) de Ryan Coogler, <b>le vendredi 18<\/b>.<\/p>\n<p>Pour conclure ce cycle, on nous emm\u00e8nera dans le Ch\u2019nord le<b> vendredi 25 <\/b>avec un grand classique de la com\u00e9die fran\u00e7aise\u00a0: <b>Bienvenue chez les Ch\u2019tis<\/b> (2008) de et avec Dany Boon.<\/p>\n<\/p>\n<p>Sur place, <b>Shopping Promenade sortira les transats et nous offrira le popcorn<\/b>\u00a0! Il n\u2019y a plus qu\u2019\u00e0 ramener les plaids et coussins \u00ab\u00a0pour \u00eatre comme \u00e0 la maison\u00a0\u00bb \u2013 le ciel \u00e9toil\u00e9 en bonus.<\/p>\n<p>            Shopping Promenade fait son cin\u00e9ma\u00a0!<\/p>\n<p>            Quoi ? <\/p>\n<p>S\u00e9ances de cin\u00e9ma gratuites et en plein air<\/p>\n<p>                Quand ?<\/p>\n<p>Les vendredis 11, 18 et 25 juillet \u00e0 partir de 22h<\/p>\n<p>            o\u00f9 ?<\/p>\n<p>\u00c0 Shopping Promenade C\u0153ur Alsace, 6 boulevard des Enseignes, \u00e0 Reichstett<\/p>\n<p>                Plus d&rsquo;infos ?<\/p>\n<p><a href=\"https:\/\/www.shoppingpromenade-coeuralsace.fr\/actu\/shopping-promenade-fait-son-cinema\/\" target=\"_blank\" rel=\"noopener nofollow\">Plus d\u2019informations<\/a><\/p>\n","protected":false},"excerpt":{"rendered":"Accueil \/ Sorties \/ Popcorn + cin\u00e9 gratuits : en juillet, 3 films seront diffus\u00e9s en plein air&hellip;\n","protected":false},"author":2,"featured_media":1050081,"comment_status":"","ping_status":"","sticky":false,"template":"","format":"standard","meta":{"footnotes":"","_share_on_mastodon":"0"},"categories":[2820],"tags":[1111,11,650,104549,2883,1777,674,652,1011,27,775,326,12,21919,3907,7092,25,35618,107090,640,4064],"class_list":["post-1050080","post","type-post","status-publish","format-standard","has-post-thumbnail","category-strasbourg","tag-actu","tag-actualites","tag-cinema","tag-cinema-plein-air","tag-ete","tag-eu","tag-europe","tag-famille","tag-fr","tag-france","tag-grand-est","tag-gratuit","tag-news","tag-ou-sortir","tag-que-faire","tag-reichstett","tag-republique-francaise","tag-shopping-promenade","tag-shopping-promenade-coeur-alsace","tag-strasbourg","tag-week-end"],"share_on_mastodon":{"url":"https:\/\/pubeurope.com\/@fr\/116880965649265045","error":""},"_links":{"self":[{"href":"https:\/\/www.europesays.com\/fr\/wp-json\/wp\/v2\/posts\/1050080","targetHints":{"allow":["GET"]}}],"collection":[{"href":"https:\/\/www.europesays.com\/fr\/wp-json\/wp\/v2\/posts"}],"about":[{"href":"https:\/\/www.europesays.com\/fr\/wp-json\/wp\/v2\/types\/post"}],"author":[{"embeddable":true,"href":"https:\/\/www.europesays.com\/fr\/wp-json\/wp\/v2\/users\/2"}],"replies":[{"embeddable":true,"href":"https:\/\/www.europesays.com\/fr\/wp-json\/wp\/v2\/comments?post=1050080"}],"version-history":[{"count":0,"href":"https:\/\/www.europesays.com\/fr\/wp-json\/wp\/v2\/posts\/1050080\/revisions"}],"wp:featuredmedia":[{"embeddable":true,"href":"https:\/\/www.europesays.com\/fr\/wp-json\/wp\/v2\/media\/1050081"}],"wp:attachment":[{"href":"https:\/\/www.europesays.com\/fr\/wp-json\/wp\/v2\/media?parent=1050080"}],"wp:term":[{"taxonomy":"category","embeddable":true,"href":"https:\/\/www.europesays.com\/fr\/wp-json\/wp\/v2\/categories?post=1050080"},{"taxonomy":"post_tag","embeddable":true,"href":"https:\/\/www.europesays.com\/fr\/wp-json\/wp\/v2\/tags?post=1050080"}],"curies":[{"name":"wp","href":"https:\/\/api.w.org\/{rel}","templated":true}]}}