{"id":1050098,"date":"2026-07-07T22:18:22","date_gmt":"2026-07-07T22:18:22","guid":{"rendered":"https:\/\/www.europesays.com\/fr\/1050098\/"},"modified":"2026-07-07T22:18:22","modified_gmt":"2026-07-07T22:18:22","slug":"pourquoi-la-passerelle-plombieres-a-marseille-est-elle-fermee-ce-mardi","status":"publish","type":"post","link":"https:\/\/www.europesays.com\/fr\/1050098\/","title":{"rendered":"Pourquoi la passerelle Plombi\u00e8res \u00e0 Marseille est-elle ferm\u00e9e ce mardi ?"},"content":{"rendered":"<p>Depuis ce mardi matin, la passerelle de <a href=\"https:\/\/www.laprovence.com\/actu\/en-direct\/43707975333165\/a7-un-bus-en-panne-provoque-de-serieuses-difficultes-a-la-sortie-de-marseille\" target=\"_self\" rel=\"nofollow noopener\">Plombi\u00e8res \u00e0 Marseille<\/a> est ferm\u00e9e en direction de l&rsquo;autoroute A7. La raison ? Le tournage d&rsquo;une s\u00e9rie est en cours dans le secteur. La mairie de la deuxi\u00e8me ville de France assure que cette coupure prendra fin en milieu d&rsquo;apr\u00e8s-midi, \u00e0 16h30. Et, a priori, cet axe majeur restera ouvert les prochains jours.<\/p>\n<p>Dans l&rsquo;autre sens, en provenance de l&rsquo;autoroute nord, les voies sont ouvertes car aucun bouchon n&rsquo;est en cours sur l&rsquo;A7, dans la bretelle de sortie en direction justement de Plombi\u00e8res. Cette fermeture provoque des embouteillages sous la passerelle, entre l&rsquo;avenue Alexander Fleming et l&rsquo;entr\u00e9e de l&rsquo;autoroute.<\/p>\n","protected":false},"excerpt":{"rendered":"Depuis ce mardi matin, la passerelle de Plombi\u00e8res \u00e0 Marseille est ferm\u00e9e en direction de l&rsquo;autoroute A7. La&hellip;\n","protected":false},"author":2,"featured_media":1050099,"comment_status":"","ping_status":"","sticky":false,"template":"","format":"standard","meta":{"footnotes":"","_share_on_mastodon":"0"},"categories":[2814],"tags":[5734,1111,11,18635,1777,674,4069,1011,27,9778,884,12,26301,41137,7555,882,16,25],"class_list":["post-1050098","post","type-post","status-publish","format-standard","has-post-thumbnail","category-marseille","tag-5734","tag-actu","tag-actualites","tag-est-elle","tag-eu","tag-europe","tag-fermee","tag-fr","tag-france","tag-mardi","tag-marseille","tag-news","tag-passerelle","tag-plombieres","tag-pourquoi","tag-provence-alpes-cote-dazur","tag-region","tag-republique-francaise"],"share_on_mastodon":{"url":"https:\/\/pubeurope.com\/@fr\/116881018583318820","error":""},"_links":{"self":[{"href":"https:\/\/www.europesays.com\/fr\/wp-json\/wp\/v2\/posts\/1050098","targetHints":{"allow":["GET"]}}],"collection":[{"href":"https:\/\/www.europesays.com\/fr\/wp-json\/wp\/v2\/posts"}],"about":[{"href":"https:\/\/www.europesays.com\/fr\/wp-json\/wp\/v2\/types\/post"}],"author":[{"embeddable":true,"href":"https:\/\/www.europesays.com\/fr\/wp-json\/wp\/v2\/users\/2"}],"replies":[{"embeddable":true,"href":"https:\/\/www.europesays.com\/fr\/wp-json\/wp\/v2\/comments?post=1050098"}],"version-history":[{"count":0,"href":"https:\/\/www.europesays.com\/fr\/wp-json\/wp\/v2\/posts\/1050098\/revisions"}],"wp:featuredmedia":[{"embeddable":true,"href":"https:\/\/www.europesays.com\/fr\/wp-json\/wp\/v2\/media\/1050099"}],"wp:attachment":[{"href":"https:\/\/www.europesays.com\/fr\/wp-json\/wp\/v2\/media?parent=1050098"}],"wp:term":[{"taxonomy":"category","embeddable":true,"href":"https:\/\/www.europesays.com\/fr\/wp-json\/wp\/v2\/categories?post=1050098"},{"taxonomy":"post_tag","embeddable":true,"href":"https:\/\/www.europesays.com\/fr\/wp-json\/wp\/v2\/tags?post=1050098"}],"curies":[{"name":"wp","href":"https:\/\/api.w.org\/{rel}","templated":true}]}}