{"id":105013,"date":"2025-05-16T18:07:09","date_gmt":"2025-05-16T18:07:09","guid":{"rendered":"https:\/\/www.europesays.com\/fr\/105013\/"},"modified":"2025-05-16T18:07:09","modified_gmt":"2025-05-16T18:07:09","slug":"la-celebre-photo-prise-pendant-la-guerre-du-vietnam-continue-dalimenter-les-doutes","status":"publish","type":"post","link":"https:\/\/www.europesays.com\/fr\/105013\/","title":{"rendered":"la c\u00e9l\u00e8bre photo prise pendant la guerre du Vietnam continue d\u2019alimenter les doutes"},"content":{"rendered":"<p>        <img decoding=\"async\" loading=\"lazy\" src=\"https:\/\/www.europesays.com\/fr\/wp-content\/uploads\/2025\/05\/bf6e0ec_sirius-fs-upload-1-0wid3mzono5c-1737900382990-000-152861.jpg\"  width=\"728\" height=\"409\" alt=\"Kim Phuc, survivante de la guerre du Vietnam, se tenant devant la photo embl\u00e9matique d\u2019elle fillette en 1972\u00a0courant nue apr\u00e8s une attaque au napalm, pr\u00e8s de Trang Bang. (photo prise le 17\u00a0mai 2018\u00a0\u00e0 Amsterdam)\"\/>  <\/p>\n<p>ROBIN VAN LONKHUIJSEN \/ AFP<\/p>\n<p>Kim Phuc, survivante de la guerre du Vietnam, se tenant devant la photo embl\u00e9matique d\u2019elle fillette en 1972\u00a0courant nue apr\u00e8s une attaque au napalm, pr\u00e8s de Trang Bang. (photo prise le 17\u00a0mai 2018\u00a0\u00e0 Amsterdam)<\/p>\n<p class=\"asset asset-text\">PHOTOGRAPHIE &#8211; C\u2019est l\u2019une des photos les plus embl\u00e9matiques de l\u2019Histoire, prise lors de <a href=\"https:\/\/www.huffingtonpost.fr\/culture\/article\/le-livre-la-ou-fleurissent-les-cendres-ravive-la-memoire-dechirante-des-poussieres-de-vie_228207.html\" rel=\"nofollow noopener\" target=\"_blank\">la guerre du Vietnam<\/a>. Le concours World Press Photo a annonc\u00e9 ce vendredi 16\u00a0mai qu\u2019il ne consid\u00e9rait plus le photographe am\u00e9ricano-vietnamien Nick Ut comme l\u2019auteur de La petite fille au\u00a0napalm, <a href=\"https:\/\/www.huffingtonpost.fr\/culture\/article\/the-stringer-la-photo-de-la-petite-fille-au-napalm-attribuee-a-nick-ut-au-detriment-de-son-verible-auteur_245348.html\" rel=\"nofollow noopener\" target=\"_blank\">apr\u00e8s la diffusion d\u2019un documentaire qui a sem\u00e9 le doute<\/a>.<\/p>\n<p class=\"asset asset-text\">La photo en noir et blanc de cette petite fille vietnamienne gravement br\u00fbl\u00e9e, courant nue sur une route apr\u00e8s un bombardement au\u00a0napalm\u00a0\u00e0 Trang Bang, dans le sud du pays, en 1972, avait contribu\u00e9 \u00e0 changer la perception mondiale de la guerre du Vietnam et demeure plus de 50\u00a0ans plus tard un symbole de ses horreurs.<\/p>\n<p class=\"asset asset-text\">Le photographe am\u00e9ricano-vietnamien de l\u2019agence de presse am\u00e9ricaine Associated Press (AP), Huynh Cong Ut, plus connu sous le nom de Nick Ut, avait re\u00e7u un prix Pulitzer et un prix World Press Photo, en 1973, pour cette image embl\u00e9matique.<\/p>\n<p> La lecture de ce contenu est susceptible d\u2019entra\u00eener un d\u00e9p\u00f4t de cookies de la part de l\u2019op\u00e9rateur tiers qui l\u2019h\u00e9berge. Compte-tenu des choix que vous avez exprim\u00e9s en mati\u00e8re de d\u00e9p\u00f4t de cookies, nous avons bloqu\u00e9 l\u2019affichage de ce contenu. Si vous souhaitez y acc\u00e9der, vous devez accepter la cat\u00e9gorie de cookies \u201cContenus tiers\u201d en cliquant sur le bouton ci-dessous. <\/p>\n<p> Lire la Vid\u00e9o        <\/p>\n<p class=\"asset asset-text\">Mais en janvier, un documentaire intitul\u00e9 The Stringer a attribu\u00e9 la photo \u00e0 un journaliste pigiste vietnamien, Nguyen Thanh Nghe, interview\u00e9 dans le film.<\/p>\n<p class=\"asset asset-text\">Le documentaire \u00ab\u00a0a suscit\u00e9 une profonde r\u00e9flexion au sein de World Press Photo\u00a0\u00bb, a indiqu\u00e9 le concours dans un communiqu\u00e9 publi\u00e9 ce vendredi. \u00c0 l\u2019issue de sa propre enqu\u00eate men\u00e9e entre janvier et mai, World Press Photo a d\u00e9cid\u00e9 de \u00ab\u00a0suspendre l\u2019attribution de \u201cThe Terror of War\u201d (\u201cLa petite fille au\u00a0napalm\u201d) \u00e0 Nick Ut\u00a0\u00bb.<\/p>\n<p>    AP continuera de cr\u00e9diter Nick Ut    <\/p>\n<p class=\"asset asset-text\">\u00ab\u00a0D\u2019apr\u00e8s l\u2019analyse du lieu, de la distance et de l\u2019appareil photo utilis\u00e9 ce jour-l\u00e0, les photographes Nguyen Thanh Nghe ou Huynh Cong Phuc \u00e9taient peut-\u00eatre mieux plac\u00e9s que Nick Ut pour prendre la photo\u00a0\u00bb, a expliqu\u00e9 le concours.<\/p>\n<p class=\"asset asset-text\">AP a annonc\u00e9 d\u00e9but mai qu\u2019elle continuerait de cr\u00e9diter Nick Ut pour la photo, tout en conc\u00e9dant que sa propre enqu\u00eate avait soulev\u00e9 \u00ab\u00a0des questions importantes, auxquelles nous ne pourrons peut-\u00eatre jamais r\u00e9pondre\u00a0\u00bb. \u00ab\u00a0Nous avons constat\u00e9 qu\u2019il est impossible de prouver exactement ce qui s\u2019est pass\u00e9 ce jour-l\u00e0, sur la route ou au bureau, il y a plus de 50\u00a0ans\u00a0\u00bb, a d\u00e9clar\u00e9 AP dans un communiqu\u00e9 ce vendredi.<\/p>\n<p class=\"asset asset-text\">Dans un message publi\u00e9 sur Facebook en f\u00e9vrier, Nick Ut a insist\u00e9 sur le fait que l\u2019image \u00e9tait bien la sienne.<\/p>\n<p class=\"asset asset-text\">La petite fille au\u00a0napalm, Kim Phuc Phan Thi, a surv\u00e9cu \u00e0 ses blessures et a ensuite quitt\u00e9 son pays pour le Canada, dont elle a acquis la nationalit\u00e9.<\/p>\n<p class=\"asset asset-text\">World Press Photo a insist\u00e9 sur le fait que l\u2019authenticit\u00e9 de la photo n\u2019\u00e9tait absolument pas remise en cause, ni le prix d\u00e9cern\u00e9. \u00ab\u00a0Il est important de pr\u00e9ciser que la photo elle-m\u00eame est incontest\u00e9e et qu\u2019elle repr\u00e9sente sans aucun doute un moment historique r\u00e9el qui continue de r\u00e9sonner au Vietnam, aux \u00c9tats-Unis et dans le monde entier\u00a0\u00bb, a d\u00e9clar\u00e9 Joumana El Zein Khoury, directrice ex\u00e9cutive du concours.<\/p>\n<p class=\"asset asset-text\">Quant \u00e0 l\u2019identit\u00e9 de l\u2019auteur de la photo, elle ne sera peut-\u00eatre jamais \u00e9tablie avec certitude, selon le World Press Photo.<\/p>\n<p class=\"asset asset-text\"><strong>\u00c0 voir \u00e9galement sur Le HuffPost\u00a0:<\/strong><\/p>\n<p> La lecture de ce contenu est susceptible d\u2019entra\u00eener un d\u00e9p\u00f4t de cookies de la part de l\u2019op\u00e9rateur tiers qui l\u2019h\u00e9berge. Compte-tenu des choix que vous avez exprim\u00e9s en mati\u00e8re de d\u00e9p\u00f4t de cookies, nous avons bloqu\u00e9 l\u2019affichage de ce contenu. Si vous souhaitez y acc\u00e9der, vous devez accepter la cat\u00e9gorie de cookies \u201cContenus tiers\u201d en cliquant sur le bouton ci-dessous. <\/p>\n<p> Lire la Vid\u00e9o                <\/p>\n","protected":false},"excerpt":{"rendered":"ROBIN VAN LONKHUIJSEN \/ AFP Kim Phuc, survivante de la guerre du Vietnam, se tenant devant la photo&hellip;\n","protected":false},"author":2,"featured_media":105014,"comment_status":"","ping_status":"","sticky":false,"template":"","format":"standard","meta":{"footnotes":""},"categories":[1358],"tags":[1348,1384,1385,1386,58,59,1011,27,14,2745,20528,951],"class_list":{"0":"post-105013","1":"post","2":"type-post","3":"status-publish","4":"format-standard","5":"has-post-thumbnail","7":"category-arts-et-design","8":"tag-arts","9":"tag-arts-and-design","10":"tag-arts-et-design","11":"tag-design","12":"tag-divertissement","13":"tag-entertainment","14":"tag-fr","15":"tag-france","16":"tag-international","17":"tag-photo","18":"tag-photographe","19":"tag-vietnam"},"share_on_mastodon":{"url":"https:\/\/pubeurope.com\/@fr\/114518851634696813","error":""},"_links":{"self":[{"href":"https:\/\/www.europesays.com\/fr\/wp-json\/wp\/v2\/posts\/105013","targetHints":{"allow":["GET"]}}],"collection":[{"href":"https:\/\/www.europesays.com\/fr\/wp-json\/wp\/v2\/posts"}],"about":[{"href":"https:\/\/www.europesays.com\/fr\/wp-json\/wp\/v2\/types\/post"}],"author":[{"embeddable":true,"href":"https:\/\/www.europesays.com\/fr\/wp-json\/wp\/v2\/users\/2"}],"replies":[{"embeddable":true,"href":"https:\/\/www.europesays.com\/fr\/wp-json\/wp\/v2\/comments?post=105013"}],"version-history":[{"count":0,"href":"https:\/\/www.europesays.com\/fr\/wp-json\/wp\/v2\/posts\/105013\/revisions"}],"wp:featuredmedia":[{"embeddable":true,"href":"https:\/\/www.europesays.com\/fr\/wp-json\/wp\/v2\/media\/105014"}],"wp:attachment":[{"href":"https:\/\/www.europesays.com\/fr\/wp-json\/wp\/v2\/media?parent=105013"}],"wp:term":[{"taxonomy":"category","embeddable":true,"href":"https:\/\/www.europesays.com\/fr\/wp-json\/wp\/v2\/categories?post=105013"},{"taxonomy":"post_tag","embeddable":true,"href":"https:\/\/www.europesays.com\/fr\/wp-json\/wp\/v2\/tags?post=105013"}],"curies":[{"name":"wp","href":"https:\/\/api.w.org\/{rel}","templated":true}]}}