{"id":105017,"date":"2025-05-16T18:09:17","date_gmt":"2025-05-16T18:09:17","guid":{"rendered":"https:\/\/www.europesays.com\/fr\/105017\/"},"modified":"2025-05-16T18:09:17","modified_gmt":"2025-05-16T18:09:17","slug":"demain-nous-appartient-du-vendredi-16-mai-2025-episode-1945-tf1","status":"publish","type":"post","link":"https:\/\/www.europesays.com\/fr\/105017\/","title":{"rendered":"Demain nous appartient du vendredi 16 mai 2025 &#8211; Episode 1945 &#8211; TF1+"},"content":{"rendered":"<ol>\n<li><a href=\"https:\/\/news.google.com\/rss\/articles\/CBMixAFBVV95cUxPMDlYVEtJVUo3cGtobWx1emhrQm85VjR6LVlfYWhsUGtRemhZcVNJUnRqQzNTaXMydkhUSHU1MGoyNkFIVW5Xc1ZoWWRabVRxTGhsSTBxR0tkOV9sTk1uaHFnVDRKU3NQSk5FR1lPZ0xTWGMzOHBMZlZRTlA1SUNXOHZteG5WeU1GZGhNRFJPV1ZydHUyU0lQRVNIOEdZQzllMVNWRTJpYlNZX2NPSkFGbmVWVWotM2FqZndwanQ3SmNZemYt?oc=5\" target=\"_blank\" rel=\"noopener\">Demain nous appartient du vendredi 16 mai 2025 &#8211; Episode 1945<\/a>&nbsp;&nbsp;TF1+<\/li>\n<li><a href=\"https:\/\/news.google.com\/rss\/articles\/CBMinwJBVV95cUxNajgtOWdzMDhwMklUY3VXWU9TZDBTZFYza1Q0OE1xcEpoWDhDUGlJMTJjVUNnZkRBSENsZEpwajhuMkpya0xuaHhGUmxHX1pWdFVtcUxYWHQ3bmxxbm1yX2pSNThqRW83YThHdTRYUFhOUWcwQ202Z0RUbUZvWFItb1JYSEtTYXlESkZhVm9VMmlUajUzSUppZFkxTmF2aTRRVi1SaGRZOWIyNW9KQ19id0lTWndZaG96UFJabU1QeFV5azROazNfbUh4VHYyaVUtanBHR1hQWGpKLW5IbDJfb085QnpwSVF4d1BpUWFqemM1ZFJ3Nnhha2t3Uml0a256MTRqSnRrQzJyRm9vQmg3dGdkSllBUmtYLTFnQzh1WQ?oc=5\" target=\"_blank\" rel=\"noopener\">Demain nous appartient en avance : Damien sur le point d&rsquo;\u00eatre enlev\u00e9, Rayane rompt avec Jimmy&#8230; Le r\u00e9sum\u00e9 de l&rsquo;\u00e9pisode 1945 du vendredi 16 mai 2025<\/a>&nbsp;&nbsp;programme-tv.net<\/li>\n<li><a href=\"https:\/\/news.google.com\/rss\/articles\/CBMifkFVX3lxTFBkRUkwQ05JaWtDNVctMFNpQ1ZNTVNTU2pGZGFFRXhNaUJsQ0tyMllKMUlqSzhhaXVNaC0tNHB5blpLMFhfTnhIM242bWdPd09XSHo0eElUVnNvNUpxU2R0UUJyNXVNdFlYdm5FOHFHeTBjVmZTQ3l1dFI5WXp3dw?oc=5\" target=\"_blank\" rel=\"noopener\">Demain nous appartient : ce personnage phare dispara\u00eet !<\/a>&nbsp;&nbsp;AlloCin\u00e9<\/li>\n<li><a href=\"https:\/\/news.google.com\/rss\/articles\/CBMi5AFBVV95cUxQRC1JOUVTTFE4VGtSdEFhSEpXNFg0NV95ZXd5NVE2aFlkc25sT0t4OVJwZmN5TFdHMld2X1VaeFotSWtPQTlFQ21qbDFncUhYckppQlJScDNJUDNIR2V1TklkNHhCR2sxWEZJa25zUnEtbFJOM29sQWQ4RjlrS1B5d2tvWW9SZW0xcU82WHNFREJBcXhOZHhJSGw3aHFaWUxsSlE5bFp3Qng4T050Qnd2WnJtQno5cmpHUjkzV3lBZVJMSzhnUUF4OG1FNzZvTnYyOTNDUkNBbzg2bzZmZkFYNjJzeks?oc=5\" target=\"_blank\" rel=\"noopener\">Demain nous appartient 16 mai 2025 [CRITIQUE \u2013 \u00e9pisode 1945] : Marianne fait une proposition inattendue \u00e0 Marine<\/a>&nbsp;&nbsp;Nouveaut\u00e9s-T\u00e9l\u00e9.com<\/li>\n<li><a href=\"https:\/\/news.google.com\/rss\/articles\/CBMi_wFBVV95cUxOVmdId0lGSDdGU2lEZm5ZWHpUalRGb29aSnZWZEZNMmYtTllLejIxYnpvd1psNkthaGRublRCem13WVpHaUtoRG1ueDVFSTJYQkJTekJ6b0hMTTc1WUtEZTVrZHc2UkhfMGJvQVZ6eUszazNzWUpyMm9jR0plTllLTHp6bFVqVWRxMzlIckVac1J1TGtSYWNTOWJCUnE5T011VlRXY2tmdmFfUjZTT1BfLXc2R0tSWkI3VDRPeEpRUGhYcHc2dWNWdWpCdjhyMnQ0Q0xxYWcxaXJpTXRaRUdvMEhIclZ4aVJ3dFd1MXdLMzhrQ0VMVFlUTDEwa2xMb1U?oc=5\" target=\"_blank\" rel=\"noopener\">Demain nous appartient : \u00ab\u00a0Il va falloir que tu prennes une d\u00e9cision\u2026\u00a0\u00bb Le r\u00e9sum\u00e9 du 16 mai (SPOILERS)<\/a>&nbsp;&nbsp;T\u00e9l\u00e9 7 Jours<\/li>\n<\/ol>\n","protected":false},"excerpt":{"rendered":"Demain nous appartient du vendredi 16 mai 2025 &#8211; Episode 1945&nbsp;&nbsp;TF1+ Demain nous appartient en avance : Damien&hellip;\n","protected":false},"author":2,"featured_media":105018,"comment_status":"","ping_status":"","sticky":false,"template":"","format":"standard","meta":{"footnotes":""},"categories":[1356],"tags":[3598,4090,58,59,1365,4089,1011,27,4092,252,1364,4091,4093],"class_list":{"0":"post-105017","1":"post","2":"type-post","3":"status-publish","4":"format-standard","5":"has-post-thumbnail","7":"category-television","8":"tag-demain-nous-appartient","9":"tag-demain-nous-appartient-episode","10":"tag-divertissement","11":"tag-entertainment","12":"tag-episode","13":"tag-episode-demain-nous-appartient","14":"tag-fr","15":"tag-france","16":"tag-streaming-demain-nous-appartient","17":"tag-television","18":"tag-tv","19":"tag-video-demain-nous-appartient","20":"tag-video-en-streaming-demain-nous-appartient"},"share_on_mastodon":{"url":"","error":""},"_links":{"self":[{"href":"https:\/\/www.europesays.com\/fr\/wp-json\/wp\/v2\/posts\/105017","targetHints":{"allow":["GET"]}}],"collection":[{"href":"https:\/\/www.europesays.com\/fr\/wp-json\/wp\/v2\/posts"}],"about":[{"href":"https:\/\/www.europesays.com\/fr\/wp-json\/wp\/v2\/types\/post"}],"author":[{"embeddable":true,"href":"https:\/\/www.europesays.com\/fr\/wp-json\/wp\/v2\/users\/2"}],"replies":[{"embeddable":true,"href":"https:\/\/www.europesays.com\/fr\/wp-json\/wp\/v2\/comments?post=105017"}],"version-history":[{"count":0,"href":"https:\/\/www.europesays.com\/fr\/wp-json\/wp\/v2\/posts\/105017\/revisions"}],"wp:featuredmedia":[{"embeddable":true,"href":"https:\/\/www.europesays.com\/fr\/wp-json\/wp\/v2\/media\/105018"}],"wp:attachment":[{"href":"https:\/\/www.europesays.com\/fr\/wp-json\/wp\/v2\/media?parent=105017"}],"wp:term":[{"taxonomy":"category","embeddable":true,"href":"https:\/\/www.europesays.com\/fr\/wp-json\/wp\/v2\/categories?post=105017"},{"taxonomy":"post_tag","embeddable":true,"href":"https:\/\/www.europesays.com\/fr\/wp-json\/wp\/v2\/tags?post=105017"}],"curies":[{"name":"wp","href":"https:\/\/api.w.org\/{rel}","templated":true}]}}