{"id":1050225,"date":"2026-07-07T23:45:28","date_gmt":"2026-07-07T23:45:28","guid":{"rendered":"https:\/\/www.europesays.com\/fr\/1050225\/"},"modified":"2026-07-07T23:45:28","modified_gmt":"2026-07-07T23:45:28","slug":"la-bourse-de-paris-finit-emportee-par-les-doutes-sur-les-semi-conducteurs","status":"publish","type":"post","link":"https:\/\/www.europesays.com\/fr\/1050225\/","title":{"rendered":"La Bourse de Paris finit emport\u00e9e par les doutes sur les semi-conducteurs"},"content":{"rendered":"<p>    <a href=\"https:\/\/s.yimg.com\/lo\/mysterio\/api\/B466927812157B87B2C419068CDE05B1D1915E3FAEAC13D81BF09E8D0CEDBAF7\/subgraphmysterio\/resizefit_w960;quality_80;format_webp\/https:%2F%2Fmedia.zenfs.com%2Ffr%2Fafp.fr%2F57c5d35ea93b6a4648354b67e4b42730\" target=\"_blank\" rel=\"noopener noreferrer nofollow\"><img loading=\"lazy\" decoding=\"async\" src=\"data:image\/gif;base64,R0lGODlhAQABAIAAAAAAAP\/\/\/ywAAAAAAQABAAACAUwAOw==\" height=\"458\" width=\"768\" class=\"yf-lglytj loader\"\/><\/a> La salle de contr\u00f4le d&rsquo;Euronext, soci\u00e9t\u00e9 qui g\u00e8re la Bourse de Paris (ERIC PIERMONT)           <\/p>\n<p class=\"text text-block paragraph text-left neo-font-paragraph-xl-reg  yf-18d6y07\" style=\"text-decoration: none; font-style: normal; text-transform: none; text-align: inherit; font-variant-numeric: normal;\">La Bourse de Paris a termin\u00e9 en petite baisse mardi, prise par les doutes croissants autour des valorisations colossales des valeurs li\u00e9es \u00e0 l&rsquo;intelligence artificielle, emportant tous les titres li\u00e9s au secteur.  <\/p>\n<p class=\"text text-block paragraph text-left neo-font-paragraph-xl-reg  yf-18d6y07\" style=\"text-decoration: none; font-style: normal; text-transform: none; text-align: inherit; font-variant-numeric: normal;\">Le CAC 40 a termin\u00e9 en baisse de 0,51% \u00e0 8.436,24 points. La veille, l&rsquo;indice des 40 plus grandes valeurs fran\u00e7aises avait recul\u00e9 de 0,33% \u00e0 8.479,87 points.  <\/p>\n<p class=\"text text-block paragraph text-left neo-font-paragraph-xl-reg  yf-18d6y07\" style=\"text-decoration: none; font-style: normal; text-transform: none; text-align: inherit; font-variant-numeric: normal;\">Les deux sp\u00e9cialistes des semi-conducteurs STMicroelectronics (-7,99% \u00e0 58,30 euros) et Soitec (-17,09% \u00e0 98,16 euros), ont perdu pied.  <\/p>\n<p class=\"text text-block paragraph text-left neo-font-paragraph-xl-reg  yf-18d6y07\" style=\"text-decoration: none; font-style: normal; text-transform: none; text-align: inherit; font-variant-numeric: normal;\">\u00ab\u00a0On reste dans un environnement o\u00f9 on se pose des questions sur le secteur\u00a0\u00bb, rappelle Gr\u00e9goire Kounowski, conseiller en investissement chez Norman K.  <\/p>\n<p class=\"text text-block paragraph text-left neo-font-paragraph-xl-reg  yf-18d6y07\" style=\"text-decoration: none; font-style: normal; text-transform: none; text-align: inherit; font-variant-numeric: normal;\">Les semi-conducteurs et autres valeurs li\u00e9es \u00e0 l&rsquo;intelligence artificielle, moteurs des march\u00e9s depuis le d\u00e9but de l&rsquo;ann\u00e9e, sont en effet en proie depuis plusieurs semaines aux doutes croissants des investisseurs sur la valorisation gigantesque de certaines entreprises et sur la rentabilit\u00e9 des investissements massifs dans l&rsquo;IA.  <\/p>\n<p class=\"text text-block paragraph text-left neo-font-paragraph-xl-reg  yf-18d6y07\" style=\"text-decoration: none; font-style: normal; text-transform: none; text-align: inherit; font-variant-numeric: normal;\">L&rsquo;\u00e9l\u00e9ment d\u00e9clencheur a \u00e9t\u00e9 cette fois-ci la publication des r\u00e9sultats pr\u00e9liminaires du g\u00e9ant Samsung Electronics, qui ont \u00e9chou\u00e9 \u00e0 rassurer, en d\u00e9pit de performances spectaculaires. Le titre de l&rsquo;entreprise a chut\u00e9 \u00e0 S\u00e9oul (-6,92%).  <\/p>\n<p class=\"text text-block paragraph text-left neo-font-paragraph-xl-reg  yf-18d6y07\" style=\"text-decoration: none; font-style: normal; text-transform: none; text-align: inherit; font-variant-numeric: normal;\">\u00ab\u00a0C&rsquo;est pour l&rsquo;instant un essoufflement\u00a0\u00bb, estime Isabelle de Gavoty, responsable actions Europe pour Allianz GI.  <\/p>\n<p class=\"text text-block paragraph text-left neo-font-paragraph-xl-reg  yf-18d6y07\" style=\"text-decoration: none; font-style: normal; text-transform: none; text-align: inherit; font-variant-numeric: normal;\">\u00ab\u00a0Pour aller plus loin sur la tech, les investisseurs attendent des preuves, de nouveaux upgrades dans les r\u00e9sultats du second semestre\u00a0\u00bb, poursuit-elle.  <\/p>\n<p class=\"text text-block paragraph text-left neo-font-paragraph-xl-reg  yf-18d6y07\" style=\"text-decoration: none; font-style: normal; text-transform: none; text-align: inherit; font-variant-numeric: normal;\">A Paris, les entreprises sp\u00e9cialis\u00e9es dans les infrastructures \u00e9lectriques, qui profitent de l&rsquo;essor des centres de donn\u00e9es, ont \u00e9galement perdu du terrain: Schneider Electric a termin\u00e9 en baisse de 3,72%, \u00e0 268 euros.  <\/p>\n<p class=\"text text-block paragraph text-left neo-font-paragraph-xl-reg  yf-18d6y07\" style=\"text-decoration: none; font-style: normal; text-transform: none; text-align: inherit; font-variant-numeric: normal;\">&#8211; Les valeurs traditionnelles pl\u00e9biscit\u00e9es &#8211;  <\/p>\n<p class=\"text text-block paragraph text-left neo-font-paragraph-xl-reg  yf-18d6y07\" style=\"text-decoration: none; font-style: normal; text-transform: none; text-align: inherit; font-variant-numeric: normal;\">Isabelle de Gavoty constate par ailleurs \u00ab\u00a0un esp\u00e8ce de r\u00e9\u00e9quilibrage en faveur d&rsquo;entreprises de consommation, notamment discr\u00e9tionnaire, qui redeviennent investissables apr\u00e8s la paix au Moyen-Orient\u00a0\u00bb.  <\/p>\n<p class=\"text text-block paragraph text-left neo-font-paragraph-xl-reg  yf-18d6y07\" style=\"text-decoration: none; font-style: normal; text-transform: none; text-align: inherit; font-variant-numeric: normal;\">Danone s&rsquo;est ainsi octroy\u00e9 2,07% \u00e0 74,00 euros et Carrefour 3,71% \u00e0 16,51 euros.  <\/p>\n<p class=\"text text-block paragraph text-left neo-font-paragraph-xl-reg  yf-18d6y07\" style=\"text-decoration: none; font-style: normal; text-transform: none; text-align: inherit; font-variant-numeric: normal;\">Pernod-Ricard s&rsquo;est m\u00eame envol\u00e9 de 5,48% \u00e0 65,88 euros.  <\/p>\n<p class=\"text text-block paragraph text-left neo-font-paragraph-xl-reg  yf-18d6y07\" style=\"text-decoration: none; font-style: normal; text-transform: none; text-align: inherit; font-variant-numeric: normal;\">Le secteur du luxe s&rsquo;est aussi d\u00e9marqu\u00e9, avec L&rsquo;Or\u00e9al gagnant 2,74% \u00e0 388,35 euros, Kering terminant en hausse de 1,00% \u00e0 252,20 euros. LVMH a pris 0,90% \u00e0 495,80 euros et Herm\u00e8s 0,83% \u00e0 1.640 euros.  <\/p>\n<p class=\"text text-block paragraph text-left neo-font-paragraph-xl-reg  yf-18d6y07\" style=\"text-decoration: none; font-style: normal; text-transform: none; text-align: inherit; font-variant-numeric: normal;\">Euronext CAC40  <\/p>\n<p class=\"text text-block paragraph text-left neo-font-paragraph-xl-reg  yf-18d6y07\" style=\"text-decoration: none; font-style: normal; text-transform: none; text-align: inherit; font-variant-numeric: normal;\">emb\/hrc\/nth  <\/p>\n","protected":false},"excerpt":{"rendered":"La salle de contr\u00f4le d&rsquo;Euronext, soci\u00e9t\u00e9 qui g\u00e8re la Bourse de Paris (ERIC PIERMONT) La Bourse de Paris&hellip;\n","protected":false},"author":2,"featured_media":1050226,"comment_status":"","ping_status":"","sticky":false,"template":"","format":"standard","meta":{"footnotes":"","_share_on_mastodon":"0"},"categories":[1888],"tags":[11,398,1777,674,1011,27,90783,12,626,25,11869,107854,109072],"class_list":["post-1050225","post","type-post","status-publish","format-standard","has-post-thumbnail","category-paris","tag-actualites","tag-bourse-de-paris","tag-eu","tag-europe","tag-fr","tag-france","tag-l39intelligence-artificielle","tag-news","tag-paris","tag-republique-francaise","tag-semi-conducteurs","tag-valeurs-francaises","tag-valeurs-traditionnelles"],"share_on_mastodon":{"url":"https:\/\/pubeurope.com\/@fr\/116881360629700227","error":""},"_links":{"self":[{"href":"https:\/\/www.europesays.com\/fr\/wp-json\/wp\/v2\/posts\/1050225","targetHints":{"allow":["GET"]}}],"collection":[{"href":"https:\/\/www.europesays.com\/fr\/wp-json\/wp\/v2\/posts"}],"about":[{"href":"https:\/\/www.europesays.com\/fr\/wp-json\/wp\/v2\/types\/post"}],"author":[{"embeddable":true,"href":"https:\/\/www.europesays.com\/fr\/wp-json\/wp\/v2\/users\/2"}],"replies":[{"embeddable":true,"href":"https:\/\/www.europesays.com\/fr\/wp-json\/wp\/v2\/comments?post=1050225"}],"version-history":[{"count":0,"href":"https:\/\/www.europesays.com\/fr\/wp-json\/wp\/v2\/posts\/1050225\/revisions"}],"wp:featuredmedia":[{"embeddable":true,"href":"https:\/\/www.europesays.com\/fr\/wp-json\/wp\/v2\/media\/1050226"}],"wp:attachment":[{"href":"https:\/\/www.europesays.com\/fr\/wp-json\/wp\/v2\/media?parent=1050225"}],"wp:term":[{"taxonomy":"category","embeddable":true,"href":"https:\/\/www.europesays.com\/fr\/wp-json\/wp\/v2\/categories?post=1050225"},{"taxonomy":"post_tag","embeddable":true,"href":"https:\/\/www.europesays.com\/fr\/wp-json\/wp\/v2\/tags?post=1050225"}],"curies":[{"name":"wp","href":"https:\/\/api.w.org\/{rel}","templated":true}]}}