{"id":105041,"date":"2025-05-16T18:22:10","date_gmt":"2025-05-16T18:22:10","guid":{"rendered":"https:\/\/www.europesays.com\/fr\/105041\/"},"modified":"2025-05-16T18:22:10","modified_gmt":"2025-05-16T18:22:10","slug":"nancy-il-met-le-feu-aux-poubelles-en-pleine-nuit-une-maison-est-menacee","status":"publish","type":"post","link":"https:\/\/www.europesays.com\/fr\/105041\/","title":{"rendered":"Nancy. Il met le feu aux poubelles en pleine nuit, une maison est menac\u00e9e"},"content":{"rendered":"<p>Il avait un briquet sur lui. Ne savait visiblement pas quoi faire. Alors, il a mis le feu aux conteneurs qu\u2019il croisait sur sa route.<\/p>\n<p>Pensionnaire d\u2019un foyer \u00e0 Laxou, l\u2019adolescent a ainsi pu \u00eatre suivi \u00e0 la trace\u2026 Il suffisait de suivre les d\u00e9parts de feu\u00a0!<\/p>\n<p>Le premier a \u00e9t\u00e9 d\u00e9clench\u00e9 aux alentours de 2\u00a0h, dans la nuit de mercredi \u00e0 jeudi, par cet ado \u00e2g\u00e9 de 14 ans seulement. Un premier incendie qui aurait pu \u00eatre dramatique. En effet, les flammes ravageant le conteneur en plastique ont flirt\u00e9 dangereusement avec la fa\u00e7ade d\u2019une maison de la rue Poincar\u00e9, \u00e0 Nancy.<\/p>\n<p>Pas de quoi le retenir en chemin. Sauf que les cam\u00e9ras du Centre de surveillance urbaine parviennent \u00e0 le capter. Sa description est alors transmise \u00e0 la police nationale. Et apr\u00e8s un deuxi\u00e8me feu de poubelle, rue du Colonel-Moll, \u00e0 Laxou, c\u2019est devant les flammes du troisi\u00e8me, rue Emile-Zola, que l\u2019unit\u00e9 de police secours l\u2019interpelle alors qu\u2019il contemplait le sinistre.<\/p>\n<p>D\u00e9j\u00e0 connu des services de police pour de multiples d\u00e9lits, l\u2019ado pyromane a \u00e9t\u00e9 remis \u00e0 son foyer, affubl\u00e9 d\u2019une composition p\u00e9nale\u2026 Et a port\u00e9 la note de ses d\u00e9g\u00e2ts \u00e0 1\u00a0000\u00a0\u20ac.<\/p>\n","protected":false},"excerpt":{"rendered":"Il avait un briquet sur lui. Ne savait visiblement pas quoi faire. Alors, il a mis le feu&hellip;\n","protected":false},"author":2,"featured_media":105042,"comment_status":"","ping_status":"","sticky":false,"template":"","format":"standard","meta":{"footnotes":""},"categories":[9635],"tags":[1111,11,271,272,1704,1777,674,274,1011,27,775,1702,1703,12,25],"class_list":{"0":"post-105041","1":"post","2":"type-post","3":"status-publish","4":"format-standard","5":"has-post-thumbnail","7":"category-nancy","8":"tag-actu","9":"tag-actualites","10":"tag-crime","11":"tag-delit-et-contravention","12":"tag-edition-nancy-et-agglomeration","13":"tag-eu","14":"tag-europe","15":"tag-faits-divers-justice","16":"tag-fr","17":"tag-france","18":"tag-grand-est","19":"tag-nancy","20":"tag-nancy-ville-54b","21":"tag-news","22":"tag-republique-francaise"},"share_on_mastodon":{"url":"https:\/\/pubeurope.com\/@fr\/114518906841078502","error":""},"_links":{"self":[{"href":"https:\/\/www.europesays.com\/fr\/wp-json\/wp\/v2\/posts\/105041","targetHints":{"allow":["GET"]}}],"collection":[{"href":"https:\/\/www.europesays.com\/fr\/wp-json\/wp\/v2\/posts"}],"about":[{"href":"https:\/\/www.europesays.com\/fr\/wp-json\/wp\/v2\/types\/post"}],"author":[{"embeddable":true,"href":"https:\/\/www.europesays.com\/fr\/wp-json\/wp\/v2\/users\/2"}],"replies":[{"embeddable":true,"href":"https:\/\/www.europesays.com\/fr\/wp-json\/wp\/v2\/comments?post=105041"}],"version-history":[{"count":0,"href":"https:\/\/www.europesays.com\/fr\/wp-json\/wp\/v2\/posts\/105041\/revisions"}],"wp:featuredmedia":[{"embeddable":true,"href":"https:\/\/www.europesays.com\/fr\/wp-json\/wp\/v2\/media\/105042"}],"wp:attachment":[{"href":"https:\/\/www.europesays.com\/fr\/wp-json\/wp\/v2\/media?parent=105041"}],"wp:term":[{"taxonomy":"category","embeddable":true,"href":"https:\/\/www.europesays.com\/fr\/wp-json\/wp\/v2\/categories?post=105041"},{"taxonomy":"post_tag","embeddable":true,"href":"https:\/\/www.europesays.com\/fr\/wp-json\/wp\/v2\/tags?post=105041"}],"curies":[{"name":"wp","href":"https:\/\/api.w.org\/{rel}","templated":true}]}}