{"id":105046,"date":"2025-05-16T18:25:10","date_gmt":"2025-05-16T18:25:10","guid":{"rendered":"https:\/\/www.europesays.com\/fr\/105046\/"},"modified":"2025-05-16T18:25:10","modified_gmt":"2025-05-16T18:25:10","slug":"un-homme-heurte-par-sa-voiture","status":"publish","type":"post","link":"https:\/\/www.europesays.com\/fr\/105046\/","title":{"rendered":"un homme heurt\u00e9 par sa voiture"},"content":{"rendered":"<p>Il voulait cueillir des fleurs d\u2019acacia mais a oubli\u00e9 de serrer le frein \u00e0 main.<\/p>\n<p>Vendredi, les sapeurs-pompiers ont \u00e9t\u00e9 engag\u00e9s vers 19 heures apr\u00e8s qu\u2019un homme de 85 ans a \u00e9t\u00e9 heurt\u00e9 par son v\u00e9hicule route d\u2019Issy-l\u2019\u00c9v\u00eaque \u00e0 Toulon-sur-Arroux. Apr\u00e8s s\u2018\u00eatre gar\u00e9 sur le bas-c\u00f4t\u00e9, l\u2019homme a \u00e9t\u00e9 heurt\u00e9 par l\u2019habitacle de sa voiture en raison d\u2019un frein \u00e0 main mal serr\u00e9. Ce sont des t\u00e9moins qui ont appel\u00e9 les secours en voyant la voiture descendre toute seule.<\/p>\n<p>Par chance, il n\u2019a pas \u00e9t\u00e9 bless\u00e9 et n\u2019a pas n\u00e9cessit\u00e9 de transport \u00e0 l\u2019h\u00f4pital. Les gendarmes ont pris la rel\u00e8ve et se sont occup\u00e9s du v\u00e9hicule endommag\u00e9.<\/p>\n","protected":false},"excerpt":{"rendered":"Il voulait cueillir des fleurs d\u2019acacia mais a oubli\u00e9 de serrer le frein \u00e0 main. Vendredi, les sapeurs-pompiers&hellip;\n","protected":false},"author":2,"featured_media":105047,"comment_status":"","ping_status":"","sticky":false,"template":"","format":"standard","meta":{"footnotes":""},"categories":[9619],"tags":[119,1111,11,12568,1777,674,274,107,1011,27,1757,14000,12,882,25,6003,2310,13999],"class_list":{"0":"post-105046","1":"post","2":"type-post","3":"status-publish","4":"format-standard","5":"has-post-thumbnail","7":"category-toulon","8":"tag-accident","9":"tag-actu","10":"tag-actualites","11":"tag-edition-montceau-les-mines","12":"tag-eu","13":"tag-europe","14":"tag-faits-divers-justice","15":"tag-fil-info","16":"tag-fr","17":"tag-france","18":"tag-insolite","19":"tag-montceau-les-mines-bassin","20":"tag-news","21":"tag-provence-alpes-cote-dazur","22":"tag-republique-francaise","23":"tag-saone-et-loire","24":"tag-toulon","25":"tag-toulon-sur-arroux"},"share_on_mastodon":{"url":"https:\/\/pubeurope.com\/@fr\/114518918672163909","error":""},"_links":{"self":[{"href":"https:\/\/www.europesays.com\/fr\/wp-json\/wp\/v2\/posts\/105046","targetHints":{"allow":["GET"]}}],"collection":[{"href":"https:\/\/www.europesays.com\/fr\/wp-json\/wp\/v2\/posts"}],"about":[{"href":"https:\/\/www.europesays.com\/fr\/wp-json\/wp\/v2\/types\/post"}],"author":[{"embeddable":true,"href":"https:\/\/www.europesays.com\/fr\/wp-json\/wp\/v2\/users\/2"}],"replies":[{"embeddable":true,"href":"https:\/\/www.europesays.com\/fr\/wp-json\/wp\/v2\/comments?post=105046"}],"version-history":[{"count":0,"href":"https:\/\/www.europesays.com\/fr\/wp-json\/wp\/v2\/posts\/105046\/revisions"}],"wp:featuredmedia":[{"embeddable":true,"href":"https:\/\/www.europesays.com\/fr\/wp-json\/wp\/v2\/media\/105047"}],"wp:attachment":[{"href":"https:\/\/www.europesays.com\/fr\/wp-json\/wp\/v2\/media?parent=105046"}],"wp:term":[{"taxonomy":"category","embeddable":true,"href":"https:\/\/www.europesays.com\/fr\/wp-json\/wp\/v2\/categories?post=105046"},{"taxonomy":"post_tag","embeddable":true,"href":"https:\/\/www.europesays.com\/fr\/wp-json\/wp\/v2\/tags?post=105046"}],"curies":[{"name":"wp","href":"https:\/\/api.w.org\/{rel}","templated":true}]}}