{"id":1050479,"date":"2026-07-08T02:57:32","date_gmt":"2026-07-08T02:57:32","guid":{"rendered":"https:\/\/www.europesays.com\/fr\/1050479\/"},"modified":"2026-07-08T02:57:32","modified_gmt":"2026-07-08T02:57:32","slug":"saint-etienne-signe-un-partenariat-pour-renover-ses-ecoles-2","status":"publish","type":"post","link":"https:\/\/www.europesays.com\/fr\/1050479\/","title":{"rendered":"Saint-\u00c9tienne signe un partenariat pour r\u00e9nover ses \u00e9coles"},"content":{"rendered":"<p><img loading=\"lazy\" decoding=\"async\" alt=\"Saint-\u00c9tienne et la Banque des Territoires s'unissent pour moderniser les \u00e9coles face au climat avec le programme EduR\u00e9nov. - \u00a9 Nahim Idir\" data-zoom-src=\"https:\/\/www.europesays.com\/fr\/wp-content\/uploads\/2026\/07\/initial-signature-banque-des-territoires-ville-saint-etienne-ecole-edurenov.jpg\" data-zoomable=\"\" height=\"702\" src=\"https:\/\/www.europesays.com\/fr\/wp-content\/uploads\/2026\/07\/initial-signature-banque-des-territoires-ville-saint-etienne-ecole-edurenov.jpg\" width=\"1248\"\/>  <\/p>\n<p class=\"article-desc\">Saint-\u00c9tienne et la Banque des Territoires s&rsquo;unissent pour moderniser les \u00e9coles face au climat avec le programme EduR\u00e9nov. &#8211; \u00a9 Nahim Idir <\/p>\n<p>La Ville de Saint-\u00c9tienne franchit une \u00e9tape suppl\u00e9mentaire dans <strong>la transition \u00e9cologique<\/strong> et la r\u00e9novation de ses <strong>\u00e9coles <\/strong>en int\u00e9grant <strong>le programme \u00c9duR\u00e9nov<\/strong>, qui vise \u00e0 faciliter la r\u00e9novation des b\u00e2timents scolaires. <\/p>\n<p>Pilot\u00e9 par la Banque des territoires, le programme EduR\u00e9nov ambitionne <strong>10 000 r\u00e9novations d\u2019\u00e9coles<\/strong> \u00e0 l\u2019horizon 2028. \u00c0 ce jour, 7 300 \u00e9tablissements ont d\u00e9j\u00e0 \u00e9t\u00e9 retenus dans le cadre de ce dispositif national.<\/p>\n<p>  70 millions d\u2019euros de travaux pr\u00e9vus sous le mandat Juanico pour les \u00e9coles <\/p>\n<p>La Banque des Territoires accompagnera la Ville de Saint-Etienne dans son programme de r\u00e9novation. Une premi\u00e8re enveloppe de <strong>100 000 euros<\/strong> financera <strong>les \u00e9tudes pr\u00e9alables<\/strong>, avec un appui en ing\u00e9nierie, en expertise et en financement. Ce soutien passera par le <strong>Pr\u00eat transformation \u00e9cologique<\/strong>, qui accompagne les collectivit\u00e9s dans leurs projets de r\u00e9novation \u00e9nerg\u00e9tique. \u00c0 la cl\u00e9 : un financement de longue dur\u00e9e, des taux avantageux et des conditions adapt\u00e9es aux projets. Si cet accompagnement est le premier sur ce secteur, la Banque des Territoires est impliqu\u00e9e depuis de nombreuses ann\u00e9es sur des actions d&rsquo;accompagnement avec la Ville de Saint-\u00c9tienne.<\/p>\n<p>Comme le rappelle <a href=\"https:\/\/mesinfos.fr\/42000-saint-etienne\/regis-juanico-elu-president-de-l-etablissement-public-d-amenagement-de-saint-etienne-333626.html\" rel=\"noopener nofollow\" target=\"_blank\">R\u00e9gis Juanico<\/a>,<strong> maire de Saint-\u00c9tienne<\/strong> : \u00ab\u00a0Souvent construits il y a plusieurs d\u00e9cennies, les \u00e9tablissements scolaires doivent aujourd&rsquo;hui r\u00e9pondre \u00e0 un double d\u00e9fi : r\u00e9duire leur consommation \u00e9nerg\u00e9tique tout en offrant de meilleures conditions d&rsquo;accueil.\u00a0\u00bb Une enveloppe de 70 millions d\u2019euros de travaux sera consacr\u00e9 \u00e0 la r\u00e9novaton des \u00e9coles sur ce mandat. <\/p>\n<p><a href=\"https:\/\/mesinfos.fr\/42000-saint-etienne\/saint-etienne-46-ecoles-renovees-durant-l-ete-pour-six-millions-d-euros-205742.html\" rel=\"noopener nofollow\" target=\"_blank\">Entre 2014 et 2026<\/a>, 60 millions d\u2019euros de travaux avaient d\u00e9j\u00e0 \u00e9t\u00e9 effectu\u00e9s par la pr\u00e9c\u00e9dente municipalit\u00e9, dont une r\u00e9habilitation pour le groupe scolaire Centre Deux, \u00e0 hauteur de neuf millions d&rsquo;euros. <\/p>\n<p>Le programme \u00c9duR\u00e9nov a d\u00e9j\u00e0 permis \u00e0 la commune de Lorette de r\u00e9nover deux \u00e9coles. Un an apr\u00e8s la fin des travaux, d\u2019un montant de <strong>trois millions d\u2019euros<\/strong>, financ\u00e9s \u00e0 hauteur de 1,2 million d\u2019euros par la Banque des territoires, le maire, Luc Fran\u00e7ois, affirme que ces travaux ont permis de r\u00e9duire de <strong>47 % <\/strong>la consommation d&rsquo;\u00e9lectricit\u00e9 en kilowattheures.<\/p>\n","protected":false},"excerpt":{"rendered":"Saint-\u00c9tienne et la Banque des Territoires s&rsquo;unissent pour moderniser les \u00e9coles face au climat avec le programme EduR\u00e9nov.&hellip;\n","protected":false},"author":2,"featured_media":1049465,"comment_status":"","ping_status":"","sticky":false,"template":"","format":"standard","meta":{"footnotes":"","_share_on_mastodon":"0"},"categories":[9653],"tags":[1111,11,2430,6698,1777,674,1011,27,88283,12,25,24593,77887,4001,18108,15880],"class_list":["post-1050479","post","type-post","status-publish","format-standard","has-post-thumbnail","category-saint-etienne","tag-actu","tag-actualites","tag-auvergne-rhone-alpes","tag-canicule","tag-eu","tag-europe","tag-fr","tag-france","tag-juanico","tag-news","tag-republique-francaise","tag-ru00e9novation","tag-ru00e9novation-u00e9nergu00e9tique","tag-saint-etienne","tag-u00c9coles","tag-ville-de-saint-etienne"],"share_on_mastodon":{"url":"https:\/\/pubeurope.com\/@fr\/116882116871846197","error":""},"_links":{"self":[{"href":"https:\/\/www.europesays.com\/fr\/wp-json\/wp\/v2\/posts\/1050479","targetHints":{"allow":["GET"]}}],"collection":[{"href":"https:\/\/www.europesays.com\/fr\/wp-json\/wp\/v2\/posts"}],"about":[{"href":"https:\/\/www.europesays.com\/fr\/wp-json\/wp\/v2\/types\/post"}],"author":[{"embeddable":true,"href":"https:\/\/www.europesays.com\/fr\/wp-json\/wp\/v2\/users\/2"}],"replies":[{"embeddable":true,"href":"https:\/\/www.europesays.com\/fr\/wp-json\/wp\/v2\/comments?post=1050479"}],"version-history":[{"count":0,"href":"https:\/\/www.europesays.com\/fr\/wp-json\/wp\/v2\/posts\/1050479\/revisions"}],"wp:featuredmedia":[{"embeddable":true,"href":"https:\/\/www.europesays.com\/fr\/wp-json\/wp\/v2\/media\/1049465"}],"wp:attachment":[{"href":"https:\/\/www.europesays.com\/fr\/wp-json\/wp\/v2\/media?parent=1050479"}],"wp:term":[{"taxonomy":"category","embeddable":true,"href":"https:\/\/www.europesays.com\/fr\/wp-json\/wp\/v2\/categories?post=1050479"},{"taxonomy":"post_tag","embeddable":true,"href":"https:\/\/www.europesays.com\/fr\/wp-json\/wp\/v2\/tags?post=1050479"}],"curies":[{"name":"wp","href":"https:\/\/api.w.org\/{rel}","templated":true}]}}