{"id":105048,"date":"2025-05-16T18:26:08","date_gmt":"2025-05-16T18:26:08","guid":{"rendered":"https:\/\/www.europesays.com\/fr\/105048\/"},"modified":"2025-05-16T18:26:08","modified_gmt":"2025-05-16T18:26:08","slug":"la-conservatrice-du-musee-fabre-prend-la-direction-du-musee-pierre-soulages-a-rodez","status":"publish","type":"post","link":"https:\/\/www.europesays.com\/fr\/105048\/","title":{"rendered":"la conservatrice du Mus\u00e9e Fabre prend la direction du Mus\u00e9e Pierre Soulages \u00e0 Rodez"},"content":{"rendered":"<p>            Par<br \/>\n        <strong><br \/>\n            <a href=\"https:\/\/actu.fr\/auteur\/metropoop\" title=\"Consulter tous les articles de R\u00e9daction M\u00e9tropolitain\" target=\"_blank\" rel=\"noopener\">R\u00e9daction M\u00e9tropolitain<\/a><br \/>\n        <\/strong><\/p>\n<p>        Publi\u00e9 le<\/p>\n<p>            16 mai 2025 \u00e0 18h23        <\/p>\n<p>C\u2019est le <strong>Mus\u00e9e Pierre Soulages<\/strong> de Rodez, dans l\u2019Aveyron, qui r\u00e9v\u00e8le l\u2019information, ce vendredi 16 mai 2025 au soir : <strong>Maud Marron-Wojewodzki,<\/strong> l\u2019actuelle conservatrice du patrimoine, responsable des collections modernes et contemporaines et du service Multim\u00e9dia du <strong>Mus\u00e9e Fabre<\/strong>, \u00e0 <strong>Montpellier,<\/strong>\u00a0est nomm\u00e9e directrice.<\/p>\n<p class=\" wall-content\">\u00ab\u00a0Cette nomination est une fiert\u00e9 pour les \u00e9quipes du Mus\u00e9e Fabre qui travaillent aux c\u00f4t\u00e9s de Maud Marron-Wojewodzki depuis septembre 2019, sur les grandes expositions consacr\u00e9es \u00e0 Germaine Richier, Toni Grand ou Pierre Soulages.\u00a0Apr\u00e8s un premier cycle d\u2019\u00e9tudes sur l\u2019Art du XXe si\u00e8cle \u00e0 l\u2019Ecole du Louvre, Maud Marron-Wojewodzki obtient un Master Recherche en Histoire de l\u2019art contemporain \u00e0 l\u2019Universit\u00e9 Paris IV \u2013 Ca\u2019 Foscari (Venise) et soutient son m\u00e9moire \u00ab\u00a0M\u00e9dium et image photographiques dans l\u2019\u0153uvre de Gianfranco Baruchello\u00a0\u00bb sous la direction de\u00a0Larisa Dryansky en 2015. Elle a \u00e9t\u00e9 conservatrice-stagiaire au Mus\u00e9e Cantini de Marseille et au New Orleans Museum of Art (Nouvelle-Orl\u00e9ans), dans le cadre de sa formation \u00e0 l\u2019Institut national du patrimoine avant de rejoindre le Mus\u00e9e Fabre en septembre 2019, o\u00f9 elle a \u00e9t\u00e9 commissaire ou co-commissaire d\u2019expositions majeures du mus\u00e9e Fabre :United States of Abstraction, Artistes am\u00e9ricains en France (1946-1964), 6 ao\u00fbt- 31 octobre 2021 (co-production avec le mus\u00e9e d\u2019Arts de Nantes) ;La Beaut\u00e9 en partage, 15 ans d\u2019acquisitions au mus\u00e9e Fabre, 15 d\u00e9cembre 2021- 6 mars 2022 (co-commissariat avec l\u2019ensemble des conservateurs du mus\u00e9e) ;Djamel Tatah, Le th\u00e9\u00e2tre du silence, 10 d\u00e9cembre 2022- 16 avril 2023 ; Germaine Richier, une r\u00e9trospective, 12 juillet- 5 novembre 2023 (co-production avec le Centre Pompidou) ;Toni Grand, Morceaux d\u2019une chose possible, 20 janvier- 5 mai 2024 (co-commissariat avec Olivier Keppelin) ;Pierre Soulages, La Rencontre, 28 juin 2025- 4 janvier 2026auxquels s\u2019ajoutent les projets \u00ab\u00a0au fil des collections\u00a0\u00bb,\u00a0explique\u00a0la Ville de Montpellier.<\/p>\n<p class=\" wall-content\">Ces collections ont arriv\u00e9 des milliers de visurteyrs : Saison contemporaine : Pierrette Bloch \/ Andr\u00e9-Pierre Arnal \/ St\u00e9phane Bordarier, 6 f\u00e9vrier \u2013 6 juin 2021.\u00a0Dominique Gauthier, une collection, 2 juin-28 ao\u00fbt 2022.\u00a0Christian Jaccard, une collection, 16 d\u00e9cembre 2023- 21 avril 2024.\u00a0Courbet, Manet, Bazille. Les pr\u00e9mices de l\u2019impressionnisme. Dans le cadre des 150 ans de l\u2019impressionnisme avec le mus\u00e9e d\u2019Orsay (1874-2024), 2 mars 2024 au 3 juillet 2024<br \/>Pierre Buraglio D\u2019apr\u00e8s\u2026Autour\u2026Avec\u2026Selon,\u00a0 7 d\u00e9cembre 2024 au 3 mars 2025<br \/>Dominique de Beir,\u00a0Accroc et Caract\u00e8re, 7 d\u00e9cembre 2024 au 3 mars 2025.<\/p>\n<p class=\" wall-content\">\u00ab Nous nous r\u00e9jouissons de la nomination de Maud Marron-Wojewodzki \u00e0 la direction du Mus\u00e9e Soulages \u00e0 Rodez : Maud a travaill\u00e9 depuis six ans \u00e0 la valorisation des collections d\u2019art moderne et contemporain du mus\u00e9e Fabre, notamment autour de l\u2019\u0153uvre de Soulages, avec l\u2019hommage qui lui avait \u00e9t\u00e9 rendu au mus\u00e9e en 2022 et la grande exposition qui ouvrira le 28 juin prochain. C\u2019est donc une transition naturelle pour elle, qui permettra de renforcer les partenariats entre les mus\u00e9es de Montpellier et Rodez autour de l\u2019\u0153uvre de Soulages. \u00bb, d\u00e9clare ce vendredi,\u00a0Micha\u00ebl Delafosse, maire de Montpellier et pr\u00e9sident de Montpellier M\u00e9diterran\u00e9e M\u00e9tropole. Maud Marron-Wojewodzki ne sera pas d\u00e9pays\u00e9 en restant en Occitanie, terre de culture.<\/p>\n<p class=\" wall-content\">Suivez toute l\u2019actualit\u00e9 de vos villes et m\u00e9dias favoris en vous inscrivant \u00e0 <a href=\"https:\/\/moncompte.actu.fr\" title=\"D\u00e9couvez Mon Actu\" rel=\"nofollow noopener\" data-trk=\"{&quot;cta&quot;:{&quot;action&quot;:&quot;https:\\\/\\\/moncompte.actu.fr&quot;,&quot;category&quot;:&quot;mon compte&quot;,&quot;from&quot;:&quot;article footer&quot;,&quot;name&quot;:&quot;Mon actu&quot;,&quot;type&quot;:&quot;cta&quot;}}\" target=\"_blank\">Mon Actu<\/a>.<\/p>\n","protected":false},"excerpt":{"rendered":"Par R\u00e9daction M\u00e9tropolitain Publi\u00e9 le 16 mai 2025 \u00e0 18h23 C\u2019est le Mus\u00e9e Pierre Soulages de Rodez, dans&hellip;\n","protected":false},"author":2,"featured_media":105049,"comment_status":"","ping_status":"","sticky":false,"template":"","format":"standard","meta":{"footnotes":""},"categories":[9599],"tags":[1111,11,1777,674,1349,1011,27,1652,2208,11350,12,2680,25],"class_list":{"0":"post-105048","1":"post","2":"type-post","3":"status-publish","4":"format-standard","5":"has-post-thumbnail","7":"category-montpellier","8":"tag-actu","9":"tag-actualites","10":"tag-eu","11":"tag-europe","12":"tag-expositions","13":"tag-fr","14":"tag-france","15":"tag-loisirs-culture","16":"tag-montpellier","17":"tag-musee-fabre","18":"tag-news","19":"tag-occitanie","20":"tag-republique-francaise"},"share_on_mastodon":{"url":"https:\/\/pubeurope.com\/@fr\/114518922647315052","error":""},"_links":{"self":[{"href":"https:\/\/www.europesays.com\/fr\/wp-json\/wp\/v2\/posts\/105048","targetHints":{"allow":["GET"]}}],"collection":[{"href":"https:\/\/www.europesays.com\/fr\/wp-json\/wp\/v2\/posts"}],"about":[{"href":"https:\/\/www.europesays.com\/fr\/wp-json\/wp\/v2\/types\/post"}],"author":[{"embeddable":true,"href":"https:\/\/www.europesays.com\/fr\/wp-json\/wp\/v2\/users\/2"}],"replies":[{"embeddable":true,"href":"https:\/\/www.europesays.com\/fr\/wp-json\/wp\/v2\/comments?post=105048"}],"version-history":[{"count":0,"href":"https:\/\/www.europesays.com\/fr\/wp-json\/wp\/v2\/posts\/105048\/revisions"}],"wp:featuredmedia":[{"embeddable":true,"href":"https:\/\/www.europesays.com\/fr\/wp-json\/wp\/v2\/media\/105049"}],"wp:attachment":[{"href":"https:\/\/www.europesays.com\/fr\/wp-json\/wp\/v2\/media?parent=105048"}],"wp:term":[{"taxonomy":"category","embeddable":true,"href":"https:\/\/www.europesays.com\/fr\/wp-json\/wp\/v2\/categories?post=105048"},{"taxonomy":"post_tag","embeddable":true,"href":"https:\/\/www.europesays.com\/fr\/wp-json\/wp\/v2\/tags?post=105048"}],"curies":[{"name":"wp","href":"https:\/\/api.w.org\/{rel}","templated":true}]}}