{"id":105052,"date":"2025-05-16T18:28:08","date_gmt":"2025-05-16T18:28:08","guid":{"rendered":"https:\/\/www.europesays.com\/fr\/105052\/"},"modified":"2025-05-16T18:28:08","modified_gmt":"2025-05-16T18:28:08","slug":"des-dizaines-de-foires-a-tout-sont-prevues-ce-weekend-en-seine-maritime-voici-le-programme","status":"publish","type":"post","link":"https:\/\/www.europesays.com\/fr\/105052\/","title":{"rendered":"Des dizaines de foires \u00e0 tout sont pr\u00e9vues ce weekend en Seine-Maritime : voici le programme"},"content":{"rendered":"<p>            Par<br \/>\n        <strong><br \/>\n            <a href=\"https:\/\/actu.fr\/auteur\/julien-bouteiller\" title=\"Consulter tous les articles de Julien Bouteiller\" rel=\"nofollow noopener\" target=\"_blank\">Julien Bouteiller<\/a><br \/>\n        <\/strong><\/p>\n<p>        Publi\u00e9 le<\/p>\n<p>            16 mai 2025 \u00e0 20h14        <\/p>\n<p>Il y aura de quoi faire de bonnes affaires <strong>ce weekend en Seine-Maritime<\/strong>. Des dizaines de <strong>foires \u00e0 tout<\/strong> sont pr\u00e9vues ces samedi 17 et dimanche 18 mai 2025. <strong>Vous retrouverez le programme ci-dessous.<\/strong><\/p>\n<p class=\" wall-content\">Et si vous \u00eates plut\u00f4t march\u00e9s nocturnes, on vous a concoct\u00e9 <a href=\"https:\/\/actu.fr\/loisirs-culture\/ou-et-quand-aller-sur-un-marche-nocturne-en-seine-maritime-notre-calendrier-pour-la-saison-2025_62641721.html\" rel=\"nofollow noopener\" target=\"_blank\">ce calendrier<\/a>.<\/p>\n<p>Les foires \u00e0 tout du samedi 17 mai en Seine-Maritime<\/p>\n<ul class=\" wall-content\">\n<li><strong>Darn\u00e9tal :\u00a0<\/strong>foire \u00e0 tout au profit de l\u2019association Au bonheur des chats, \u00e0 l\u2019espace culturel Henri-Savale, de 10h \u00e0 18h. Moins de 50 exposants.<\/li>\n<li><strong>Le Havre :\u00a0<\/strong>vide-greniers du Havre S\u2019port Football, au gymnase Jacques-Vasseur, de 8h \u00e0 17h. Entre 100 et 200 exposants. Entr\u00e9e \u00e0 1 euro.<\/li>\n<li><strong>Le Havre : <\/strong>grande braderie du Secours populaire, 10 all\u00e9e Georges-Politzer, de 8h30 \u00e0 16h30. Moins de 50 exposants.<\/li>\n<\/ul>\n<ul class=\" wall-content\">\n<li><strong>Mont-Saint-Aignan :\u00a0<\/strong>braderie du Secours populaire, 59 rue Louis-Pasteur, de 9h \u00e0 14h. Moins de 50 exposants.<\/li>\n<li><strong>Oissel :\u00a0<\/strong>foire \u00e0 tout sur la plaine des Landaus, rue Pierre-S\u00e9mard, de 6h \u00e0 17h. Entre 200 et 300 exposants.<\/li>\n<li><strong>Pierrecourt :\u00a0<\/strong>vide-greniers, rue principale, de 6h \u00e0 18h. Entre 50 et 100 exposants.<\/li>\n<li><strong>Saint-Valery-en-Caux :\u00a0<\/strong>foire \u00e0 tout et march\u00e9 artisanal, parc de la Gare, de 8h \u00e0 18h. Entre 50 et 100 exposants.<\/li>\n<li><strong>Yvecrique :\u00a0<\/strong>foire \u00e0 tout, salle des f\u00eates, de 8h \u00e0 18h.<\/li>\n<\/ul>\n<p>Les foires \u00e0 tout du dimanche 18 mai en Seine-Maritime<\/p>\n<ul class=\" wall-content\">\n<li><strong>Barentin :\u00a0<\/strong>foire \u00e0 tout sur le parking des Halles, carrefour de la Libert\u00e9, de 6h \u00e0 18h. Moins de 50 exposants.<\/li>\n<li><strong>Bellencombre :\u00a0<\/strong>puces auto-moto, stade de foot de la r\u00e9sidence Les Saules, de 8h \u00e0 18h. Moins de 50 exposants.<\/li>\n<li><strong>Beuzeville-la-Gu\u00e9rard :\u00a0<\/strong>foire \u00e0 tout \u00e0 l\u2019\u00e9cole Graine de lin, de 8h \u00e0 18h. Moins de 50 exposants.<\/li>\n<li><strong>Bolbec :\u00a0<\/strong>vide-greniers de l\u2019Agire 76, 6 rue Louise-Michel, de 7h \u00e0 18h. Entre 100 et 200 exposants.<\/li>\n<li><strong>Canteleu :\u00a0<\/strong>foire \u00e0 tout, place d\u2019Armes, de 7h \u00e0 18h. Entre 50 et 100 exposants.<\/li>\n<li><strong>Cideville :\u00a0<\/strong>foire \u00e0 tout sur la pelouse de la salle Voltaire, de 8h \u00e0 18h. Moins de 50 exposants.<\/li>\n<li><strong>Criquetot-sur-Ouville :\u00a0<\/strong>foire \u00e0 tout autour de la salle des f\u00eates, de 7h \u00e0 17h. Entre 50 et 100 participants.<\/li>\n<li><strong>Dieppe :\u00a0<\/strong>foire \u00e0 tout de l\u2019Ifcass, 119 avenue des Canadiens, de 8h \u00e0 18h. Entre 50 et 100 exposants.<\/li>\n<\/ul>\n<p>Vid\u00e9os : en ce moment sur Actu<\/p>\n<ul class=\" wall-content\">\n<li><strong>Doudeville :\u00a0<\/strong>vide-greniers, place de la Mairie, de 7h30 \u00e0 17h. Entre 50 et 100 exposants.<\/li>\n<li><strong>\u00c9crainville :\u00a0<\/strong>vide-greniers au stade de football, de 8h \u00e0 17h. Entre 50 et 100 exposants. Entr\u00e9e \u00e0 1 euro.<\/li>\n<li><strong>F\u00e9camp :\u00a0<\/strong>vide-greniers, salle Jean-Bouin, de 8h \u00e0 18h. Moins de 50 exposants. Entr\u00e9e \u00e0 1 euro.<\/li>\n<li><strong>Fontaine-le-Bourg :\u00a0<\/strong>vide-greniers au city stade, de 6h \u00e0 17h. Entre 50 et 100 exposants.<\/li>\n<li><strong>Gonfreville-Caillot :\u00a0<\/strong>vide-greniers, 196 route de Goderville, de 8h \u00e0 18h. Entre 50 et 100 exposants. Entr\u00e9e \u00e0 1 euro.<\/li>\n<li><strong>Gonneville-la-Mallet :\u00a0<\/strong>grand vide-greniers, place Guy-de-Maupassant, de 8h \u00e0 17h. Entre 200 et 300 exposants. Entr\u00e9e \u00e0 1 euro.<\/li>\n<li><strong>Le Havre :\u00a0<\/strong>vide-greniers, \u00e9cole Massillon, de 8h \u00e0 18h. Entre 50 et 100 exposants. Entr\u00e9e \u00e0 1 euro.<\/li>\n<li><strong>Le Havre :\u00a0<\/strong>vide-greniers de l\u2019\u00e9cole la Mailleraye, de 8h \u00e0 17h. Entre 50 et 100 exposants. Entr\u00e9e \u00e0 1 euro.<\/li>\n<li><strong>Le Havre :\u00a0<\/strong>vide-greniers de l\u2019\u00e9cole Paul-Bert, de 7h30 \u00e0 18h. Entre 50 et 100 exposants. Entr\u00e9e \u00e0 1 euro.<\/li>\n<li><strong>Le Havre :<\/strong> vide-greniers de l\u2019\u00e9cole Raspail, de 9h \u00e0 16h. Moins de 50 exposants. Entr\u00e9e \u00e0 1 euro.<\/li>\n<li><strong>Le Havre :\u00a0<\/strong>vide-greniers de l\u2019\u00e9cole Saint-Nicolas, de 8h \u00e0 18h. Entre 50 et 100 exposants. Entr\u00e9e \u00e0 1 euro.<\/li>\n<\/ul>\n<ul class=\" wall-content\">\n<li><strong>Le Havre :\u00a0<\/strong>vide-greniers de l\u2019\u00e9cole Paul-\u00c9luard, de 8h \u00e0 17h. Entre 50 et 100 exposants. Entr\u00e9e \u00e0 1 euro.<\/li>\n<li><strong>Le Havre :\u00a0<\/strong>vide-greniers, salle des f\u00eates Franklin, de 7h30 \u00e0 17h30. Entre 100 et 200 exposants. Entr\u00e9e \u00e0 1 euro.<\/li>\n<li><strong>Le Mesnil-sous-Jumi\u00e8ges :\u00a0<\/strong>foire \u00e0 tout, place Joseph-Lefevre, de 8h \u00e0 18h. Environ 50 exposants.<\/li>\n<li><strong>Molagnies :\u00a0<\/strong>foire \u00e0 tout, impasse de la Forge, de 7h \u00e0 18h. Moins de 50 exposants.<\/li>\n<li><strong>Montivilliers :\u00a0<\/strong>foire \u00e0 tout de l\u2019APEEL, \u00e9cole Victor-Hugo, de 8h \u00e0 17h. Entre 50 et 100 exposants.<\/li>\n<li><strong>Oissel :\u00a0<\/strong>foire \u00e0 tout sur la plaine des Landaus, rue Pierre-S\u00e9mard, de 6h \u00e0 17h. Entre 200 et 300 exposants.<\/li>\n<li><strong>Ouainville :\u00a0<\/strong>vide-greniers, stade, de 6h30 \u00e0 18h. Entre 50 et 100 exposants. Entr\u00e9e \u00e0 1 euro.<\/li>\n<li><strong>Rives-en-Seine :\u00a0<\/strong>vide-greniers, vall\u00e9e de la Fontenelle, de 7h30 \u00e0 17h30. Entre 50 et 100 exposants.<\/li>\n<li><strong>Rouen :\u00a0<\/strong>vide-greniers des sapeurs-pompiers, quais rive droite, de 8h \u00e0 17h30. Entre 200 et 300 exposants.<\/li>\n<li><strong>Rouxmesnil-Bouteilles :<\/strong> vide-greniers, terrain de football am\u00e9ricain, de 6h \u00e0 18h. Entre 100 et 200 exposants.<\/li>\n<li><strong>Saint-Aubin-\u00c9pinay : <\/strong>vide-greniers, centre culturel, de 8h \u00e0 18h. Entre 50 et 100 exposants.<\/li>\n<li><strong>Saint-Aubin-l\u00e8s-Elbeuf :\u00a0<\/strong>vide-greniers de l\u2019\u00e9cole Malraux, de 8h \u00e0 17h. Moins de 50 exposants.<\/li>\n<li><strong>Saint-Jean-de-Folleville :\u00a0<\/strong>vide-greniers, de 7h \u00e0 18h. Entre 50 et 100 exposants. Entr\u00e9e \u00e0 1 euro.<\/li>\n<li><strong>Saint-Jean-du-Cardonnay :\u00a0<\/strong>foire \u00e0 tout, place de la mairie, de 7h \u00e0 18h. Entre 100 et 200 exposants.<\/li>\n<\/ul>\n<ul class=\" wall-content\">\n<li><strong>Saint-Martin-du-Vivier :\u00a0<\/strong>foire \u00e0 tout, parking de la mairie, de 7h30 \u00e0 18h. Entre 50 et 100 exposants.<\/li>\n<li><strong>Saint-Valery-en-Caux :\u00a0<\/strong>foire \u00e0 tout et march\u00e9 artisanal, parc de la Gare, de 8h \u00e0 18h. Entre 50 et 100 exposants.<\/li>\n<li><strong>Sainte-Colombe :\u00a0<\/strong>vide-greniers, grand rue, de 7h \u00e0 17h30. Entre 50 et 100 exposants.<\/li>\n<li><strong>Sainte-H\u00e9l\u00e8ne-Bondeville :\u00a0<\/strong>vide-greniers au gymnase, de 8h \u00e0 18h. Moins de 50 exposants. Entr\u00e9e \u00e0 1 euro.<\/li>\n<li><strong>Servaville-Salmonville :\u00a0<\/strong>vide-greniers \u00e0 la salle polyvalente, de 7h30 \u00e0 18h. Moins de 50 exposants.<\/li>\n<li><strong>Sotteville-l\u00e8s-Rouen :\u00a0<\/strong>foire \u00e0 tout dans le parc du CHR, de 8h \u00e0 18h. Entre 100 et 200 exposants.<\/li>\n<li><strong>Tancarville :\u00a0<\/strong>vide-greniers, place de l\u2019\u00e9glise et route de Saint-Romain, de 8h \u00e0 17h30. Entre 100 et 200 exposants. Entr\u00e9e \u00e0 1 euro.<\/li>\n<li><strong>Torcy-le-Grand :\u00a0<\/strong>foire aux puces dans le village, de 6h \u00e0 18h. Plus de 300 exposants.<\/li>\n<li><strong>Tourville-la-Rivi\u00e8re :\u00a0<\/strong>foire \u00e0 tout et march\u00e9 artisanal \u00e0 la salle des f\u00eates de B\u00e9danne, de 8h30 \u00e0 17h30. Moins de 50 exposants.<\/li>\n<li><strong>Tourville-les-Ifs :\u00a0<\/strong>vide-greniers \u00e0 la salle des f\u00eates, de 8h \u00e0 17h. Moins de 50 exposants. Entr\u00e9e \u00e0 1 euro.<\/li>\n<li><strong>Val-de-Sa\u00e2ne : <\/strong>foire \u00e0 tout du foyer rural, 3 place Jehan-le-Povremoyne, de 8h \u00e0 18h. Entre 50 et 100 exposants.<\/li>\n<li><strong>Yvecrique :\u00a0<\/strong>foire \u00e0 tout, salle des f\u00eates, de 8h \u00e0 18h.<\/li>\n<\/ul>\n<p>Vous souhaitez annoncer un \u00e9v\u00e9nement festif ou associatif, une initiative locale ? Rendez-vous sur notre plateforme <a href=\"https:\/\/www.infolocale.fr\/decouvrir\/actu\/\" rel=\"nofollow noopener\" target=\"_blank\">Infolocale<\/a>.<\/p>\n<p class=\" wall-content\">Suivez toute l\u2019actualit\u00e9 de vos villes et m\u00e9dias favoris en vous inscrivant \u00e0 <a href=\"https:\/\/moncompte.actu.fr\" title=\"D\u00e9couvez Mon Actu\" rel=\"nofollow noopener\" data-trk=\"{&quot;cta&quot;:{&quot;action&quot;:&quot;https:\\\/\\\/moncompte.actu.fr&quot;,&quot;category&quot;:&quot;mon compte&quot;,&quot;from&quot;:&quot;article footer&quot;,&quot;name&quot;:&quot;Mon actu&quot;,&quot;type&quot;:&quot;cta&quot;}}\" target=\"_blank\">Mon Actu<\/a>.<\/p>\n","protected":false},"excerpt":{"rendered":"Par Julien Bouteiller Publi\u00e9 le 16 mai 2025 \u00e0 20h14 Il y aura de quoi faire de bonnes&hellip;\n","protected":false},"author":2,"featured_media":105053,"comment_status":"","ping_status":"","sticky":false,"template":"","format":"standard","meta":{"footnotes":""},"categories":[9587],"tags":[1111,11,6961,1777,674,10087,1011,27,1652,12,5161,25,9590,3365],"class_list":{"0":"post-105052","1":"post","2":"type-post","3":"status-publish","4":"format-standard","5":"has-post-thumbnail","7":"category-rouen","8":"tag-actu","9":"tag-actualites","10":"tag-brocante","11":"tag-eu","12":"tag-europe","13":"tag-foires-a-tout","14":"tag-fr","15":"tag-france","16":"tag-loisirs-culture","17":"tag-news","18":"tag-normandie","19":"tag-republique-francaise","20":"tag-rouen","21":"tag-vide-greniers"},"share_on_mastodon":{"url":"https:\/\/pubeurope.com\/@fr\/114518930539473634","error":""},"_links":{"self":[{"href":"https:\/\/www.europesays.com\/fr\/wp-json\/wp\/v2\/posts\/105052","targetHints":{"allow":["GET"]}}],"collection":[{"href":"https:\/\/www.europesays.com\/fr\/wp-json\/wp\/v2\/posts"}],"about":[{"href":"https:\/\/www.europesays.com\/fr\/wp-json\/wp\/v2\/types\/post"}],"author":[{"embeddable":true,"href":"https:\/\/www.europesays.com\/fr\/wp-json\/wp\/v2\/users\/2"}],"replies":[{"embeddable":true,"href":"https:\/\/www.europesays.com\/fr\/wp-json\/wp\/v2\/comments?post=105052"}],"version-history":[{"count":0,"href":"https:\/\/www.europesays.com\/fr\/wp-json\/wp\/v2\/posts\/105052\/revisions"}],"wp:featuredmedia":[{"embeddable":true,"href":"https:\/\/www.europesays.com\/fr\/wp-json\/wp\/v2\/media\/105053"}],"wp:attachment":[{"href":"https:\/\/www.europesays.com\/fr\/wp-json\/wp\/v2\/media?parent=105052"}],"wp:term":[{"taxonomy":"category","embeddable":true,"href":"https:\/\/www.europesays.com\/fr\/wp-json\/wp\/v2\/categories?post=105052"},{"taxonomy":"post_tag","embeddable":true,"href":"https:\/\/www.europesays.com\/fr\/wp-json\/wp\/v2\/tags?post=105052"}],"curies":[{"name":"wp","href":"https:\/\/api.w.org\/{rel}","templated":true}]}}