{"id":105065,"date":"2025-05-16T18:36:11","date_gmt":"2025-05-16T18:36:11","guid":{"rendered":"https:\/\/www.europesays.com\/fr\/105065\/"},"modified":"2025-05-16T18:36:11","modified_gmt":"2025-05-16T18:36:11","slug":"election-batonnat-de-nice-2026-2027-cedric-porteron-rassembler-sans","status":"publish","type":"post","link":"https:\/\/www.europesays.com\/fr\/105065\/","title":{"rendered":"\u00c9lection b\u00e2tonnat de Nice 2026-2027 : C\u00e9dric Porteron, \u00ab rassembler sans (\u2026)"},"content":{"rendered":"<p>                    <img loading=\"lazy\" decoding=\"async\" src=\"https:\/\/www.europesays.com\/fr\/wp-content\/uploads\/2025\/05\/1c9040c7543ff2b84190ca0552823f.png\" class=\"img-responsive post-image\" width=\"680\" height=\"510\" alt=\"\u00c9lection b\u00e2tonnat de (\u2026)\" title=\"\u00c9lection b\u00e2tonnat de Nice 2026-2027 : C\u00e9dric Porteron, \u00ab rassembler sans uniformiser \u00bb\"\/><\/p>\n<p class=\"chapo\">Avocat depuis 2003, C\u00e9dric Porteron a fait le choix de se lancer seul dans l\u2019\u00e9lection pour le prochain b\u00e2tonnat. Avec une vision claire, qui repose sur quatre axes, la formation en t\u00eate.<\/p>\n<p>                    Pourquoi souhaitez vous \u00eatre b\u00e2tonnier et pourquoi ce choix de vous pr\u00e9senter seul\u00a0?<\/p>\n<p><strong>Me C\u00e9dric Porteron\u00a0:<\/strong> D\u00e8s que j\u2019ai pr\u00eat\u00e9 serment, j\u2019ai souhait\u00e9 m\u2019investir au service de tous les confr\u00e8res. Je l\u2019ai fait naturellement. Toutes mes missions au conseil de l\u2019Ordre et \u00e0 la CARPA (Caisse des r\u00e8glements p\u00e9cuniaires des avocats) m\u2019ont permis de prendre conscience, au-del\u00e0 de ma pratique professionnelle, de ce que beaucoup de confr\u00e8res vivent, voire subissent. J\u2019ai une id\u00e9e en t\u00eate\u00a0: mettre de la synergie dans nos solitudes et rassembler sans uniformiser. Pourquoi seul\u00a0? Il est vrai que, depuis huit ans, il existe dans notre barreau une pratique qui consiste \u00e0 avoir des candidatures en bin\u00f4mes. Cela \u00e9tant, notre profession est r\u00e9gie par des textes et ces textes donnent lieu \u00e0 une multiplicit\u00e9 de pratiques\u00a0: un homme et une femme, une femme et un homme, deux femmes, deux hommes ou un homme ou une femme, comme cela se voit dans d\u2019autres barreaux. Mais la pratique ne doit pas faire oublier la r\u00e8gle\u00a0: il n\u2019existe qu\u2019une seule t\u00eate. Le vice-b\u00e2tonnier est juridiquement un d\u00e9l\u00e9gataire. Je souhaite un b\u00e2tonnier fort, ce qui ne veut aucunement dire un b\u00e2tonnier solitaire, mais au contraire avec des d\u00e9l\u00e9gataires. \u00catre seul dans sa candidature ce n\u2019est pas \u00eatre solitaire dans son exercice. J\u2019aspire \u00e0 \u00eatre un b\u00e2tonnier fort et entour\u00e9. Je b\u00e9n\u00e9ficie d\u2019une \u00e9quipe \u00e0 mon cabinet. Je b\u00e9n\u00e9ficierai d\u2019une \u00e9quipe de d\u00e9l\u00e9gataires comme l\u2019autorise le texte. L\u2019exercice de l\u2019autorit\u00e9, \u00e0 mon sens, implique l\u2019unit\u00e9. Mais elle n\u2019exclut pas, loin de l\u00e0, le travail en \u00e9quipe.<\/p>\n<p>Quelles sont les grandes lignes de votre candidature\u00a0?<\/p>\n<p>\t\t<img loading=\"lazy\" decoding=\"async\" src=\"https:\/\/www.europesays.com\/fr\/wp-content\/uploads\/2025\/05\/design_sans_titre-10.png\" width=\"413\" height=\"509\" alt=\"\"\/><\/p>\n<p>\u00a9DR\n<\/p>\n<p><strong>Me C\u00e9dric Porteron\u00a0:<\/strong> Elle repose sur quatre\u00a0axes\u00a0: <strong>se former, former et toujours se former\u00a0; prendre soin, par la solidarit\u00e9 et l\u2019entraide\u00a0; continuer de cr\u00e9er du lien et b\u00e2tir la confiance\u00a0; et un ordre fort, des institutions plus ouvertes, un travail mieux per\u00e7u, dans une d\u00e9marche participative. <\/strong> Je pense que les mesures concr\u00e8tes doivent se rattacher \u00e0 des id\u00e9es phares et ce sont ces quatre axes que je souhaite, modestement, d\u00e9fendre. Il y a \u00e0 mon sens la n\u00e9cessit\u00e9 de former les jeunes confr\u00e8res \u00e0 l\u2019entrepreneuriat. Je souhaite qu\u2019ils aient \u00e9galement une formation sur la vie ordinale. D\u2019une mani\u00e8re g\u00e9n\u00e9rale, je pense qu\u2019il faut diversifier notre formation, avec de nouveaux partenaires, avec de nouveaux intervenants. La formation n\u2019est pas une option. Elle nous est consubstantielle, sinon nous disparaissons. Et il y a un th\u00e8me majeur, celui de l\u2019intelligence artificielle, sur lequel il nous faudra localement sensibiliser et cr\u00e9er une culture commune. Pour le deuxi\u00e8me point, le fait de prendre soin par la solidarit\u00e9 et l\u2019entraide, il faut renforcer l\u2019existant et faire attention \u00e0 l\u2019isolement. Je souhaiterais cr\u00e9er une commission maternit\u00e9, paternit\u00e9 et petite enfance pour faciliter l\u2019exercice professionnel de nos cons\u0153urs, pendant la grossesse et le cong\u00e9 maternit\u00e9, et de nos confr\u00e8res, pendant le cong\u00e9 paternit\u00e9. Troisi\u00e8me axe\u00a0: continuer de cr\u00e9er du lien, en d\u00e9veloppant des activit\u00e9s culturelles, dans des lieux de rencontre, afin de cr\u00e9er une dynamique d\u2019\u00e9changes. Quatri\u00e8me point\u00a0: partant du principe que l\u2019Ordre est au service des confr\u00e8res, il ne faut pas qu\u2019il soit v\u00e9cu comme un frein et je pense qu\u2019il faut fluidifier l\u2019acc\u00e8s aux services. Nous avons un site qui est d\u00e9j\u00e0 en cours de refonte mais il ne faudra jamais cesser de l\u2019am\u00e9liorer. Il doit \u00eatre pour nous une source d\u2019informations\u00a0: des num\u00e9ros, des adresses mail, des mod\u00e8les, des rapports\u2026 Pour faire en sorte que l\u2019Ordre ne soit pas per\u00e7u comme lointain, un certain nombre d\u2019informations doit \u00eatre port\u00e9 \u00e0 la connaissance de nos confr\u00e8res, comme la teneur d\u2019une partie des proc\u00e8s-verbaux mais aussi le travail important r\u00e9alis\u00e9 dans les commissions.<\/p>\n<p>Est-ce que certaines difficult\u00e9s rencontr\u00e9es par vos confr\u00e8res vous ont marqu\u00e9 plus que d\u2019autres\u00a0?<\/p>\n<p><strong>Me C\u00e9dric Porteron\u00a0:<\/strong> Ce qui m\u2019a marqu\u00e9 dans les discussions c\u2019est la mani\u00e8re dont l\u2019Ordre est per\u00e7u. Les avocats rejettent, par nature, l\u2019autorit\u00e9. En m\u00eame temps, leur solitude ne peut \u00eatre v\u00e9cue que dans le rassemblement. Et la difficult\u00e9 est souhait\u00e9e\u00a0: si tout le monde \u00e9tait d\u2019accord, nous ne serions pas avocats. L\u2019autre chose qui m\u2019a marqu\u00e9, en termes d\u2019\u00e9tendue, c\u2019est la fatigue, ou le d\u00e9pit, que l\u2019on peut rencontrer chez bon nombre de confr\u00e8res. Ce sont les difficult\u00e9s du quotidien, c\u2019est Sisyphe\u00a0: l\u2019ordinateur et le RPVA (R\u00e9seau priv\u00e9 virtuel des avocats), le guichet unique, qui dysfonctionnent, les audiences \u00e0 rallonge, les copies de dossiers qui mettent du temps \u00e0 arriver, les renvois qui sont subis ou qui sont refus\u00e9s\u2026 Tout ce qui fait obstacle \u00e0 l\u2019exercice du m\u00e9tier, \u00e0 la d\u00e9fense, au conseil. Et cela peut g\u00e9n\u00e9rer de l\u2019anxi\u00e9t\u00e9. Les avocats sont un r\u00e9ceptacle. Les clients viennent chercher chez nous de la r\u00e9assurance, une solution, une rapidit\u00e9, une compr\u00e9hension par rapport \u00e0 un jugement. Tout cela dans une soci\u00e9t\u00e9 qui a disjoint plus que reli\u00e9. Nous tentons de remettre du lien. Mon id\u00e9e est d\u2019\u00eatre un facilitateur. Et d\u2019arriver \u00e0 introduire la nuance.<\/p>\n<p>Comment vous est venue l\u2019id\u00e9e du carnet de campagne\u00a0sur les r\u00e9seaux sociaux\u00a0?<\/p>\n<p><strong>Me C\u00e9dric Porteron\u00a0:<\/strong> J\u2019aurais tendance \u00e0 dire que l\u2019id\u00e9e m\u2019est venue par nature. J\u2019ai une pr\u00e9disposition \u00e0 l\u2019\u00e9coute, naturelle. Avant d\u2019essayer de trouver une solution \u00e0 quelque probl\u00e8me que ce soit, je demande \u00e0 ce qu\u2019on me l\u2019expose. Et donc il est n\u00e9cessaire de rencontrer les gens. S\u2019est ajout\u00e9 \u00e0 cela le fait que mes enfants m\u2019ont dit\u00a0: \u00ab\u00a0Pourquoi ne ferais-tu pas un journal de campagne\u00a0?\u00a0\u00bb. Je me suis dit qu\u2019un journal de campagne \u00e9tait aussi un journal de vie. Cela oblige \u00e0 une r\u00e9gularit\u00e9 et \u00e0 approfondir sa r\u00e9flexion.<\/p>\n<p><strong>Propos recueillis par S\u00e9bastien GUIN\u00c9<\/strong><\/p>\n","protected":false},"excerpt":{"rendered":"Avocat depuis 2003, C\u00e9dric Porteron a fait le choix de se lancer seul dans l\u2019\u00e9lection pour le prochain&hellip;\n","protected":false},"author":2,"featured_media":105066,"comment_status":"","ping_status":"","sticky":false,"template":"","format":"standard","meta":{"footnotes":""},"categories":[2819],"tags":[1111,11,2408,1777,674,1011,27,12,2401,882,25],"class_list":{"0":"post-105065","1":"post","2":"type-post","3":"status-publish","4":"format-standard","5":"has-post-thumbnail","7":"category-nice","8":"tag-actu","9":"tag-actualites","10":"tag-appels-d","11":"tag-eu","12":"tag-europe","13":"tag-fr","14":"tag-france","15":"tag-news","16":"tag-nice","17":"tag-provence-alpes-cote-dazur","18":"tag-republique-francaise"},"share_on_mastodon":{"url":"https:\/\/pubeurope.com\/@fr\/114518962049340464","error":""},"_links":{"self":[{"href":"https:\/\/www.europesays.com\/fr\/wp-json\/wp\/v2\/posts\/105065","targetHints":{"allow":["GET"]}}],"collection":[{"href":"https:\/\/www.europesays.com\/fr\/wp-json\/wp\/v2\/posts"}],"about":[{"href":"https:\/\/www.europesays.com\/fr\/wp-json\/wp\/v2\/types\/post"}],"author":[{"embeddable":true,"href":"https:\/\/www.europesays.com\/fr\/wp-json\/wp\/v2\/users\/2"}],"replies":[{"embeddable":true,"href":"https:\/\/www.europesays.com\/fr\/wp-json\/wp\/v2\/comments?post=105065"}],"version-history":[{"count":0,"href":"https:\/\/www.europesays.com\/fr\/wp-json\/wp\/v2\/posts\/105065\/revisions"}],"wp:featuredmedia":[{"embeddable":true,"href":"https:\/\/www.europesays.com\/fr\/wp-json\/wp\/v2\/media\/105066"}],"wp:attachment":[{"href":"https:\/\/www.europesays.com\/fr\/wp-json\/wp\/v2\/media?parent=105065"}],"wp:term":[{"taxonomy":"category","embeddable":true,"href":"https:\/\/www.europesays.com\/fr\/wp-json\/wp\/v2\/categories?post=105065"},{"taxonomy":"post_tag","embeddable":true,"href":"https:\/\/www.europesays.com\/fr\/wp-json\/wp\/v2\/tags?post=105065"}],"curies":[{"name":"wp","href":"https:\/\/api.w.org\/{rel}","templated":true}]}}