{"id":1050782,"date":"2026-07-08T06:33:23","date_gmt":"2026-07-08T06:33:23","guid":{"rendered":"https:\/\/www.europesays.com\/fr\/1050782\/"},"modified":"2026-07-08T06:33:23","modified_gmt":"2026-07-08T06:33:23","slug":"evil-dead-burn-un-sixieme-volet-jouissif-et-feministe","status":"publish","type":"post","link":"https:\/\/www.europesays.com\/fr\/1050782\/","title":{"rendered":"\u201cEvil Dead Burn\u201d, un sixi\u00e8me volet jouissif et f\u00e9ministe"},"content":{"rendered":"<p>La franchise cr\u00e9\u00e9e par Sam Raimi est de retour avec un sixi\u00e8me long m\u00e9trage, mais cette fois-ci, le film est r\u00e9alis\u00e9 par le Fran\u00e7ais S\u00e9bastien Vani\u010dek (Vermines). <\/p>\n<p>Pour la premi\u00e8re fois depuis sa cr\u00e9ation, la saga Evil Dead tourne en rond. L\u2019esth\u00e9tique \u00e0 la fois crade et stylis\u00e9e, les motifs, lieux et m\u00e9caniques narratives (la maison isol\u00e9e, le lac, la tron\u00e7onneuse) sont ressass\u00e9s jusqu\u2019\u00e0 l\u2019\u00e9puisement, et ce sans jamais retrouver le niveau de malice, de g\u00e9n\u00e9rosit\u00e9 et d\u2019intensit\u00e9 du film de 2013. Reste que S\u00e9bastien Vani\u010dek a bien fait son travail. Si sa mise en sc\u00e8ne confond parfois nervosit\u00e9 et pr\u00e9cipitation, elle emballe tout de m\u00eame avec brio une poign\u00e9e de sc\u00e8nes m\u00e9chamment r\u00e9jouissantes (celles de la voiture, de la salle de bain, de la chemin\u00e9e).<\/p>\n<p>Aussi, <a href=\"https:\/\/www.lesinrocks.com\/cinema\/bande-annonce-evil-dead-burn-sera-cauchemardesque-dapres-les-nouvelles-images-695092-06-05-2026\/\" rel=\"nofollow noopener\" target=\"_blank\">Evil Dead Burn <\/a>est un bien bel \u00e9crin pour son actrice principale, Souheila Yacoub, qui enflamme le film de son \u00e9nergie. Elle incarne \u00e0 merveille cette survivante \u00e0 la fois puissante et caboss\u00e9e, \u00e9prouv\u00e9e par l\u2019injonction \u00e0 faire famille alors qu\u2019elle a \u00e9t\u00e9 victime de violences conjugales. Evil Dead Burn raconte quelque chose de fort sur la difficult\u00e9 d\u2019exister comme femme dans un foyer autrement qu\u2019en tant que compagne, m\u00e8re et\/ou grand-m\u00e8re : la famille comme terreau fertile du patriarcat.<\/p>\n<p><strong>Evil Dead Burn de S\u00e9bastien Vani\u010dek avec Souheila Yacoub, Hunter Doohan, Luciane Buchan \u2013 En salle le 8 juillet <\/strong><\/p><\/p>\n","protected":false},"excerpt":{"rendered":"La franchise cr\u00e9\u00e9e par Sam Raimi est de retour avec un sixi\u00e8me long m\u00e9trage, mais cette fois-ci, le&hellip;\n","protected":false},"author":2,"featured_media":1050783,"comment_status":"","ping_status":"","sticky":false,"template":"","format":"standard","meta":{"footnotes":"","_share_on_mastodon":"0"},"categories":[1354],"tags":[8716,58,59,1346,1011,27,1360],"class_list":["post-1050782","post","type-post","status-publish","format-standard","has-post-thumbnail","category-films","tag-cafeyn","tag-divertissement","tag-entertainment","tag-films","tag-fr","tag-france","tag-movies"],"share_on_mastodon":{"url":"https:\/\/pubeurope.com\/@fr\/116882965164803246","error":""},"_links":{"self":[{"href":"https:\/\/www.europesays.com\/fr\/wp-json\/wp\/v2\/posts\/1050782","targetHints":{"allow":["GET"]}}],"collection":[{"href":"https:\/\/www.europesays.com\/fr\/wp-json\/wp\/v2\/posts"}],"about":[{"href":"https:\/\/www.europesays.com\/fr\/wp-json\/wp\/v2\/types\/post"}],"author":[{"embeddable":true,"href":"https:\/\/www.europesays.com\/fr\/wp-json\/wp\/v2\/users\/2"}],"replies":[{"embeddable":true,"href":"https:\/\/www.europesays.com\/fr\/wp-json\/wp\/v2\/comments?post=1050782"}],"version-history":[{"count":0,"href":"https:\/\/www.europesays.com\/fr\/wp-json\/wp\/v2\/posts\/1050782\/revisions"}],"wp:featuredmedia":[{"embeddable":true,"href":"https:\/\/www.europesays.com\/fr\/wp-json\/wp\/v2\/media\/1050783"}],"wp:attachment":[{"href":"https:\/\/www.europesays.com\/fr\/wp-json\/wp\/v2\/media?parent=1050782"}],"wp:term":[{"taxonomy":"category","embeddable":true,"href":"https:\/\/www.europesays.com\/fr\/wp-json\/wp\/v2\/categories?post=1050782"},{"taxonomy":"post_tag","embeddable":true,"href":"https:\/\/www.europesays.com\/fr\/wp-json\/wp\/v2\/tags?post=1050782"}],"curies":[{"name":"wp","href":"https:\/\/api.w.org\/{rel}","templated":true}]}}